{"id":363521,"date":"2025-09-03T15:15:17","date_gmt":"2025-09-03T15:15:17","guid":{"rendered":"https:\/\/www.europesays.com\/fr\/363521\/"},"modified":"2025-09-03T15:15:17","modified_gmt":"2025-09-03T15:15:17","slug":"le-point-sur-les-travaux-dete-dans-les-ecoles-de-bordeaux","status":"publish","type":"post","link":"https:\/\/www.europesays.com\/fr\/363521\/","title":{"rendered":"Le point sur les travaux d&rsquo;\u00e9t\u00e9 dans les \u00e9coles de Bordeaux"},"content":{"rendered":"<p>Afin d\u2019offrir aux \u00e9coliers et parents une rentr\u00e9e dans la s\u00e9r\u00e9nit\u00e9, de nombreux chantiers d\u2019am\u00e9nagements dans les \u00e9tablissements scolaires ont \u00e9t\u00e9 conduits cet \u00e9t\u00e9. Parmi ces op\u00e9rations : la poursuite du programme de d\u00e9ploiement des cours buissonni\u00e8res.<\/p>\n<p>                La rentr\u00e9e 2025 \u00e0 Bordeaux<\/p>\n<ul>\n<li>16950 \u00e9l\u00e8ves dans les \u00e9coles publiques bordelaises.<\/li>\n<li>119 \u00e9coles publiques.<\/li>\n<li>11 nouvelles cours buissonni\u00e8res ouvertes pour cette rentr\u00e9e (47 cours v\u00e9g\u00e9talis\u00e9es au total).<\/li>\n<\/ul>\n<p>Avec 18,3 millions qui leur sont consacr\u00e9s d&rsquo;ici 2031, les cours buissonni\u00e8res vont continuer de transformer les \u00e9coles afin de les rendre plus v\u00e9g\u00e9tales, inclusives et agr\u00e9ables. La biodiversit\u00e9 y prend toute sa place au d\u00e9triment des surfaces bitum\u00e9es, offrant ainsi des opportunit\u00e9s p\u00e9dagogiques nouvelles.\u00a0<\/p>\n<p>\t<a class=\"lightbox-image\" role=\"button\" data-lightbox-conf=\"media__image__field_media_image__body_3_2_lb\" data-lightbox-group=\"tobii--JMPGWA\" href=\"https:\/\/www.bordeaux.fr\/sites\/bor-bdxfr-drupal\/files\/styles\/3_2_1620x1080\/public\/2025-08\/Cheminement-Ext-cour-EE-D.Johnston-bordeaux2.jpg.webp?itok=ikTEuTgd\" data- data-><\/p>\n<p>                  <img decoding=\"async\" loading=\"lazy\" width=\"621\" height=\"414\" src=\"https:\/\/www.europesays.com\/fr\/wp-content\/uploads\/2025\/08\/Cheminement-Ext-cour-EE-D.Johnston-bordeaux2.jpg.webp\" alt=\"Photo de l'am\u00e9nagement de la cour de l'\u00e9cole Johnston \u00e0 Bordeaux\" class=\"img-fluid\"\/><\/p>\n<p><\/a><\/p>\n<p>            La cour de l\u2019\u00e9cole Johnston \u00e0 Bordeaux, transform\u00e9e en un espace ludique et v\u00e9g\u00e9talis\u00e9 durant l\u2019\u00e9t\u00e9 2025.             \u00a9 Ville de Bordeaux          <\/p>\n<p>\tUn entretien de rigueur<\/p>\n<p>Les enfants d\u00e9sertant les couloirs et cours durant deux mois, l\u2019\u00e9t\u00e9 permet de proc\u00e9der \u00e0 des op\u00e9rations d\u2019entretien plus lourdes qu\u2019\u00e0 l\u2019accoutum\u00e9e. Plusieurs types d\u2019interventions sont r\u00e9alis\u00e9es\u00a0:<\/p>\n<ul>\n<li>Autour de la r\u00e9novation \u00e9nerg\u00e9tique des b\u00e2timents\u00a0: isolation, menuiseries, luminaires LED.<br \/>En 2025, deux \u00e9coles ont \u00e9t\u00e9 raccord\u00e9es au r\u00e9seau de chaleur urbain afin de renforcer la ma\u00eetrise des co\u00fbts et r\u00e9duire les \u00e9missions de gaz \u00e0 effet de serre.<\/li>\n<li>Am\u00e9lioration du confort\u00a0: peinture, films solaires, stores et volets.<\/li>\n<li>S\u00e9curit\u00e9\u00a0: remplacement des alarmes incendie, dispositifs de contr\u00f4le d\u2019acc\u00e8s.<\/li>\n<\/ul>\n<p>Une centaine de chantiers a \u00e9t\u00e9 men\u00e9e durant l\u2019\u00e9t\u00e9. 12 \u00e9coles ont fait notamment l\u2019objet d\u2019une mise en accessibilit\u00e9 destin\u00e9e aux personnes \u00e0 mobilit\u00e9 r\u00e9duite.<\/p>\n<p>\tTrois projets embl\u00e9matiques vont aboutir<\/p>\n<ul>\n<li>\n<p>Dans le quartier Caud\u00e9ran, l\u2019\u00e9cole Jean Cocteau va devenir un v\u00e9ritable groupe scolaire unifi\u00e9. Jusque-l\u00e0 dispatch\u00e9e dans trois b\u00e2timents distincts, l\u2019\u00e9cole \u00e9l\u00e9mentaire va \u00eatre rassembl\u00e9e dans une autre structure, limitrophe de la maternelle.\u00a0<\/p>\n<p>Dix classes, une salle polyvalente et des locaux p\u00e9riscolaires sont construits. L\u2019\u00e9tablissement int\u00e8gre le programme des cours buissonni\u00e8res (+50\u00a0% de surfaces d\u00e9sormais perm\u00e9ables), et conna\u00eetra une am\u00e9lioration de sa performance \u00e9nerg\u00e9tique et environnementale. La toiture sera couverte de panneaux photovolta\u00efques, mais aussi v\u00e9g\u00e9talis\u00e9e. Le terme des travaux est programm\u00e9 pour la fin 2025.<\/p>\n<\/li>\n<\/ul>\n<ul>\n<li>\n<p>Aux Chartrons, le groupe scolaire Stendhal b\u00e9n\u00e9ficie d\u2019une cour buissonni\u00e8re. Les cours des maternelles et \u00e9l\u00e9mentaires ont \u00e9t\u00e9 unifi\u00e9es. Plus de la moiti\u00e9 de leur surface a \u00e9t\u00e9 d\u00e9simperm\u00e9abilis\u00e9e et six arbres plant\u00e9s.\u00a0<\/p>\n<p>De nouveaux jeux agr\u00e9mentent \u00e9galement l\u2019espace, ainsi qu\u2019un espace potager, des tables de pique-nique, des circuits de cycles et une nouvelle entr\u00e9e pi\u00e9tonne pour les maternelles.<\/p>\n<\/li>\n<\/ul>\n<p>\t<a class=\"lightbox-image\" role=\"button\" data-lightbox-conf=\"media__image__field_media_image__body_3_2_lb\" data-lightbox-group=\"tobii--CG6F7w\" href=\"https:\/\/www.bordeaux.fr\/sites\/bor-bdxfr-drupal\/files\/styles\/3_2_1620x1080\/public\/2025-08\/ecole_stendhal-bordeaux-amenagement_0.jpg.webp?itok=17qcTFGq\" data- data-><\/p>\n<p>                  <img decoding=\"async\" loading=\"lazy\" width=\"621\" height=\"414\" src=\"https:\/\/www.europesays.com\/fr\/wp-content\/uploads\/2025\/08\/ecole_stendhal-bordeaux-amenagement_0.jpg.webp\" alt=\"Une photo de la cour buissonni\u00e8re de l'\u00e9cole Stendhal \u00e0 Bordeaux\" class=\"img-fluid\"\/><\/p>\n<p><\/a><\/p>\n<p>            La cour buissonni\u00e8re de l&rsquo;\u00e9cole Stendhal \u00e0 Bordeaux             \u00a9 T. Sanson \/ Ville de Bordeaux          <\/p>\n<ul>\n<li>Les cr\u00e8ches Chartrons 1 et 2 ont ou vont conna\u00eetre des travaux de mise aux norme \u00e9nerg\u00e9tiques et d\u2019am\u00e9lioration de la qualit\u00e9 de l\u2019air int\u00e9rieur. Chartrons 1 rouvrira ses portes le 15 septembre 2025, Chartrons 2 sera d\u00e9localis\u00e9e pour 6 mois \u00e0 la cr\u00e8che associative du Foyer Fraternel, la Souris verte, d\u00e9but 2026.<\/li>\n<\/ul>\n<p>\tDavantage d\u2019ouvertures de cours le samedi<\/p>\n<p>D\u00e9j\u00e0 exp\u00e9riment\u00e9e depuis plusieurs mois (\u00e9coles Pas Saint-Georges),\u00a0l\u2019ouverture des cours d\u2019\u00e9cole le samedi (9h-18h) concerne d\u00e9sormais l\u2019\u00e9cole Loucheur depuis fin juin, et Anatole France durant cette rentr\u00e9e.\u00a0<\/p>\n<p>Le tissu associatif des quartiers est encourag\u00e9 \u00e0 proposer des animations dans ces cours chaque samedi.<\/p>\n","protected":false},"excerpt":{"rendered":"Afin d\u2019offrir aux \u00e9coliers et parents une rentr\u00e9e dans la s\u00e9r\u00e9nit\u00e9, de nombreux chantiers d\u2019am\u00e9nagements dans les \u00e9tablissements&hellip;\n","protected":false},"author":2,"featured_media":352349,"comment_status":"","ping_status":"","sticky":false,"template":"","format":"standard","meta":{"footnotes":""},"categories":[2817],"tags":[1111,11,1997,1777,674,1011,27,12,2219,25],"class_list":{"0":"post-363521","1":"post","2":"type-post","3":"status-publish","4":"format-standard","5":"has-post-thumbnail","7":"category-bordeaux","8":"tag-actu","9":"tag-actualites","10":"tag-bordeaux","11":"tag-eu","12":"tag-europe","13":"tag-fr","14":"tag-france","15":"tag-news","16":"tag-nouvelle-aquitaine","17":"tag-republique-francaise"},"share_on_mastodon":{"url":"https:\/\/pubeurope.com\/@fr\/115141025878918275","error":""},"_links":{"self":[{"href":"https:\/\/www.europesays.com\/fr\/wp-json\/wp\/v2\/posts\/363521","targetHints":{"allow":["GET"]}}],"collection":[{"href":"https:\/\/www.europesays.com\/fr\/wp-json\/wp\/v2\/posts"}],"about":[{"href":"https:\/\/www.europesays.com\/fr\/wp-json\/wp\/v2\/types\/post"}],"author":[{"embeddable":true,"href":"https:\/\/www.europesays.com\/fr\/wp-json\/wp\/v2\/users\/2"}],"replies":[{"embeddable":true,"href":"https:\/\/www.europesays.com\/fr\/wp-json\/wp\/v2\/comments?post=363521"}],"version-history":[{"count":0,"href":"https:\/\/www.europesays.com\/fr\/wp-json\/wp\/v2\/posts\/363521\/revisions"}],"wp:featuredmedia":[{"embeddable":true,"href":"https:\/\/www.europesays.com\/fr\/wp-json\/wp\/v2\/media\/352349"}],"wp:attachment":[{"href":"https:\/\/www.europesays.com\/fr\/wp-json\/wp\/v2\/media?parent=363521"}],"wp:term":[{"taxonomy":"category","embeddable":true,"href":"https:\/\/www.europesays.com\/fr\/wp-json\/wp\/v2\/categories?post=363521"},{"taxonomy":"post_tag","embeddable":true,"href":"https:\/\/www.europesays.com\/fr\/wp-json\/wp\/v2\/tags?post=363521"}],"curies":[{"name":"wp","href":"https:\/\/api.w.org\/{rel}","templated":true}]}}