{"id":363522,"date":"2025-09-03T15:16:15","date_gmt":"2025-09-03T15:16:15","guid":{"rendered":"https:\/\/www.europesays.com\/fr\/363522\/"},"modified":"2025-09-03T15:16:15","modified_gmt":"2025-09-03T15:16:15","slug":"sans-stationnement-je-ne-survivrai-pas-linquietude-grandit-chez-les-commercants-dans-ce-quartier-de-toulouse","status":"publish","type":"post","link":"https:\/\/www.europesays.com\/fr\/363522\/","title":{"rendered":"\u00ab\u00a0Sans stationnement, je ne survivrai pas\u00a0\u00bb l\u2019inqui\u00e9tude grandit chez les commer\u00e7ants dans ce quartier de Toulouse"},"content":{"rendered":"<p>\n                                                                    l&rsquo;essentiel<br \/>\n                                                                Entre les autoroutes pour v\u00e9los et les parkings amput\u00e9s, des commer\u00e7ants sont dans l\u2019incertitude route de Narbonne \u00e0 Toulouse. La Ville promet z\u00e9ro chantier en 2025, les rep\u00e9rages inqui\u00e8tent-ils\u00a0?\n                            <\/p>\n<p>Travaux\u00a0? Pas travaux\u00a0? Les commer\u00e7ants de la route de Narbonne restent dans le flou quant \u00e0 l\u2019avenir de leur activit\u00e9. Tout a commenc\u00e9 le 9\u00a0janvier 2025, lorsqu\u2019ils ont d\u00e9couvert, lors d\u2019une r\u00e9union, un projet de dix mois de travaux li\u00e9s \u00e0 la cr\u00e9ation d\u2019un R\u00e9seau Express V\u00e9lo (REV).<\/p>\n<p>\u00ab\u00a0Cette annonce nous a interpell\u00e9s\u00a0\u00bb, avoue Jacques Chevalier, de la pharmacie des Facs et pr\u00e9sident de l\u2019association des commer\u00e7ants de la route de Narbonne. \u00ab\u00a0Nous avons vite compris que plusieurs places de stationnement seraient supprim\u00e9es.\u00a0\u00bb \u00c0 titre d\u2019exemple, le chemin de la Palude, qui passerait en sens unique pour int\u00e9grer ce projet, verrait le nombre de places de stationnement passer de 35 \u00e0 13. \u00ab\u00a0Ce n\u2019est pas rien. Pour ma part, avec ce sens unique, l\u2019acc\u00e8s serait interdit au parking priv\u00e9 de ma pharmacie. Une aberration.\u00a0\u00bb<\/p>\n<p class=\"std-elt__inline\">\n        <strong>\u00c0 lire aussi :<\/strong><br \/>\n        <a href=\"https:\/\/www.ladepeche.fr\/2025\/01\/15\/travaux-velo-en-haute-garonne-du-rev-au-cauchemar-le-ras-le-bol-des-automobilistes-12444486.php\" rel=\"nofollow noopener\" target=\"_blank\">Travaux v\u00e9lo en Haute-Garonne\u00a0: du REV au cauchemar, le ras-le-bol des automobilistes<\/a>\n    <\/p>\n<p>Puis, le 3\u00a0juillet, nouvelle surprise\u00a0: l\u2019ensemble du quartier apprend, lors d\u2019une r\u00e9union \u00e0 la mairie, que des travaux de remplacement des canalisations d\u2019eau potable doivent d\u00e9marrer sur la route de Narbonne, le 25\u00a0ao\u00fbt, pour une dur\u00e9e de six mois. C\u2019est \u00e0 ce moment-l\u00e0 qu\u2019une mobilisation s\u2019organise pour dire non \u00e0 ce projet. Une association est cr\u00e9\u00e9e \u00ab\u00a0pour faire entendre nos voix et \u00eatre force de proposition dans le cadre de projets d\u2019ampleur tels que le REV\u00a0\u00bb, souligne Jacques Chevalier.<\/p>\n<p>Situ\u00e9s en tout d\u00e9but de zone de chantier, les clients du garage Midas risquent de ne plus pouvoir y acc\u00e9der. \u00ab\u00a0Ils seraient contraints de faire un d\u00e9tour de 20\u00a0km pour venir chercher leur v\u00e9hicule\u00a0\u00bb, d\u00e9plore Emilie Dordain. \u00ab\u00a0De plus, notre demande d\u2019indemnit\u00e9s en cas de travaux et de perte d\u2019exploitation ne semble pas avoir \u00e9t\u00e9 entendue.\u00a0\u00bb M\u00eame inqui\u00e9tude du c\u00f4t\u00e9 d\u2019\u00c9ric Charrier, g\u00e9rant de Go Into Life, magasin de sport\u00a0: \u00ab\u00a0Nous avons achet\u00e9 les murs en juin et ces travaux seraient une catastrophe. Nous restons tr\u00e8s inquiets.\u00a0\u00bb<\/p>\n<p>Pas de travaux pour 2025 selon la Ville<\/p>\n<p>Interpell\u00e9e, la mairie de Toulouse l\u2019assure\u00a0: \u00ab\u00a0Ce projet est annul\u00e9 pour 2025, sans aucune date pr\u00e9cis\u00e9e pour le moment.\u00a0\u00bb Une annonce qui contraste avec les nombreux sondages et rep\u00e9rages effectu\u00e9s cet \u00e9t\u00e9 route de Narbonne. \u00ab\u00a0Ce ne sont que des travaux de pr\u00e9paration de chantier\u00a0\u00bb, pr\u00e9cise la Ville. \u00ab\u00a0Rien qui laisse pr\u00e9sager que des travaux d\u2019ampleur vont d\u00e9marrer. Pour le moment, rien ne bouge.\u00a0\u00bb<\/p>\n<p class=\"std-elt__inline\">\n        <strong>\u00c0 lire aussi :<\/strong><br \/>\n        <a href=\"https:\/\/www.ladepeche.fr\/2022\/04\/21\/route-de-narbonne-lepicerie-vival-a-rouvert-apres-un-sacre-relooking-10249017.php\" rel=\"nofollow noopener\" target=\"_blank\">Route de Narbonne : l\u2019\u00e9picerie Vival a rouvert apr\u00e8s un sacr\u00e9 relooking<\/a>\n    <\/p>\n<p>\u00ab\u00a0Nous sommes pr\u00eats \u00e0 les croire, mais restons vigilants\u00a0\u00bb, estime Jacques Chevalier. Gr\u00e9gory Cezille, buraliste, s\u2019interroge\u00a0: \u00ab\u00a0La Ville dit que, sans places de stationnement, l\u2019acc\u00e8s aux commerces se maintiendrait\u2026 Selon moi, je ne survivrai pas.\u00a0\u00bb Il remet aussi en question l\u2019utilit\u00e9 du REV\u00a0: \u00ab\u00a0Les cyclistes ont d\u00e9j\u00e0 deux pistes cyclables route de Narbonne. De plus, face aux difficult\u00e9s (pistes glissantes, souill\u00e9es, risques de collision,\u00a0etc.), ils renoncent \u00e0 utiliser ces voies\u00a0: la majorit\u00e9 roule sur les trottoirs.\u00a0\u00bb\u00a0L\u2019incertitude demeure\u00a0et les commer\u00e7ants restent en alerte.<\/p>\n","protected":false},"excerpt":{"rendered":"l&rsquo;essentiel Entre les autoroutes pour v\u00e9los et les parkings amput\u00e9s, des commer\u00e7ants sont dans l\u2019incertitude route de Narbonne&hellip;\n","protected":false},"author":2,"featured_media":363523,"comment_status":"","ping_status":"","sticky":false,"template":"","format":"standard","meta":{"footnotes":""},"categories":[2816],"tags":[1111,11,1777,674,1011,27,12,2680,25,2312],"class_list":{"0":"post-363522","1":"post","2":"type-post","3":"status-publish","4":"format-standard","5":"has-post-thumbnail","7":"category-toulouse","8":"tag-actu","9":"tag-actualites","10":"tag-eu","11":"tag-europe","12":"tag-fr","13":"tag-france","14":"tag-news","15":"tag-occitanie","16":"tag-republique-francaise","17":"tag-toulouse"},"share_on_mastodon":{"url":"https:\/\/pubeurope.com\/@fr\/115141029718176814","error":""},"_links":{"self":[{"href":"https:\/\/www.europesays.com\/fr\/wp-json\/wp\/v2\/posts\/363522","targetHints":{"allow":["GET"]}}],"collection":[{"href":"https:\/\/www.europesays.com\/fr\/wp-json\/wp\/v2\/posts"}],"about":[{"href":"https:\/\/www.europesays.com\/fr\/wp-json\/wp\/v2\/types\/post"}],"author":[{"embeddable":true,"href":"https:\/\/www.europesays.com\/fr\/wp-json\/wp\/v2\/users\/2"}],"replies":[{"embeddable":true,"href":"https:\/\/www.europesays.com\/fr\/wp-json\/wp\/v2\/comments?post=363522"}],"version-history":[{"count":0,"href":"https:\/\/www.europesays.com\/fr\/wp-json\/wp\/v2\/posts\/363522\/revisions"}],"wp:featuredmedia":[{"embeddable":true,"href":"https:\/\/www.europesays.com\/fr\/wp-json\/wp\/v2\/media\/363523"}],"wp:attachment":[{"href":"https:\/\/www.europesays.com\/fr\/wp-json\/wp\/v2\/media?parent=363522"}],"wp:term":[{"taxonomy":"category","embeddable":true,"href":"https:\/\/www.europesays.com\/fr\/wp-json\/wp\/v2\/categories?post=363522"},{"taxonomy":"post_tag","embeddable":true,"href":"https:\/\/www.europesays.com\/fr\/wp-json\/wp\/v2\/tags?post=363522"}],"curies":[{"name":"wp","href":"https:\/\/api.w.org\/{rel}","templated":true}]}}