{"id":363524,"date":"2025-09-03T15:17:14","date_gmt":"2025-09-03T15:17:14","guid":{"rendered":"https:\/\/www.europesays.com\/fr\/363524\/"},"modified":"2025-09-03T15:17:14","modified_gmt":"2025-09-03T15:17:14","slug":"le-toulouse-olympique-prolonge-benjamin-laguerre","status":"publish","type":"post","link":"https:\/\/www.europesays.com\/fr\/363524\/","title":{"rendered":"Le Toulouse Olympique prolonge Benjamin Laguerre"},"content":{"rendered":"<p><strong>Le Toulouse Olympique est heureux d\u2019annoncer la prolongation de la r\u00e9v\u00e9lation de l\u2019ann\u00e9e\u00a0: Benjamin Laguerre ! Le joueur form\u00e9 au club prolonge jusqu\u2019en 2027.<\/strong><\/p>\n<p><img fetchpriority=\"high\" decoding=\"async\" class=\"aligncenter  wp-image-109685\" src=\"https:\/\/www.europesays.com\/fr\/wp-content\/uploads\/2025\/09\/Le-serial-marqueur-Olympien-Ben-Laguerre-prolonge-de-2-ans-au-TO-c-Fabrice-Rodriguez.jpg\" alt=\"\" width=\"892\" height=\"678\"  \/><\/p>\n<p>Le serial marqueur Olympien, Ben Laguerre, prolonge de 2 ans au TO (c) Fabrice Rodriguez<\/p>\n<p>Natif de Marseille, Benjamin int\u00e8gre la formation olympienne avec l\u2019ambition de progresser et, pourquoi pas, de faire un jour les beaux jours de l\u2019\u00e9quipe professionnelle.<\/p>\n<p>\u00c0 partir de 2019, il \u00e9volue sous les ordres de S\u00e9bastien Raguin avec le TO \u00c9lite. Titulaire indiscutable en Super XIII, l\u2019ailier phoc\u00e9en dispute en 2022 un match amical face aux Dragons, un an apr\u00e8s avoir effectu\u00e9 ses d\u00e9buts avec le groupe professionnel \u00e0 Halifax.<\/p>\n<p>Il d\u00e9couvre la Super League la m\u00eame ann\u00e9e, lors d\u2019une rencontre de championnat face \u00e0 la prestigieuse \u00e9quipe de St Helens. En 2023, il est pleinement int\u00e9gr\u00e9 au groupe professionnel dirig\u00e9 par Sylvain Houles. Ses d\u00e9buts tonitruants \u00e0 Barrow, ponctu\u00e9s d\u2019un doubl\u00e9, sont malheureusement frein\u00e9s par une blessure \u00e0 l\u2019\u00e9paule. Malgr\u00e9 cela, il prend part \u00e0 15 matchs en 2023 puis \u00e0 10 en 2024.<\/p>\n<p>L\u2019ann\u00e9e 2025 sonne comme \u00ab la bonne ann\u00e9e \u00bb pour Benjamin. L\u2019ailier olympien affiche des statistiques impressionnantes : 21 matchs disput\u00e9s pour 21 essais inscrits !<\/p>\n<p><strong>\u00ab Je suis tr\u00e8s heureux de poursuivre mon aventure au sein du club et je suis pr\u00eat \u00e0 bien terminer cette saison et faire de mon mieux pour aider le groupe sur les 2 prochaines\u00a0saisons\u00a0!\u00bb \u2013 Benjamin LAGUERRE<\/strong><\/p>\n<p><strong>Sylvain HOULES : \u00a0\u00bb Il \u00e9tait tr\u00e8s important pour nous de resigner un joueur et une personne comme Benjy. C\u2019est vraiment l\u2019exemple de profil d\u2019un joueur qui est pass\u00e9 par notre centre de formation, notre r\u00e9serve, qui a su \u00e9couter, \u00e9voluer, travailler dur pour r\u00e9ussir jusqu\u2019au moment o\u00f9 il a saisi son opportunit\u00e9 pour devenir un joueur titulaire et indiscutable de notre \u00e9quipe. Benjy est une superbe personne et doit inspirer beaucoup de jeunes treizistes de Toulouse\u00a0et\u00a0de\u00a0France\u00a0\u00bb<\/strong><\/p>\n<p><strong>\u00a0<\/strong><strong>Fiche technique : <\/strong><\/p>\n<p><strong>NOM : Laguerre \u2013 Pr\u00e9nom : Benjamin \u2013 Poste : Ailier \u2013 Taille : 1m90 \u2013 Poids : 90 Kg \u2013 Date de naissance : 13\/09\/2001 \u2013 Clubs pr\u00e9c\u00e9dents : Toulouse Olympique<\/strong><\/p>\n","protected":false},"excerpt":{"rendered":"Le Toulouse Olympique est heureux d\u2019annoncer la prolongation de la r\u00e9v\u00e9lation de l\u2019ann\u00e9e\u00a0: Benjamin Laguerre ! Le joueur&hellip;\n","protected":false},"author":2,"featured_media":363525,"comment_status":"","ping_status":"","sticky":false,"template":"","format":"standard","meta":{"footnotes":""},"categories":[2816],"tags":[1111,11,1777,674,1011,27,12,2680,25,2312],"class_list":{"0":"post-363524","1":"post","2":"type-post","3":"status-publish","4":"format-standard","5":"has-post-thumbnail","7":"category-toulouse","8":"tag-actu","9":"tag-actualites","10":"tag-eu","11":"tag-europe","12":"tag-fr","13":"tag-france","14":"tag-news","15":"tag-occitanie","16":"tag-republique-francaise","17":"tag-toulouse"},"share_on_mastodon":{"url":"https:\/\/pubeurope.com\/@fr\/115141033546334313","error":""},"_links":{"self":[{"href":"https:\/\/www.europesays.com\/fr\/wp-json\/wp\/v2\/posts\/363524","targetHints":{"allow":["GET"]}}],"collection":[{"href":"https:\/\/www.europesays.com\/fr\/wp-json\/wp\/v2\/posts"}],"about":[{"href":"https:\/\/www.europesays.com\/fr\/wp-json\/wp\/v2\/types\/post"}],"author":[{"embeddable":true,"href":"https:\/\/www.europesays.com\/fr\/wp-json\/wp\/v2\/users\/2"}],"replies":[{"embeddable":true,"href":"https:\/\/www.europesays.com\/fr\/wp-json\/wp\/v2\/comments?post=363524"}],"version-history":[{"count":0,"href":"https:\/\/www.europesays.com\/fr\/wp-json\/wp\/v2\/posts\/363524\/revisions"}],"wp:featuredmedia":[{"embeddable":true,"href":"https:\/\/www.europesays.com\/fr\/wp-json\/wp\/v2\/media\/363525"}],"wp:attachment":[{"href":"https:\/\/www.europesays.com\/fr\/wp-json\/wp\/v2\/media?parent=363524"}],"wp:term":[{"taxonomy":"category","embeddable":true,"href":"https:\/\/www.europesays.com\/fr\/wp-json\/wp\/v2\/categories?post=363524"},{"taxonomy":"post_tag","embeddable":true,"href":"https:\/\/www.europesays.com\/fr\/wp-json\/wp\/v2\/tags?post=363524"}],"curies":[{"name":"wp","href":"https:\/\/api.w.org\/{rel}","templated":true}]}}