{"id":363526,"date":"2025-09-03T15:19:15","date_gmt":"2025-09-03T15:19:15","guid":{"rendered":"https:\/\/www.europesays.com\/fr\/363526\/"},"modified":"2025-09-03T15:19:15","modified_gmt":"2025-09-03T15:19:15","slug":"hpi-tf1-audrey-fleurot-met-en-vente-les-tenues-de-morgane-alvaro-a-la-braderie-de-lille","status":"publish","type":"post","link":"https:\/\/www.europesays.com\/fr\/363526\/","title":{"rendered":"HPI (TF1) : Audrey Fleurot met en vente les tenues de Morgane Alvaro \u00e0 la braderie de Lille"},"content":{"rendered":"<p>Avant la diffusion   <a href=\"https:\/\/www.programme-television.org\/news\/series\/coulisses-series\/hpi-tf1-cet-invite-surprise-d-audrey-fleurot-qui-a-perturbe-le-tournage-de-la-derniere-saison-4744711\" target=\"_self\" rel=\"nofollow noopener\">des derniers \u00e9pisodes<\/a> de la s\u00e9rie culte \u201cHPI\u201d, TF1 organise un \u00e9v\u00e9nement exceptionnel dans la capitale des Flandres. Les fans pourront acqu\u00e9rir les pi\u00e8ces iconiques de l&rsquo;h\u00e9ro\u00efne tout en soutenant une cause solidaire.<\/p>\n<p><a id=\"eztoc103285293_1\"\/>Un vide-dressing \u201cHPI\u201d g\u00e9ant au c\u0153ur de la braderie lilloise<\/p>\n<p>L&rsquo;\u00e9v\u00e9nement promet d&rsquo;\u00eatre m\u00e9morable pour les nombreux admirateurs de la s\u00e9rie de TF1. Du 6 au 7 septembre 2025, en pleine braderie de Lille, un stand exceptionnel proposera \u00e0 la vente les costumes extravagants qui ont fait la renomm\u00e9e du personnage de Morgane. Cette initiative, organis\u00e9e par TF1 en partenariat avec l&rsquo;agence We Are Social, co\u00efncide parfaitement avec la diffusion   <a href=\"https:\/\/www.programme-television.org\/news\/series\/series-policieres\/hpi-on-connait-enfin-la-date-de-diffusion-de-la-saison-5-sur-tf1-4738704\" target=\"_self\" rel=\"nofollow noopener\">des ultimes \u00e9pisodes \u00e0 partir du 4 septembre<\/a>.<\/p>\n<p>\u201cPaillettes, couleurs chatoyantes, accessoires dingos\u2026 Un bonheur immense de jouer avec ce personnage sans limite\u201d, s&rsquo;enthousiasme C\u00e9cile Pineau, cheffe costumi\u00e8re de la s\u00e9rie. \u201cChaque \u00e9pisode a \u00e9t\u00e9 un d\u00e9fi relev\u00e9 par une \u00e9quipe costume de folie. Pour tous, une exp\u00e9rience explosive et inoubliable\u201d.<\/p>\n<p>Le public pourra d\u00e9couvrir des centaines de v\u00eatements, chaussures et accessoires qui ont habill\u00e9 l&rsquo;ancienne femme de m\u00e9nage devenue consultante pour la police lilloise. L&rsquo;immersion sera totale gr\u00e2ce \u00e0 des animations th\u00e9matiques, des quiz destin\u00e9s aux fans et une grande tombola permettant de remporter les tenues les plus mythiques de la s\u00e9rie.<\/p>\n<p>Le dimanche sera marqu\u00e9 par un atelier maquillage, permettant aux visiteurs de s&rsquo;approprier l&rsquo;esth\u00e9tique de l&rsquo;h\u00e9ro\u00efne.<a id=\"eztoc103285293_2\"\/><\/p>\n<p>La garde-robe iconoclaste d&rsquo;une h\u00e9ro\u00efne hors norme<\/p>\n<p>Depuis son apparition \u00e0 l&rsquo;antenne le 29 avril 2021, Morgane Alvaro s&rsquo;est impos\u00e9e comme une figure iconique de la t\u00e9l\u00e9vision fran\u00e7aise. Sa devise \u201cOn n&rsquo;a jamais trop de l\u00e9opard dans son armoire\u201d r\u00e9sume parfaitement son approche vestimentaire assum\u00e9e.   <a href=\"https:\/\/www.programme-television.org\/news\/series\/series-policieres\/les-confidences-d-audrey-fleurot-sur-la-fin-de-hpi-on-n-exclut-pas-la-possibilite-de-exclu-4740636\" target=\"_self\" rel=\"nofollow noopener\">Audrey Fleurot<\/a>, qui incarne ce personnage attachant, expliquait en mars dernier sa m\u00e9thode de s\u00e9lection : \u201cC&rsquo;est mon hobby num\u00e9ro 1 de chercher des costumes. J&rsquo;ai un crit\u00e8re : si je peux le mettre dans la vie, c&rsquo;est que \u00e7a n&rsquo;est pas \u00ab\u00a0morganesque\u00a0\u00bb. \u00c7a me permet d&rsquo;assumer mon mauvais go\u00fbt\u201d.<a id=\"eztoc103285293_3\"\/><\/p>\n<p>Une d\u00e9marche solidaire en accord avec les valeurs du personnage<\/p>\n<p>L&rsquo;ensemble des b\u00e9n\u00e9fices g\u00e9n\u00e9r\u00e9s par cette vente exceptionnelle sera revers\u00e9 \u00e0 la Fondation des Femmes, organisation qui accompagne les femmes victimes de violences et de discriminations. Ce choix s&rsquo;inscrit naturellement dans l&rsquo;ADN   <a href=\"https:\/\/www.programme-television.org\/news\/series\/coulisses-series\/hpi-tf1-le-personnage-de-morgane-alvaro-existe-t-il-vraiment-4732826\" target=\"_self\" rel=\"nofollow noopener\">du personnage de Morgane Alvaro<\/a>. \u201cUn engagement solidaire en parfaite harmonie avec les valeurs du personnage de Morgane, cette m\u00e8re c\u00e9libataire fervente d\u00e9fenseure des droits des femmes\u201d, pr\u00e9cise TF1 dans son communiqu\u00e9 officiel.    <\/p>\n<p>                                                                                                                                            <img decoding=\"async\" src=\"https:\/\/www.europesays.com\/fr\/wp-content\/uploads\/2025\/09\/Design-sans-titre.jpg\" style=\"border: 0px  ;\" alt=\"Design sans titre\" title=\"Design sans titre\"\/><\/p>\n<\/p>\n<p>Cette initiative prend une dimension particuli\u00e8re quand on conna\u00eet le parcours de l&rsquo;h\u00e9ro\u00efne, cette femme au caract\u00e8re bien tremp\u00e9, toujours pr\u00eate \u00e0 d\u00e9fendre la justice et l&rsquo;\u00e9galit\u00e9. La braderie de Lille, qui rassemble annuellement pr\u00e8s de 2,5 millions de visiteurs et constitue l&rsquo;un des plus grands march\u00e9s aux puces d&rsquo;Europe, offre un cadre id\u00e9al pour cet \u00e9v\u00e9nement caritatif.<\/p>\n<p>Pour ceux qui ne pourront pas se d\u00e9placer dans la capitale des Flandres, TF1 a pr\u00e9vu un concours en ligne via ses r\u00e9seaux sociaux, permettant de tenter sa chance pour remporter des pi\u00e8ces embl\u00e9matiques de la collection.<\/p>\n<p>  <a href=\"https:\/\/www.programme-television.org\/news\/series\/series-policieres\/hpi-tf1-audrey-fleurot-aurait-explose-en-larmes-lors-de-la-fete-d-anthologie-pour-celebrer-la-fin-de-la-serie-4743489\" target=\"_self\" rel=\"nofollow noopener\">La s\u00e9rie tire sa r\u00e9v\u00e9rence<\/a> apr\u00e8s cinq saisons et des records d&rsquo;audience historiques. Adapt\u00e9e dans une dizaine de pays, dont les \u00c9tats-Unis sous le titre <a href=\"https:\/\/www.programme-television.org\/news\/series\/series-policieres\/c-est-moins-audacieux-et-moins-piquant-audrey-fleurot-donne-son-avis-sur-l-adaptation-americaine-de-la-serie-hpi-4739640\" target=\"_self\" rel=\"nofollow noopener\">\u00a0\u00bb  High Potential\u00a0\u00bb<\/a>, HPI aura marqu\u00e9 le paysage audiovisuel fran\u00e7ais avec son h\u00e9ro\u00efne \u00e0 la personnalit\u00e9 extravertie et au style inimitable !\u00a0\n            <\/p>\n","protected":false},"excerpt":{"rendered":"Avant la diffusion des derniers \u00e9pisodes de la s\u00e9rie culte \u201cHPI\u201d, TF1 organise un \u00e9v\u00e9nement exceptionnel dans la&hellip;\n","protected":false},"author":2,"featured_media":363527,"comment_status":"","ping_status":"","sticky":false,"template":"","format":"standard","meta":{"footnotes":""},"categories":[2815],"tags":[1111,11,1777,674,1011,27,811,1307,12,25],"class_list":{"0":"post-363526","1":"post","2":"type-post","3":"status-publish","4":"format-standard","5":"has-post-thumbnail","7":"category-lille","8":"tag-actu","9":"tag-actualites","10":"tag-eu","11":"tag-europe","12":"tag-fr","13":"tag-france","14":"tag-hauts-de-france","15":"tag-lille","16":"tag-news","17":"tag-republique-francaise"},"share_on_mastodon":{"url":"https:\/\/pubeurope.com\/@fr\/115141041896682402","error":""},"_links":{"self":[{"href":"https:\/\/www.europesays.com\/fr\/wp-json\/wp\/v2\/posts\/363526","targetHints":{"allow":["GET"]}}],"collection":[{"href":"https:\/\/www.europesays.com\/fr\/wp-json\/wp\/v2\/posts"}],"about":[{"href":"https:\/\/www.europesays.com\/fr\/wp-json\/wp\/v2\/types\/post"}],"author":[{"embeddable":true,"href":"https:\/\/www.europesays.com\/fr\/wp-json\/wp\/v2\/users\/2"}],"replies":[{"embeddable":true,"href":"https:\/\/www.europesays.com\/fr\/wp-json\/wp\/v2\/comments?post=363526"}],"version-history":[{"count":0,"href":"https:\/\/www.europesays.com\/fr\/wp-json\/wp\/v2\/posts\/363526\/revisions"}],"wp:featuredmedia":[{"embeddable":true,"href":"https:\/\/www.europesays.com\/fr\/wp-json\/wp\/v2\/media\/363527"}],"wp:attachment":[{"href":"https:\/\/www.europesays.com\/fr\/wp-json\/wp\/v2\/media?parent=363526"}],"wp:term":[{"taxonomy":"category","embeddable":true,"href":"https:\/\/www.europesays.com\/fr\/wp-json\/wp\/v2\/categories?post=363526"},{"taxonomy":"post_tag","embeddable":true,"href":"https:\/\/www.europesays.com\/fr\/wp-json\/wp\/v2\/tags?post=363526"}],"curies":[{"name":"wp","href":"https:\/\/api.w.org\/{rel}","templated":true}]}}