{"id":363528,"date":"2025-09-03T15:20:11","date_gmt":"2025-09-03T15:20:11","guid":{"rendered":"https:\/\/www.europesays.com\/fr\/363528\/"},"modified":"2025-09-03T15:20:11","modified_gmt":"2025-09-03T15:20:11","slug":"ed-sheeran-annonce-un-concert-surprise-en-france-le-1er-decembre-prochain","status":"publish","type":"post","link":"https:\/\/www.europesays.com\/fr\/363528\/","title":{"rendered":"Ed Sheeran annonce un concert surprise en France, le 1er d\u00e9cembre prochain"},"content":{"rendered":"<p>Comme le rapporte notamment le site de <a href=\"https:\/\/www.bfmtv.com\/people\/musique\/ed-sheeran-annonce-un-concert-surprise-au-zenith-de-paris-en-decembre_AN-202509030537.html\" target=\"_blank\" rel=\"noopener\">BFMTV<\/a>, l&rsquo;artiste britannique sera sur <a href=\"https:\/\/x.com\/TicketmasterFR\/status\/1963165332190744699?ref_src=twsrc%5Etfw%7Ctwcamp%5Etweetembed%7Ctwterm%5E1963165332190744699%7Ctwgr%5E7c15853625fc43a36362a1be5a72afcaebdf5546%7Ctwcon%5Es1_&amp;ref_url=https%3A%2F%2Fwww.bfmtv.com%2Fpeople%2Fmusique%2Fed-sheeran-annonce-un-concert-surprise-au-zenith-de-paris-en-decembre_AN-202509030537.html\" target=\"_blank\">la sc\u00e8ne du Z\u00e9nith de La Villette \u00e0 Paris le 1er d\u00e9cembre<\/a> prochain.<\/p>\n<p>Des pr\u00e9ventes lanc\u00e9es le 9 septembre<\/p>\n<p>Certes, l&rsquo;interpr\u00e8te de \u00ab\u00a0Shape of you\u00a0\u00bb ne sera cette fois pas dans notre r\u00e9gion mais il s&rsquo;agira l\u00e0 de son ultime date en France avant 2026. Des pr\u00e9ventes seront accessibles d\u00e8s le mardi 9 septembre \u00e0 condition d&rsquo;avoir pr\u00e9command\u00e9 son prochain album, \u00ab\u00a0Play\u00a0\u00bb, avant le lundi 8.\u00a0<\/p>\n<p>Pour les autres, les places seront \u00e0 la vente le lendemain, le mercredi 10 septembre \u00e0 partir de 11 heures. Le chanteur de 34 ans proposera ses tubes mais les titres de son nouvel opus comme \u00ab\u00a0Azizam\u00a0\u00bb, \u00ab\u00a0Sapphire\u00a0\u00bb ou \u00ab\u00a0A little more\u00a0\u00bb. L&rsquo;album \u00ab\u00a0Play\u00a0\u00bb sera disponible \u00e0 partir du 12 septembre.<\/p>\n<p>Outre <a href=\"https:\/\/www.laprovence.com\/article\/culture-loisirs\/1125734629776515\/ed-sheeran-et-soprano-a-marseille-entre-petanque-et-tour-de-tuk-tuk-rose-les-coulisses-de-leur-rencontre\" target=\"_blank\" rel=\"noopener\">le V\u00e9lodrome o\u00f9 il a partag\u00e9 un moment avec Soprano<\/a> devant le public marseillais, Ed Sheeran s&rsquo;\u00e9tait produit \u00e0 Lille o\u00f9 il avait form\u00e9 un duo \u00e9ph\u00e9m\u00e8re avec Pierre Garnier, gagnant de la Star Academy et interpr\u00e8te du titre \u00ab\u00a0Ceux qu&rsquo;on \u00e9tait\u00a0\u00bb.<\/p>\n","protected":false},"excerpt":{"rendered":"Comme le rapporte notamment le site de BFMTV, l&rsquo;artiste britannique sera sur la sc\u00e8ne du Z\u00e9nith de La&hellip;\n","protected":false},"author":2,"featured_media":363529,"comment_status":"","ping_status":"","sticky":false,"template":"","format":"standard","meta":{"footnotes":""},"categories":[2814],"tags":[15467,17,1111,11,2562,1102,1697,251,49832,1777,674,1011,27,884,12,882,25,22248,10540],"class_list":{"0":"post-363528","1":"post","2":"type-post","3":"status-publish","4":"format-standard","5":"has-post-thumbnail","7":"category-marseille","8":"tag-1er","9":"tag-17","10":"tag-actu","11":"tag-actualites","12":"tag-annonce","13":"tag-breakingnews","14":"tag-concert","15":"tag-culture","16":"tag-decembre","17":"tag-eu","18":"tag-europe","19":"tag-fr","20":"tag-france","21":"tag-marseille","22":"tag-news","23":"tag-provence-alpes-cote-dazur","24":"tag-republique-francaise","25":"tag-sheeran","26":"tag-surprise"},"share_on_mastodon":{"url":"https:\/\/pubeurope.com\/@fr\/115141045389848598","error":""},"_links":{"self":[{"href":"https:\/\/www.europesays.com\/fr\/wp-json\/wp\/v2\/posts\/363528","targetHints":{"allow":["GET"]}}],"collection":[{"href":"https:\/\/www.europesays.com\/fr\/wp-json\/wp\/v2\/posts"}],"about":[{"href":"https:\/\/www.europesays.com\/fr\/wp-json\/wp\/v2\/types\/post"}],"author":[{"embeddable":true,"href":"https:\/\/www.europesays.com\/fr\/wp-json\/wp\/v2\/users\/2"}],"replies":[{"embeddable":true,"href":"https:\/\/www.europesays.com\/fr\/wp-json\/wp\/v2\/comments?post=363528"}],"version-history":[{"count":0,"href":"https:\/\/www.europesays.com\/fr\/wp-json\/wp\/v2\/posts\/363528\/revisions"}],"wp:featuredmedia":[{"embeddable":true,"href":"https:\/\/www.europesays.com\/fr\/wp-json\/wp\/v2\/media\/363529"}],"wp:attachment":[{"href":"https:\/\/www.europesays.com\/fr\/wp-json\/wp\/v2\/media?parent=363528"}],"wp:term":[{"taxonomy":"category","embeddable":true,"href":"https:\/\/www.europesays.com\/fr\/wp-json\/wp\/v2\/categories?post=363528"},{"taxonomy":"post_tag","embeddable":true,"href":"https:\/\/www.europesays.com\/fr\/wp-json\/wp\/v2\/tags?post=363528"}],"curies":[{"name":"wp","href":"https:\/\/api.w.org\/{rel}","templated":true}]}}