{"id":363534,"date":"2025-09-03T15:23:20","date_gmt":"2025-09-03T15:23:20","guid":{"rendered":"https:\/\/www.europesays.com\/fr\/363534\/"},"modified":"2025-09-03T15:23:20","modified_gmt":"2025-09-03T15:23:20","slug":"lhypothese-dun-suicide-se-precise","status":"publish","type":"post","link":"https:\/\/www.europesays.com\/fr\/363534\/","title":{"rendered":"l\u2019hypoth\u00e8se d\u2019un suicide se pr\u00e9cise"},"content":{"rendered":"<p>Au stade actuel de l\u2019enqu\u00eate ouverte apr\u00e8s la d\u00e9couverte du corps d\u2019un homme dans une friche proche du pont Pasteur, de la M7 et du Mus\u00e9e des Confluences \u00e0 Lyon (2e), l\u2019hypoth\u00e8se d\u00e9sormais privil\u00e9gi\u00e9e est celle d\u2019un suicide, a appris Le Progr\u00e8s ce mercredi.<\/p>\n<p>Dans un premier temps, la pr\u00e9sence de deux liens de type Serflex autour du cou de la victime a laiss\u00e9 craindre un homicide, mais contrairement aux informations initiales, <a href=\"https:\/\/www.leprogres.fr\/faits-divers-justice\/2025\/09\/02\/le-corps-d-un-homme-couvert-de-plaies-retrouve-dans-une-friche-a-lyon\" target=\"_blank\" rel=\"noopener\">le corps ne pr\u00e9sentait pas de traces<\/a> indiquant l\u2019intervention d\u2019un tiers.<\/p>\n<p>  Un homme d\u2019une cinquantaine d\u2019ann\u00e9es domicili\u00e9 dans l\u2019agglom\u00e9ration<\/p>\n<p>D\u2019apr\u00e8s les premi\u00e8res constatations m\u00e9dico-l\u00e9gales, qui devront \u00eatre confirm\u00e9es par l\u2019autopsie, le d\u00e9c\u00e8s serait cons\u00e9cutif \u00e0 une asphyxie provoqu\u00e9e par un \u00e9tranglement volontaire avec les liens en plastique. Cette hypoth\u00e8se est tout \u00e0 fait compatible avec la position dans laquelle le corps a \u00e9t\u00e9 d\u00e9couvert.<\/p>\n<p>Des papiers ont \u00e9t\u00e9 retrouv\u00e9s dans un sac qui se trouvait \u00e0 proximit\u00e9 du corps et, sous r\u00e9serve des analyses g\u00e9n\u00e9tiques qui doivent \u00eatre r\u00e9alis\u00e9es pour confirmer cette identit\u00e9, la victime est un homme d\u2019une cinquantaine d\u2019ann\u00e9es domicili\u00e9 dans l\u2019agglom\u00e9ration lyonnaise.<\/p>\n<p>Les investigations se poursuivent pour pr\u00e9ciser les causes et circonstances de cette mort qui, en l\u2019\u00e9tat actuel, n\u2019appara\u00eet pas comme suspecte.<\/p>\n","protected":false},"excerpt":{"rendered":"Au stade actuel de l\u2019enqu\u00eate ouverte apr\u00e8s la d\u00e9couverte du corps d\u2019un homme dans une friche proche du&hellip;\n","protected":false},"author":2,"featured_media":363535,"comment_status":"","ping_status":"","sticky":false,"template":"","format":"standard","meta":{"footnotes":""},"categories":[1889],"tags":[1111,11,2430,2757,1777,674,274,107,1011,27,2428,12354,12353,12,25,2429],"class_list":{"0":"post-363534","1":"post","2":"type-post","3":"status-publish","4":"format-standard","5":"has-post-thumbnail","7":"category-lyon","8":"tag-actu","9":"tag-actualites","10":"tag-auvergne-rhone-alpes","11":"tag-edition-lyon-villeurbanne","12":"tag-eu","13":"tag-europe","14":"tag-faits-divers-justice","15":"tag-fil-info","16":"tag-fr","17":"tag-france","18":"tag-lyon","19":"tag-lyon-2e","20":"tag-lyon-2e-arrondissement","21":"tag-news","22":"tag-republique-francaise","23":"tag-rhone"},"share_on_mastodon":{"url":"https:\/\/pubeurope.com\/@fr\/115141057083588809","error":""},"_links":{"self":[{"href":"https:\/\/www.europesays.com\/fr\/wp-json\/wp\/v2\/posts\/363534","targetHints":{"allow":["GET"]}}],"collection":[{"href":"https:\/\/www.europesays.com\/fr\/wp-json\/wp\/v2\/posts"}],"about":[{"href":"https:\/\/www.europesays.com\/fr\/wp-json\/wp\/v2\/types\/post"}],"author":[{"embeddable":true,"href":"https:\/\/www.europesays.com\/fr\/wp-json\/wp\/v2\/users\/2"}],"replies":[{"embeddable":true,"href":"https:\/\/www.europesays.com\/fr\/wp-json\/wp\/v2\/comments?post=363534"}],"version-history":[{"count":0,"href":"https:\/\/www.europesays.com\/fr\/wp-json\/wp\/v2\/posts\/363534\/revisions"}],"wp:featuredmedia":[{"embeddable":true,"href":"https:\/\/www.europesays.com\/fr\/wp-json\/wp\/v2\/media\/363535"}],"wp:attachment":[{"href":"https:\/\/www.europesays.com\/fr\/wp-json\/wp\/v2\/media?parent=363534"}],"wp:term":[{"taxonomy":"category","embeddable":true,"href":"https:\/\/www.europesays.com\/fr\/wp-json\/wp\/v2\/categories?post=363534"},{"taxonomy":"post_tag","embeddable":true,"href":"https:\/\/www.europesays.com\/fr\/wp-json\/wp\/v2\/tags?post=363534"}],"curies":[{"name":"wp","href":"https:\/\/api.w.org\/{rel}","templated":true}]}}