{"id":363538,"date":"2025-09-03T15:26:14","date_gmt":"2025-09-03T15:26:14","guid":{"rendered":"https:\/\/www.europesays.com\/fr\/363538\/"},"modified":"2025-09-03T15:26:14","modified_gmt":"2025-09-03T15:26:14","slug":"son-chien-refuse-de-descendre-du-train-une-femme-trainee-sur-plusieurs-metres-sur-les-quais-du-rer-c-a-paris","status":"publish","type":"post","link":"https:\/\/www.europesays.com\/fr\/363538\/","title":{"rendered":"Son chien refuse de descendre du train, une femme tra\u00een\u00e9e sur plusieurs m\u00e8tres sur les quais du RER C \u00e0 Paris"},"content":{"rendered":"<p>            Par<br \/>\n        <strong><br \/>\n            <a href=\"https:\/\/actu.fr\/auteur\/sarah-coulet\" title=\"Consulter tous les articles de Sarah Coulet\" target=\"_blank\" rel=\"noopener\">Sarah Coulet<\/a><br \/>\n        <\/strong><\/p>\n<p>        Publi\u00e9 le<\/p>\n<p>            3 sept. 2025 \u00e0 17h07        <\/p>\n<p>Une sortie qui vire au drame. Lundi 1er\u00a0septembre 2025, sur le quai de la station Boulainvilliers du <a href=\"https:\/\/actu.fr\/tag\/rer-c\" target=\"_blank\" rel=\"noopener\">RER C<\/a> \u00e0 Paris, une femme a \u00e9t\u00e9 gri\u00e8vement bless\u00e9e apr\u00e8s que la laisse de son chien s\u2019est <strong>coinc\u00e9e dans les portes du train<\/strong>, a appris\u00a0<a href=\"https:\/\/actu.fr\/paris\/dernieres-actus\" target=\"_blank\" rel=\"noopener\">actu Paris<\/a>\u00a0aupr\u00e8s de la <a href=\"https:\/\/actu.fr\/tag\/sncf\" target=\"_blank\" rel=\"noopener\">SNCF Voyageurs<\/a>, confirmant une information d\u2019<a href=\"https:\/\/www.francebleu.fr\/infos\/transports\/paris-la-laisse-de-son-chien-se-coince-dans-le-dans-les-portes-du-rer-c-une-femme-perd-deux-doigts-1637051\" target=\"_blank\" rel=\"noopener\">Ici<\/a>.<\/p>\n<p>Une enqu\u00eate ouverte par la SNCF<\/p>\n<p class=\" wall-content\">Les faits se seraient d\u00e9roul\u00e9s alors que la femme sortait du train, la laisse de son chien fermement enroul\u00e9e autour de la main. Au moment de descendre, <strong>l\u2019animal a refus\u00e9 de suivre<\/strong>.<\/p>\n<p class=\" wall-content\">Les portes se sont referm\u00e9es, s\u00e9parant le chien de sa ma\u00eetresse, qui a alors \u00e9t\u00e9 emport\u00e9e par le d\u00e9part de la rame. Tra\u00een\u00e9e sur plusieurs m\u00e8tres, elle a \u00e9t\u00e9 gri\u00e8vement bless\u00e9e, explique SNCF Voyageurs. Selon Ici, la passag\u00e8re aurait <strong>perdu deux doigts<\/strong>.<\/p>\n<p class=\" wall-content\">Averti de l\u2019accident, l\u2019agent pr\u00e9sent en gare lui a port\u00e9 assistance et les <strong>pompiers<\/strong> ont \u00e9t\u00e9 pr\u00e9venus. Elle a \u00e9t\u00e9 transport\u00e9e \u00e0 l\u2019h\u00f4pital, sans que son pronostic vital soit engag\u00e9. Une plainte devrait \u00eatre d\u00e9pos\u00e9e.<\/p>\n<p class=\" wall-content\">Une enqu\u00eate a \u00e9t\u00e9 ouverte par Transilien SNCF Voyageurs, qui exprime \u201ctout son <strong>soutien \u00e0 la voyageuse<\/strong> bless\u00e9e\u201d et affirme prendre l\u2019incident \u201ctr\u00e8s au s\u00e9rieux\u201d.<\/p>\n<p class=\" wall-content\">Personnalisez votre actualit\u00e9 en ajoutant vos villes et m\u00e9dias en favori avec <a href=\"https:\/\/moncompte.actu.fr\" title=\"D\u00e9couvez Mon Actu\" rel=\"nofollow noopener\" data-trk=\"{&quot;cta&quot;:{&quot;action&quot;:&quot;https:\\\/\\\/moncompte.actu.fr&quot;,&quot;category&quot;:&quot;mon compte&quot;,&quot;from&quot;:&quot;article footer&quot;,&quot;name&quot;:&quot;Mon actu&quot;,&quot;type&quot;:&quot;cta&quot;}}\" target=\"_blank\">Mon Actu<\/a>.<\/p>\n","protected":false},"excerpt":{"rendered":"Par Sarah Coulet Publi\u00e9 le 3 sept. 2025 \u00e0 17h07 Une sortie qui vire au drame. Lundi 1er\u00a0septembre&hellip;\n","protected":false},"author":2,"featured_media":109960,"comment_status":"","ping_status":"","sticky":false,"template":"","format":"standard","meta":{"footnotes":""},"categories":[1888],"tags":[119,1111,1928,11,1927,1777,674,1011,27,12,1926,626,1925,25,6561,2215,104],"class_list":{"0":"post-363538","1":"post","2":"type-post","3":"status-publish","4":"format-standard","5":"has-post-thumbnail","7":"category-paris","8":"tag-accident","9":"tag-actu","10":"tag-actu-paris","11":"tag-actualites","12":"tag-actualites-paris","13":"tag-eu","14":"tag-europe","15":"tag-fr","16":"tag-france","17":"tag-news","18":"tag-news-paris","19":"tag-paris","20":"tag-paris-news","21":"tag-republique-francaise","22":"tag-rer-c","23":"tag-sncf","24":"tag-societe"},"share_on_mastodon":{"url":"https:\/\/pubeurope.com\/@fr\/115141069108677093","error":""},"_links":{"self":[{"href":"https:\/\/www.europesays.com\/fr\/wp-json\/wp\/v2\/posts\/363538","targetHints":{"allow":["GET"]}}],"collection":[{"href":"https:\/\/www.europesays.com\/fr\/wp-json\/wp\/v2\/posts"}],"about":[{"href":"https:\/\/www.europesays.com\/fr\/wp-json\/wp\/v2\/types\/post"}],"author":[{"embeddable":true,"href":"https:\/\/www.europesays.com\/fr\/wp-json\/wp\/v2\/users\/2"}],"replies":[{"embeddable":true,"href":"https:\/\/www.europesays.com\/fr\/wp-json\/wp\/v2\/comments?post=363538"}],"version-history":[{"count":0,"href":"https:\/\/www.europesays.com\/fr\/wp-json\/wp\/v2\/posts\/363538\/revisions"}],"wp:featuredmedia":[{"embeddable":true,"href":"https:\/\/www.europesays.com\/fr\/wp-json\/wp\/v2\/media\/109960"}],"wp:attachment":[{"href":"https:\/\/www.europesays.com\/fr\/wp-json\/wp\/v2\/media?parent=363538"}],"wp:term":[{"taxonomy":"category","embeddable":true,"href":"https:\/\/www.europesays.com\/fr\/wp-json\/wp\/v2\/categories?post=363538"},{"taxonomy":"post_tag","embeddable":true,"href":"https:\/\/www.europesays.com\/fr\/wp-json\/wp\/v2\/tags?post=363538"}],"curies":[{"name":"wp","href":"https:\/\/api.w.org\/{rel}","templated":true}]}}