{"id":363539,"date":"2025-09-03T15:27:10","date_gmt":"2025-09-03T15:27:10","guid":{"rendered":"https:\/\/www.europesays.com\/fr\/363539\/"},"modified":"2025-09-03T15:27:10","modified_gmt":"2025-09-03T15:27:10","slug":"paris-est-devenue-la-ville-la-plus-mortelle-deurope","status":"publish","type":"post","link":"https:\/\/www.europesays.com\/fr\/363539\/","title":{"rendered":"Paris est devenue la ville la plus mortelle d\u2019Europe"},"content":{"rendered":"<p>Depuis quelques ann\u00e9es, les <strong>vagues de chaleur <\/strong>se multiplient \u00e0 travers l\u2019Europe, y compris \u00e0 <strong>Paris.<\/strong> L\u2019une des<strong> cons\u00e9quences du r\u00e9chauffement climatique<\/strong>, qui peut malheureusement avoir des <strong>cons\u00e9quences dramatiques<\/strong> sur les habitants de la <strong>Ville Lumi\u00e8re.<\/strong> En t\u00e9moignent les chiffres assez alarmants de cette <strong><a href=\"https:\/\/www.thelancet.com\/journals\/lanplh\/article\/PIIS2542-5196(23)00023-2\/fulltext\" rel=\"nofollow noopener noreferrer\" target=\"_blank\">nouvelle \u00e9tude scientifique<\/a> <\/strong>publi\u00e9 par <strong>The Lancet<\/strong>, qui mettent en avant les<strong> risques accrus de mortalit\u00e9<\/strong> en cas de temp\u00e9ratures tr\u00e8s \u00e9lev\u00e9es dans la capitale.<\/p>\n<p>&#13;<br \/>\n<br \/>Un taux de mortalit\u00e9 d\u00e9fiant tous les records&#13;<\/p>\n<p>Alors que<strong> la plan\u00e8te va de plus en plus mal<\/strong>, et que nous fr\u00f4lons dangereusement<strong> la barre des 2\u00b0 suppl\u00e9mentaires<\/strong> fix\u00e9e par les <strong>accords de Paris<\/strong>, les <strong><a href=\"https:\/\/www.lebonbon.fr\/paris\/societe\/paris-canicule-rechauffement-climatique\/\" rel=\"nofollow noopener\" target=\"_blank\">temp\u00e9ratures<\/a> <a href=\"https:\/\/www.lebonbon.fr\/paris\/societe\/paris-canicule-rechauffement-climatique\/\" rel=\"nofollow noopener\" target=\"_blank\">se<\/a> <a href=\"https:\/\/www.lebonbon.fr\/paris\/societe\/paris-canicule-rechauffement-climatique\/\" rel=\"nofollow noopener\" target=\"_blank\">d\u00e9r\u00e8glent<\/a> de plus en plus <\/strong>dans les grandes villes, donnant lieu \u00e0 des<strong> \u00e9t\u00e9s de plus en plus chauds<\/strong>, mais aussi \u00e0 des <strong>hivers de plus en plus froids<\/strong>. Des temp\u00e9ratures extr\u00eames, <strong>mettant en danger la vie des citoyens<\/strong>. Pour faire un \u00e9tat de la situation, une \u00e9tude parue dans <strong>The Lancet<\/strong> a \u00e9tudi\u00e9<strong> l\u2019impact de ces vagues de chaleur <\/strong>dans <strong>plus de 850 villes europ\u00e9ennes<\/strong> depuis 2000.<\/p>\n<p>&#13;<\/p>\n<blockquote class=\"twitter-tweet\"><p>&#13;<\/p>\n<p lang=\"fr\" dir=\"ltr\">Bilan de la politique d&rsquo;Anne Hidalgo &amp; de David Belliard \u27a1\ufe0f Paris est la capitale europ\u00e9enne la plus mortelle en cas de canicule!<\/p>\n<p>4 plans climats &amp; des centaines d&rsquo;annonces apr\u00e8s, Paris n&rsquo;a jamais \u00e9t\u00e9 autant une fournaise aux arbres morts ou coup\u00e9s, tandis que&#8230; 1\/2 <a href=\"https:\/\/t.co\/pavQTfeEqd\" rel=\"nofollow\">https:\/\/t.co\/pavQTfeEqd<\/a><\/p>\n<p>&#13;<br \/>\n\u2014 Rachida Dati \u0646 (@datirachida) <a href=\"https:\/\/twitter.com\/datirachida\/status\/1954994705202069751?ref_src=twsrc%5Etfw\" rel=\"nofollow noopener\" target=\"_blank\">August 11, 2025<\/a><\/p><\/blockquote>\n<p>&#13;<br \/>\n&#13;<\/p>\n<p>Et le r\u00e9sultat est sans appel. Depuis un quart de si\u00e8cle,<strong> Paris a connu une surmortalit\u00e9 de 127% <\/strong>en <strong><a href=\"https:\/\/www.lebonbon.fr\/paris\/news\/france-route-vers-ete-caniculaire-previsions-meteo-france\/\" rel=\"nofollow noopener\" target=\"_blank\">p\u00e9riode<\/a> <a href=\"https:\/\/www.lebonbon.fr\/paris\/news\/france-route-vers-ete-caniculaire-previsions-meteo-france\/\" rel=\"nofollow noopener\" target=\"_blank\">de<\/a> <a href=\"https:\/\/www.lebonbon.fr\/paris\/news\/france-route-vers-ete-caniculaire-previsions-meteo-france\/\" rel=\"nofollow noopener\" target=\"_blank\">canicule<\/a>,<\/strong> notamment \u00e0 l\u2019\u00e9t\u00e9 2003, en faisant, de loin,<strong> la ville la plus dangereuse en p\u00e9riode estivale<\/strong>. \u00c0 l\u2019inverse, l\u2019\u00e9tude permet \u00e9galement de <strong>d\u00e9terminer la ville la plus mortelle<\/strong> en p\u00e9riode de <strong>grands froids,<\/strong> et il s&rsquo;agit cette fois-ci de la capitale anglaise, <strong>Londres.<\/strong> Les donn\u00e9es, recueillies aupr\u00e8s de sources s\u00fbres telles que la NASA et Copernicus, <strong>t\u00e9moignent d\u2019une urgence sans pr\u00e9c\u00e9dent \u00e0 agir.<\/strong><\/p>\n<p>&#13;<br \/>\n<br \/>Des solutions \u00e0 mettre en place au plus vite&#13;<\/p>\n<p>Mais alors <strong>comment s\u2019explique cette position peu enviable\u00a0?<\/strong> Tout simplement gr\u00e2ce \u00e0 un <strong>urbanisme tr\u00e8s peu adapt\u00e9<\/strong> aux fortes chaleurs, comme peuvent l\u2019\u00eatre les villes situ\u00e9es plus au sud. La <strong>densit\u00e9 de population \u00e9lev\u00e9e <\/strong>et <strong>l&rsquo;architecture haussmannienne<\/strong> exacerbent les temp\u00e9ratures \u00e9lev\u00e9es, de m\u00eame que la<strong> raret\u00e9 des espaces verts<\/strong>. Des <strong>solutions<\/strong> sont toutefois d\u00e9j\u00e0 <strong>en cours de d\u00e9veloppement <\/strong>par la mairie de Paris. On peut citer par exemple la<strong> multiplication des \u00eelots de fra\u00eecheur<\/strong> et autres <strong><a href=\"https:\/\/www.lebonbon.fr\/paris\/news\/foret-urbaine-hotel-ville-inauguration\/\" rel=\"nofollow noopener\" target=\"_blank\">for\u00eats<\/a> <a href=\"https:\/\/www.lebonbon.fr\/paris\/news\/foret-urbaine-hotel-ville-inauguration\/\" rel=\"nofollow noopener\" target=\"_blank\">urbaines<\/a>,<\/strong> ou encore la mise en place d\u2019un <strong>tout nouveau <a href=\"https:\/\/www.lebonbon.fr\/paris\/news\/rechauffement-climatique-paris-nouveau-plan-pluie\/\" rel=\"nofollow noopener\" target=\"_blank\">Plan<\/a> <a href=\"https:\/\/www.lebonbon.fr\/paris\/news\/rechauffement-climatique-paris-nouveau-plan-pluie\/\" rel=\"nofollow noopener\" target=\"_blank\">Pluie<\/a><\/strong> d\u00e9voil\u00e9 cet \u00e9t\u00e9. Quoi qu\u2019il en soit, on esp\u00e8re une inversion rapide de la tendance.<\/p>\n<p>&#13;<\/p>\n<blockquote class=\"twitter-tweet\"><p>&#13;<\/p>\n<p lang=\"en\" dir=\"ltr\">Paris, out of 854 European cities, is where the risk of dying from heat is the highest, according to a study published by The Lancet Planetary Health. <a href=\"https:\/\/t.co\/EsynlSL3ZJ\" rel=\"nofollow\">pic.twitter.com\/EsynlSL3ZJ<\/a><\/p>\n<p>&#13;<br \/>\n\u2014 Tariq KRIM (@tariqkrim) <a href=\"https:\/\/twitter.com\/tariqkrim\/status\/1670366154357874688?ref_src=twsrc%5Etfw\" rel=\"nofollow noopener\" target=\"_blank\">June 18, 2023<\/a><\/p><\/blockquote>\n<p>&#13;<br \/>\n<script async src=\"https:\/\/platform.twitter.com\/widgets.js\" charset=\"utf-8\"><\/script><\/p>\n","protected":false},"excerpt":{"rendered":"Depuis quelques ann\u00e9es, les vagues de chaleur se multiplient \u00e0 travers l\u2019Europe, y compris \u00e0 Paris. L\u2019une des&hellip;\n","protected":false},"author":2,"featured_media":363540,"comment_status":"","ping_status":"","sticky":false,"template":"","format":"standard","meta":{"footnotes":""},"categories":[1888],"tags":[1111,1928,11,1927,1777,674,1011,27,12,1926,626,1925,25],"class_list":{"0":"post-363539","1":"post","2":"type-post","3":"status-publish","4":"format-standard","5":"has-post-thumbnail","7":"category-paris","8":"tag-actu","9":"tag-actu-paris","10":"tag-actualites","11":"tag-actualites-paris","12":"tag-eu","13":"tag-europe","14":"tag-fr","15":"tag-france","16":"tag-news","17":"tag-news-paris","18":"tag-paris","19":"tag-paris-news","20":"tag-republique-francaise"},"share_on_mastodon":{"url":"https:\/\/pubeurope.com\/@fr\/115141072862965399","error":""},"_links":{"self":[{"href":"https:\/\/www.europesays.com\/fr\/wp-json\/wp\/v2\/posts\/363539","targetHints":{"allow":["GET"]}}],"collection":[{"href":"https:\/\/www.europesays.com\/fr\/wp-json\/wp\/v2\/posts"}],"about":[{"href":"https:\/\/www.europesays.com\/fr\/wp-json\/wp\/v2\/types\/post"}],"author":[{"embeddable":true,"href":"https:\/\/www.europesays.com\/fr\/wp-json\/wp\/v2\/users\/2"}],"replies":[{"embeddable":true,"href":"https:\/\/www.europesays.com\/fr\/wp-json\/wp\/v2\/comments?post=363539"}],"version-history":[{"count":0,"href":"https:\/\/www.europesays.com\/fr\/wp-json\/wp\/v2\/posts\/363539\/revisions"}],"wp:featuredmedia":[{"embeddable":true,"href":"https:\/\/www.europesays.com\/fr\/wp-json\/wp\/v2\/media\/363540"}],"wp:attachment":[{"href":"https:\/\/www.europesays.com\/fr\/wp-json\/wp\/v2\/media?parent=363539"}],"wp:term":[{"taxonomy":"category","embeddable":true,"href":"https:\/\/www.europesays.com\/fr\/wp-json\/wp\/v2\/categories?post=363539"},{"taxonomy":"post_tag","embeddable":true,"href":"https:\/\/www.europesays.com\/fr\/wp-json\/wp\/v2\/tags?post=363539"}],"curies":[{"name":"wp","href":"https:\/\/api.w.org\/{rel}","templated":true}]}}