{"id":363543,"date":"2025-09-03T15:29:15","date_gmt":"2025-09-03T15:29:15","guid":{"rendered":"https:\/\/www.europesays.com\/fr\/363543\/"},"modified":"2025-09-03T15:29:15","modified_gmt":"2025-09-03T15:29:15","slug":"esa-pekka-salonen-nomme-chef-principal-de-lorchestre-de-paris-et-cest-une-excellente-nouvelle","status":"publish","type":"post","link":"https:\/\/www.europesays.com\/fr\/363543\/","title":{"rendered":"Esa-Pekka Salonen nomm\u00e9 chef principal de l\u2019Orchestre de Paris, et c\u2019est une excellente nouvelle"},"content":{"rendered":"<p>      En qu\u00eate de la baguette id\u00e9ale pour remplacer Klaus M\u00e4kel\u00e4, la Philharmonie de Paris a annonc\u00e9 mardi la nomination pour cinq ans du charismatique Finlandais comme chef principal. Il se verra \u00e9galement confier une chaire de cr\u00e9ation et d\u2019innovation.              <a href=\"https:\/\/www.europesays.com\/fr\/wp-content\/uploads\/2025\/09\/aba7054_upload-1-yqjilmmwcyr0-esa-pekka-salonen-2-a-audoin-desforges-philharmonie-de-paris-jpg.jpg\" data-pswp-width=\"\" data-pswp-height=\"\" class=\"media__hd\" target=\"_blank\">      <img decoding=\"async\" fetchpriority=\"high\" src=\"https:\/\/www.europesays.com\/fr\/wp-content\/uploads\/2025\/09\/aba7054_upload-1-yqjilmmwcyr0-esa-pekka-salonen-2-a-audoin-desforges-philharmonie-de-paris-jpg.jpg\" class=\"media__picture js-media-zoom-main \" alt=\"Esa-Pekka Salomen a collabor\u00e9 \u00e0 plusieurs reprises avec l\u2019Orchestre de Paris depuis\u00a01988.\" title=\"Photo Audoin Desforges\"\/>      <\/p>\n<p class=\"media__legend\"> Esa-Pekka Salomen a collabor\u00e9 \u00e0 plusieurs reprises avec l\u2019Orchestre de Paris depuis\u00a01988.  Photo Audoin Desforges  <\/p>\n<p>     <\/a>                    <\/p>\n<p class=\"author author--simple\">Par  <a class=\"author author--link\" href=\"https:\/\/www.telerama.fr\/recherche\/articles?q=Sophie+Bourdais\" rel=\"nofollow noopener\" target=\"_blank\"> Sophie Bourdais <\/a>    <\/p>\n<p class=\"publication__date\">Publi\u00e9 le 03 septembre 2025 \u00e0 17h09<\/p>\n<p class=\"publication__update\">Mis \u00e0 jour le 03 septembre 2025 \u00e0 17h20<\/p>\n<p>   Partager   <\/p>\n<ul class=\"sharing-popin--results\">\n<li class=\"sharing-popin--item sharing-popin--item-container\"> Partage  <\/li>\n<li data-share=\"linkedin\" class=\"sharing-popin--item\">  LinkedIn <\/li>\n<li data-share=\"facebook\" class=\"sharing-popin--item\">  Facebook <\/li>\n<li data-share=\"mail\" data-social=\"mail\" class=\"sharing-popin--item\">  Envoyer par email <\/li>\n<li data-share=\"copy\" class=\"sharing-popin--item\">  Copier le lien <\/li>\n<\/ul>\n<p>        Favoris       <\/p>\n<p>                <a class=\"openapp__link\" data-event=\"click-open-app\" data-deep-link=\"tlrm:\/\/element?id=\/musique\/esa-pekka-salonen-nomme-chef-principal-de-l-orchestre-de-paris-et-c-est-une-excellente-nouvelle-7027190.php&amp;source=deeplink_site\">  Lire dans l&rsquo;application<br \/>\n  <\/a>                               <\/p>\n<p class=\"paragraph\">Parfois les v\u0153ux se r\u00e9alisent, illuminant la rentr\u00e9e musicale. Le 15\u00a0mars 2024, apprenant sur X que le merveilleux chef finlandais Esa-Pekka Salonen ne renouvellerait pas son mandat \u00e0 la t\u00eate du San Francisco Symphony, on <a target=\"_blank\" href=\"https:\/\/x.com\/SophieBourdais\/status\/1768588589426770073\" rel=\"nofollow\">reposta sur-le-champ l\u2019information<\/a> avec un point d\u2019interrogation d\u00e9bordant d\u2019espoir\u00a0: \u00ab\u00a0Signe d\u2019un retour imminent d\u2019@esapekkasalonen en Europe, \u00e0 la t\u00eate, par exemple, d\u2019un grand orchestre qui manquerait bient\u00f4t d\u2019un directeur musical\u00a0?\u00a0\u00bb On pensait bien s\u00fbr \u00e0 l\u2019Orchestre de Paris, galvanis\u00e9 depuis\u00a02021 par un compatriote de Salonen, le jeune chef Klaus M\u00e4kel\u00e4, 29\u00a0ans, mais bien oblig\u00e9 d\u2019anticiper <a target=\"_blank\" href=\"https:\/\/www.telerama.fr\/musique\/nomme-a-la-tete-du-chicago-symphony-orchestra-klaus-makela-ne-lache-pas-paris-pour-autant-7019920.php\" rel=\"nofollow noopener\">son d\u00e9part pour Amsterdam et Chicago <\/a>en septembre\u00a02027. Quel meilleur profil, pour le remplacer, que celui de ce chef de 67\u00a0ans, mondialement r\u00e9put\u00e9, tr\u00e8s aim\u00e9 du public et des musiciens parisiens\u00a0? Il collaborait avec eux depuis\u00a01988, les avait entra\u00een\u00e9s au Festival d\u2019Aix-en-Provence dans <a target=\"_blank\" href=\"https:\/\/www.telerama.fr\/festivals-ete\/2013\/aix-en-provence-elektra-divinement-decapee-par-patrice-chereau,100144.php\" rel=\"nofollow noopener\">une Elektra d\u2019exception<\/a> et <a target=\"_blank\" href=\"https:\/\/www.telerama.fr\/musique\/de-mahler-a-mozart-le-festival-d-aix-en-provence-explore-l-eternelle-horreur-de-la-guerre-7011289.php\" rel=\"nofollow noopener\">une stup\u00e9fiante symphonie mahl\u00e9rienne<\/a>, \u00e9tait revenu r\u00e9guli\u00e8rement les diriger, y compris pendant la pand\u00e9mie de Covid-19. Chacun de ses passages \u00e0 la Philharmonie repr\u00e9sentait une promesse, toujours tenue, de joie, de complicit\u00e9, de ferveur musicale et de d\u00e9fis brillamment relev\u00e9s.<\/p>\n<p class=\"edito__prefixe\">   \u00c0 lire aussi :   <\/p>\n<p class=\"edito__text-container\">     <a alt=\"Lire aussi\" href=\"https:\/\/www.telerama.fr\/musique\/esa-pekka-salonen,-celui-qui-ne-voulait-pas-etre-chef,n5565696.php\" class=\"article__title--edito\" rel=\"nofollow noopener\" target=\"_blank\">Esa-Pekka Salonen, celui qui ne voulait pas \u00eatre chef<\/a>  <\/p>\n<p class=\"paragraph\">Si les plan\u00e8tes semblaient s\u2019aligner id\u00e9alement, l\u2019Orchestre de Paris n\u2019\u00e9tait pas la seule formation mondiale en qu\u00eate d\u2019un leader charismatique, et l\u2019ancrage familial de Salonen se trouvait en Californie\u00a0; on n\u2019osait donc y croire. Et c\u2019est avec la joie de l\u2019enfant d\u00e9ballant ses cadeaux de No\u00ebl qu\u2019on a lu les communiqu\u00e9s transatlantiques exp\u00e9di\u00e9s mardi 2\u00a0septembre en milieu de journ\u00e9e. C\u00f4t\u00e9 France, Esa-Pekka Salonen est nomm\u00e9 chef principal de l\u2019Orchestre de Paris \u00e0 partir de septembre\u00a02027, pour un mandat de cinq ans, et se voit confier comme compositeur une chaire \u00ab\u00a0Cr\u00e9ation et innovation\u00a0\u00bb flambant neuve, indiquant que son go\u00fbt immod\u00e9r\u00e9 pour la r\u00e9invention de l\u2019exp\u00e9rience musicale pourra irriguer, au-del\u00e0 de l\u2019Orchestre de la maison, tous les d\u00e9partements de la Philharmonie.<\/p>\n<p class=\"paragraph\">C\u00f4t\u00e9 \u00c9tats-Unis, il retrouvera comme \u00ab\u00a0creative director\u00a0\u00bb, \u00e0 partir de l\u2019automne\u00a02026, le Los Angeles Philharmonic, qu\u2019il dirigea avec enthousiasme de\u00a01992 \u00e0\u00a02009. Notons qu\u2019\u00e0 Paris comme \u00e0 Los Angeles, Salonen ne sera pas directeur musical, et ce n\u2019est pas anecdotique\u00a0; il a fait clairement savoir, en quittant San Francisco, qu\u2019il ne souhaitait plus assumer cette fonction trop contraignante. Il b\u00e9n\u00e9ficiera donc de deux postes taill\u00e9s sur mesure, amen\u00e9s \u00e0 se nourrir l\u2019un l\u2019autre gr\u00e2ce \u00e0 une active coop\u00e9ration entre le Walt Disney Concert Hall, \u00e0 L.A., et la Philharmonie parisienne.<\/p>\n<p class=\"paragraph\">\u00c0 Paris, sa pr\u00e9sence aupr\u00e8s de l\u2019Orchestre est garantie huit semaines par an \u00e0 partir de septembre\u00a02027, sans compter les festivals et les tourn\u00e9es internationales dans lesquelles il entra\u00eenera les musiciens. D\u00e8s cette saison, Salonen viendra diriger l\u2019Orchestre de Paris dans Prokofiev, Wagner et Scriabine (les 12 et 13\u00a0novembre), <a target=\"_blank\" href=\"https:\/\/www.telerama.fr\/musique\/gyorgy-ligeti-en-six-morceaux-emblematiques-7014525.php\" rel=\"nofollow noopener\">Ligeti<\/a> et Bruckner (les 19 et 20\u00a0novembre), Debussy, <a target=\"_blank\" href=\"https:\/\/www.telerama.fr\/radio\/l-integrale-des-symphonies-de-sibelius-comme-si-vous-etiez-dans-l-auditorium-de-radio-france-7020006.php\" rel=\"nofollow noopener\">Sibelius<\/a> et la cr\u00e9ation fran\u00e7aise de son propre Concerto pour cor (les 1er et 2\u00a0avril 2026), et enfin <a target=\"_blank\" href=\"https:\/\/www.telerama.fr\/musique\/richard-strauss-un-maestro-sourd-au-bruit-des-bottes-7016514.php\" rel=\"nofollow noopener\">Richard Strauss<\/a>, Bart\u00f3k et Sibelius (les 8 et 9\u00a0avril 2026).<\/p>\n<p class=\"edito__prefixe\">   Philharmonie de Paris\u00a0   <\/p>\n<p class=\"edito__text-container\">     <a alt=\"Philharmonie de Paris\u00a0\" href=\"https:\/\/www.telerama.fr\/musique\/philharmonie-de-paris-ce-qu-il-ne-faudra-pas-rater-de-la-saison-2025-2026-1350-7025044.php\" class=\"article__title--edito\" rel=\"nofollow noopener\" target=\"_blank\">Philharmonie de Paris\u00a0: ce qu\u2019il ne faudra pas rater de la saison 2025-2026<\/a>  <\/p>\n<p class=\"paragraph\">La rentr\u00e9e de l\u2019orchestre s\u2019annonce ainsi sous les meilleurs auspices\u00a0; lib\u00e9r\u00e9s de leurs craintes concernant leur proche avenir, les musiciens retrouvent Klaus M\u00e4kel\u00e4 \u00e0 domicile d\u00e8s les 10 et 11\u00a0septembre, en cl\u00f4ture des <a target=\"_blank\" href=\"https:\/\/www.telerama.fr\/musique\/avec-les-prem-s-et-ses-billets-a-petit-prix-la-philharmonie-de-paris-veut-faire-place-s-aux-jeunes-7027095.php\" rel=\"nofollow noopener\">Prem\u2019s<\/a>, le festival symphonique d\u2019ouverture de saison, et dans un \u00e9bouriffant programme am\u00e9ricain. Autre excellente nouvelle, le poste de premier violon solo, laiss\u00e9 vacant par le d\u00e9part \u00e0 la retraite de Roland Daugareil en\u00a02021\u00a0et la mort brutale de Philippe A\u00efche en\u00a02022, est enfin pourvu\u00a0: formidable musicienne soliste et chambriste, premier violon solo de <a target=\"_blank\" href=\"https:\/\/www.telerama.fr\/radio\/l-orchestre-national-de-france-pres-d-un-siecle-d-aventure-celebre-sur-france-musique-7019612.php\" rel=\"nofollow noopener\">l\u2019Orchestre national de France<\/a> depuis\u00a02002, <a target=\"_blank\" href=\"https:\/\/www.telerama.fr\/musique\/les-violonistes-sarah-et-deborah-nemtanu-deux-s-urs-parfaitement-accordees-7013997.php\" rel=\"nofollow noopener\">Sarah Nemtanu<\/a> n\u2019arrive officiellement que le 1\u1d49\u02b3 janvier\u00a02026, mais sera d\u00e9j\u00e0 pr\u00e9sente, aux c\u00f4t\u00e9s de l\u2019Orchestre de Paris, le 16\u00a0octobre, les 12 et 13\u00a0novembre, et les 3 et 4\u00a0d\u00e9cembre.<\/p>\n","protected":false},"excerpt":{"rendered":"En qu\u00eate de la baguette id\u00e9ale pour remplacer Klaus M\u00e4kel\u00e4, la Philharmonie de Paris a annonc\u00e9 mardi la&hellip;\n","protected":false},"author":2,"featured_media":363544,"comment_status":"","ping_status":"","sticky":false,"template":"","format":"standard","meta":{"footnotes":""},"categories":[1888],"tags":[11,1777,674,1011,27,12,626,25],"class_list":{"0":"post-363543","1":"post","2":"type-post","3":"status-publish","4":"format-standard","5":"has-post-thumbnail","7":"category-paris","8":"tag-actualites","9":"tag-eu","10":"tag-europe","11":"tag-fr","12":"tag-france","13":"tag-news","14":"tag-paris","15":"tag-republique-francaise"},"share_on_mastodon":{"url":"https:\/\/pubeurope.com\/@fr\/115141080865033098","error":""},"_links":{"self":[{"href":"https:\/\/www.europesays.com\/fr\/wp-json\/wp\/v2\/posts\/363543","targetHints":{"allow":["GET"]}}],"collection":[{"href":"https:\/\/www.europesays.com\/fr\/wp-json\/wp\/v2\/posts"}],"about":[{"href":"https:\/\/www.europesays.com\/fr\/wp-json\/wp\/v2\/types\/post"}],"author":[{"embeddable":true,"href":"https:\/\/www.europesays.com\/fr\/wp-json\/wp\/v2\/users\/2"}],"replies":[{"embeddable":true,"href":"https:\/\/www.europesays.com\/fr\/wp-json\/wp\/v2\/comments?post=363543"}],"version-history":[{"count":0,"href":"https:\/\/www.europesays.com\/fr\/wp-json\/wp\/v2\/posts\/363543\/revisions"}],"wp:featuredmedia":[{"embeddable":true,"href":"https:\/\/www.europesays.com\/fr\/wp-json\/wp\/v2\/media\/363544"}],"wp:attachment":[{"href":"https:\/\/www.europesays.com\/fr\/wp-json\/wp\/v2\/media?parent=363543"}],"wp:term":[{"taxonomy":"category","embeddable":true,"href":"https:\/\/www.europesays.com\/fr\/wp-json\/wp\/v2\/categories?post=363543"},{"taxonomy":"post_tag","embeddable":true,"href":"https:\/\/www.europesays.com\/fr\/wp-json\/wp\/v2\/tags?post=363543"}],"curies":[{"name":"wp","href":"https:\/\/api.w.org\/{rel}","templated":true}]}}