{"id":363547,"date":"2025-09-03T15:31:12","date_gmt":"2025-09-03T15:31:12","guid":{"rendered":"https:\/\/www.europesays.com\/fr\/363547\/"},"modified":"2025-09-03T15:31:12","modified_gmt":"2025-09-03T15:31:12","slug":"ca-sest-passe-dans-la-tete-de-trump-pourquoi-la-rencontre-poutine-zelensky-reste-un-mirage","status":"publish","type":"post","link":"https:\/\/www.europesays.com\/fr\/363547\/","title":{"rendered":"\u00ab\u00a0\u00c7a s\u2019est pass\u00e9 dans la t\u00eate de Trump\u2026\u00a0\u00bb Pourquoi la rencontre Poutine-Zelensky reste un mirage"},"content":{"rendered":"<p>Donald Trump se voyait d\u00e9j\u00e0 en haut de l\u2019affiche, t\u00eate haute et torse bomb\u00e9. Le 18 ao\u00fbt, lors d\u2019un appel avec le pr\u00e9sident des Etats-Unis, Vladimir Poutine se disait pr\u00eat \u00e0 rencontrer <a href=\"https:\/\/www.20minutes.fr\/monde\/volodymyr-zelensky\/\" class=\"c-link c-link--is-underlined\" rel=\"nofollow noopener\" target=\"_blank\">Volodymyr Zelensky<\/a>. Il \u00e9tait alors question d\u2019un rendez-vous dans les quinze jours. Le temps est pass\u00e9, le sablier s\u2019est compl\u00e8tement vid\u00e9, et rien. Au grand dam de <a href=\"https:\/\/www.20minutes.fr\/dossier\/donald_trump\" class=\"c-link c-link--is-underlined\" rel=\"nofollow noopener\" target=\"_blank\">Donald Trump<\/a>, qui comptait se placer en sauveur de l\u2019humanit\u00e9. L\u2019id\u00e9e est-elle d\u00e9finitivement enterr\u00e9e\u00a0?<\/p>\n<p>Mirage, mirage<\/p>\n<p>La perspective d\u2019une rencontre constituait en elle-m\u00eame une sacr\u00e9e avanc\u00e9e. La porte-parole de la Maison-Blanche, Karoline Leavitt, confirmait alors que les pr\u00e9paratifs d\u2019une rencontre bilat\u00e9rale \u00e9taient \u00ab\u00a0en cours\u00a0\u00bb, les deux dirigeants ayant \u00ab\u00a0exprim\u00e9 leur volont\u00e9 de se rencontrer\u00a0\u00bb. Le d\u00e9bat commen\u00e7ait m\u00eame \u00e0 porter sur le lieu\u00a0de ce sommet. Poutine a propos\u00e9 Moscou, mais a logiquement re\u00e7u une fin de non-recevoir de la part de son homologue ukrainien. Pas d\u00e9cid\u00e9 \u00e0 jouer \u00e0 l\u2019ext\u00e9rieur, Zelensky a affich\u00e9 sa pr\u00e9f\u00e9rence pour une rencontre \u00ab\u00a0dans une <a href=\"https:\/\/www.20minutes.fr\/dossier\/europe\" class=\"c-link c-link--is-underlined\" rel=\"nofollow noopener\" target=\"_blank\">Europe<\/a> neutre\u00a0\u00bb.<\/p>\n<p>La <a href=\"https:\/\/www.20minutes.fr\/dossier\/suisse\" class=\"c-link c-link--is-underlined\" rel=\"nofollow noopener\" target=\"_blank\">Suisse<\/a>, la <a href=\"https:\/\/www.20minutes.fr\/monde\/turquie\/\" class=\"c-link c-link--is-underlined\" rel=\"nofollow noopener\" target=\"_blank\">Turquie<\/a>, la <a href=\"https:\/\/www.20minutes.fr\/dossier\/hongrie\" class=\"c-link c-link--is-underlined\" rel=\"nofollow noopener\" target=\"_blank\">Hongrie<\/a>, l\u2019<a href=\"https:\/\/www.20minutes.fr\/dossier\/autriche\" class=\"c-link c-link--is-underlined\" rel=\"nofollow noopener\" target=\"_blank\">Autriche<\/a>, voire le <a href=\"https:\/\/www.20minutes.fr\/dossier\/vatican\" class=\"c-link c-link--is-underlined\" rel=\"nofollow noopener\" target=\"_blank\">Vatican<\/a>, qui se positionnait en juillet \u00ab\u00a0d\u2019accueillir des repr\u00e9sentants de la Russie et de l\u2019Ukraine pour des n\u00e9gociations\u00a0\u00bb, ont tous \u00e9t\u00e9 \u00e9voqu\u00e9s comme options potentielles. Sans que la machine se mette v\u00e9ritablement en marche. La semaine pass\u00e9e, voyant le temps avancer, le pr\u00e9sident ukrainien s\u2019est permis une piq\u00fbre de rappel en glissant que \u00ab\u00a0ces deux semaines\u00a0\u00bb, claironn\u00e9es par Trump, expiraient lundi.<\/p>\n<p>L\u2019espoir est n\u00e9anmoins rest\u00e9 vain. Pire, une rencontre ne semble plus du tout \u00e0 l\u2019ordre du jour. Pas vraiment surprenant pour Carole Grimaud, <a href=\"https:\/\/expertes.fr\/expertes\/71105-carole-grimaud\/\" target=\"_blank\" class=\"c-link c-link--is-underlined\" rel=\"nofollow noopener\">sp\u00e9cialiste de la Russie\u00a0<\/a>: \u00ab\u00a0La rencontre Poutine-Zelensky, \u00e7a s\u2019est pass\u00e9 dans la t\u00eate de Trump. Les Russes ont d\u00fb donner quelques signaux faibles, que le pr\u00e9sident am\u00e9ricain a interpr\u00e9t\u00e9s comme quelque chose de fabuleux, mais il n\u2019y a rien.\u00a0\u00bb Le pr\u00e9sident des Etats-Unis s\u2019est donc emball\u00e9, press\u00e9 d\u2019en finir avec une guerre qui pollue le d\u00e9but de son mandat.<\/p>\n<\/p>\n<p>Sortir de l\u2019isolement diplomatique<\/p>\n<p>Vladimir Poutine n\u2019a jamais vraiment eu l\u2019intention de rencontrer son homologue ukrainien selon Carole Grimaud, en t\u00e9moigne son appel \u00e0 venir \u00e0 <a href=\"https:\/\/www.20minutes.fr\/monde\/moscou\/\" class=\"c-link c-link--is-underlined\" rel=\"nofollow noopener\" target=\"_blank\">Moscou<\/a>, \u00ab\u00a0absolument impossible \u00e0 accepter pour l\u2019Ukraine\u00a0\u00bb. La Russie avait toutefois int\u00e9r\u00eat \u00e0 transmettre ces \u00ab\u00a0signaux faibles\u00a0\u00bb pour aller dans le sens du locataire de la Maison-Blanche et reprendre une relation avec la puissance am\u00e9ricaine. \u00ab\u00a0Les Russes parlent toujours de n\u00e9gociation, de rencontrer la partie ukrainienne, de mettre fin \u00e0 la guerre. C\u2019est assez r\u00e9current. Dans les faits, cela fait juste le jeu de Donald Trump, qui veut absolument une rencontre et la fin de la guerre\u00a0\u00bb, estime l\u2019experte.<\/p>\n<p>\u00ab\u00a0Trump a offert \u00e0 Poutine ce qu\u2019il voulait\u00a0: un tapis rouge, au sens propre et au sens figur\u00e9, pour sortir de son isolement diplomatique avec l\u2019ouest. Trump n\u2019est pas l\u00e0 \u00e9ternellement donc Poutine saisit cette chance de renouer les contacts avec les Etats-Unis et d\u2019en finir avec la <a href=\"https:\/\/www.20minutes.fr\/dossier\/guerre_froide\" class=\"c-link c-link--is-underlined\" rel=\"nofollow noopener\" target=\"_blank\">Guerre froide<\/a> qu\u2019il y avait lorsque Biden \u00e9tait \u00e0 la Maison-Blanche. C\u2019est un grain de sable en moins pour lui.\u00a0\u00bb En jouant le jeu de cette bromance, le pr\u00e9sident russe a ainsi pu avancer ses pions sur des sujets tels que les investissements en <a href=\"https:\/\/www.20minutes.fr\/planete\/arctique\/\" class=\"c-link c-link--is-underlined\" rel=\"nofollow noopener\" target=\"_blank\">Arctique<\/a>, que la <a href=\"https:\/\/www.20minutes.fr\/monde\/russie\/\" class=\"c-link c-link--is-underlined\" rel=\"nofollow noopener\" target=\"_blank\">Russie<\/a> et les Etats-Unis lorgnent avec app\u00e9tit, ou encore l\u2019all\u00e8gement des sanctions qui p\u00e8sent sur son pays.<\/p>\n<p>Une rencontre \u00ab\u00a0indispensable\u00a0\u00bb mais lointaine<\/p>\n<p>Alors que l\u2019arm\u00e9e russe \u00e9tait encore \u00ab\u00a0\u00e0 l\u2019offensive\u00a0\u00bb sur l\u2019ensemble du front mercredi, Zelensky se montre fataliste. \u00ab\u00a0Les Russes essaient de tout faire pour \u00e9viter la rencontre. Le probl\u00e8me n\u2019est pas la rencontre en elle-m\u00eame, le probl\u00e8me est qu\u2019ils ne veulent pas mettre fin \u00e0 la guerre\u00a0\u00bb, d\u00e9non\u00e7ait-il quelques jours plus t\u00f4t.<\/p>\n<p>\u00ab\u00a0Les choses n\u2019avancent pas, Donald Trump ne cesse de sauter d\u2019un ultimatum \u00e0 l\u2019autre et on voit que rien ne se passe. Ce n\u2019est pas tr\u00e8s encourageant\u00a0\u00bb, confie Carole Grimaud, notant que malgr\u00e9 les petits signes d\u2019ouverture et les discussions, \u00ab\u00a0le nerf du probl\u00e8me n\u2019est pas r\u00e9solu\u00a0\u00bb. Un gouffre s\u00e9pare toujours les positions des deux camps au sujet des garanties de s\u00e9curit\u00e9 et des concessions territoriales.<\/p>\n<p>La rencontre tant attendue par Trump devra donc attendre, le pr\u00e9sident am\u00e9ricain semblant s\u2019\u00eatre fait une raison, m\u00eame s\u2019il s\u2019est une \u00e9ni\u00e8me fois d\u00e9clar\u00e9 tr\u00e8s d\u00e9\u00e7u du comportement du pr\u00e9sident russe. \u00ab\u00a0Il faudra que Poutine et Zelensky se rencontrent pour signer un trait\u00e9 de paix, c\u2019est indispensable. Mais si elle avait lieu aujourd\u2019hui, cette rencontre ne serait que symbolique, poursuit la sp\u00e9cialiste de la Russie. On les voit mal s\u2019accorder compte tenu de l\u2019abysse toujours pr\u00e9gnant entre les deux pays. Une rencontre ferait plaisir \u00e0 Trump, mais les r\u00e9sultats ne seraient probablement \u00e0 la hauteur.\u00a0\u00bb Le 24 septembre marquera le 43e mois de cette guerre, lanc\u00e9e par la Russie en f\u00e9vrier\u00a02022.<\/p>\n","protected":false},"excerpt":{"rendered":"Donald Trump se voyait d\u00e9j\u00e0 en haut de l\u2019affiche, t\u00eate haute et torse bomb\u00e9. Le 18 ao\u00fbt, lors&hellip;\n","protected":false},"author":2,"featured_media":363548,"comment_status":"","ping_status":"","sticky":false,"template":"","format":"standard","meta":{"footnotes":""},"categories":[1590],"tags":[47,11,75,73,1777,674,131,74,1916,12,220,135,134],"class_list":{"0":"post-363547","1":"post","2":"type-post","3":"status-publish","4":"format-standard","5":"has-post-thumbnail","7":"category-ukraine","8":"tag-actualite","9":"tag-actualites","10":"tag-donald-trump","11":"tag-etats-unis","12":"tag-eu","13":"tag-europe","14":"tag-guerre-en-ukraine","15":"tag-monde","16":"tag-moscou","17":"tag-news","18":"tag-ukraine","19":"tag-vladimir-poutine","20":"tag-volodymyr-zelensky"},"share_on_mastodon":{"url":"https:\/\/pubeurope.com\/@fr\/115141088578712999","error":""},"_links":{"self":[{"href":"https:\/\/www.europesays.com\/fr\/wp-json\/wp\/v2\/posts\/363547","targetHints":{"allow":["GET"]}}],"collection":[{"href":"https:\/\/www.europesays.com\/fr\/wp-json\/wp\/v2\/posts"}],"about":[{"href":"https:\/\/www.europesays.com\/fr\/wp-json\/wp\/v2\/types\/post"}],"author":[{"embeddable":true,"href":"https:\/\/www.europesays.com\/fr\/wp-json\/wp\/v2\/users\/2"}],"replies":[{"embeddable":true,"href":"https:\/\/www.europesays.com\/fr\/wp-json\/wp\/v2\/comments?post=363547"}],"version-history":[{"count":0,"href":"https:\/\/www.europesays.com\/fr\/wp-json\/wp\/v2\/posts\/363547\/revisions"}],"wp:featuredmedia":[{"embeddable":true,"href":"https:\/\/www.europesays.com\/fr\/wp-json\/wp\/v2\/media\/363548"}],"wp:attachment":[{"href":"https:\/\/www.europesays.com\/fr\/wp-json\/wp\/v2\/media?parent=363547"}],"wp:term":[{"taxonomy":"category","embeddable":true,"href":"https:\/\/www.europesays.com\/fr\/wp-json\/wp\/v2\/categories?post=363547"},{"taxonomy":"post_tag","embeddable":true,"href":"https:\/\/www.europesays.com\/fr\/wp-json\/wp\/v2\/tags?post=363547"}],"curies":[{"name":"wp","href":"https:\/\/api.w.org\/{rel}","templated":true}]}}