{"id":363549,"date":"2025-09-03T15:32:10","date_gmt":"2025-09-03T15:32:10","guid":{"rendered":"https:\/\/www.europesays.com\/fr\/363549\/"},"modified":"2025-09-03T15:32:10","modified_gmt":"2025-09-03T15:32:10","slug":"usa-le-congres-face-au-risque-dune-paralysie-budgetaire","status":"publish","type":"post","link":"https:\/\/www.europesays.com\/fr\/363549\/","title":{"rendered":"USA : le Congr\u00e8s face au risque d\u2019une paralysie budg\u00e9taire"},"content":{"rendered":"<p>Aux Etats-Unis, le Congr\u00e8s est confront\u00e9 \u00e0 l\u2019urgence de parvenir \u00e0 un accord relatif au financement de l\u2019\u00c9tat f\u00e9d\u00e9ral, afin d\u2019\u00e9viter une paralysie budg\u00e9taire, dite \u00ab shutdown \u00bb, avant l\u2019\u00e9ch\u00e9ance du 30 septembre.<\/p>\n<p>Les \u00e9lus d\u00e9mocrates et r\u00e9publicains au Congr\u00e8s am\u00e9ricain disposent, ainsi, de moins de quatre semaines pour parvenir \u00e0 une solution. En l\u2019absence d\u2019un budget, une large partie de l\u2019appareil gouvernemental serait contrainte de suspendre ses activit\u00e9s.<\/p>\n<p>En effet, des centaines de milliers de fonctionnaires f\u00e9d\u00e9raux se retrouveraient en cong\u00e9 forc\u00e9, sans r\u00e9mun\u00e9ration, tandis que le trafic a\u00e9rien et le versement de certaines aides sociales aux familles \u00e0 bas revenus seraient gravement perturb\u00e9s.<\/p>\n","protected":false},"excerpt":{"rendered":"Aux Etats-Unis, le Congr\u00e8s est confront\u00e9 \u00e0 l\u2019urgence de parvenir \u00e0 un accord relatif au financement de l\u2019\u00c9tat&hellip;\n","protected":false},"author":2,"featured_media":363550,"comment_status":"","ping_status":"","sticky":false,"template":"","format":"standard","meta":{"footnotes":""},"categories":[1589],"tags":[11,4394,73,1866,12,49833,1864,1865,1863,308],"class_list":{"0":"post-363549","1":"post","2":"type-post","3":"status-publish","4":"format-standard","5":"has-post-thumbnail","7":"category-etats-unis","8":"tag-actualites","9":"tag-congres","10":"tag-etats-unis","11":"tag-etats-unis-damerique","12":"tag-news","13":"tag-paralysie-budgetaire","14":"tag-united-states","15":"tag-united-states-of-america","16":"tag-us","17":"tag-usa"},"share_on_mastodon":{"url":"https:\/\/pubeurope.com\/@fr\/115141092559855651","error":""},"_links":{"self":[{"href":"https:\/\/www.europesays.com\/fr\/wp-json\/wp\/v2\/posts\/363549","targetHints":{"allow":["GET"]}}],"collection":[{"href":"https:\/\/www.europesays.com\/fr\/wp-json\/wp\/v2\/posts"}],"about":[{"href":"https:\/\/www.europesays.com\/fr\/wp-json\/wp\/v2\/types\/post"}],"author":[{"embeddable":true,"href":"https:\/\/www.europesays.com\/fr\/wp-json\/wp\/v2\/users\/2"}],"replies":[{"embeddable":true,"href":"https:\/\/www.europesays.com\/fr\/wp-json\/wp\/v2\/comments?post=363549"}],"version-history":[{"count":0,"href":"https:\/\/www.europesays.com\/fr\/wp-json\/wp\/v2\/posts\/363549\/revisions"}],"wp:featuredmedia":[{"embeddable":true,"href":"https:\/\/www.europesays.com\/fr\/wp-json\/wp\/v2\/media\/363550"}],"wp:attachment":[{"href":"https:\/\/www.europesays.com\/fr\/wp-json\/wp\/v2\/media?parent=363549"}],"wp:term":[{"taxonomy":"category","embeddable":true,"href":"https:\/\/www.europesays.com\/fr\/wp-json\/wp\/v2\/categories?post=363549"},{"taxonomy":"post_tag","embeddable":true,"href":"https:\/\/www.europesays.com\/fr\/wp-json\/wp\/v2\/tags?post=363549"}],"curies":[{"name":"wp","href":"https:\/\/api.w.org\/{rel}","templated":true}]}}