{"id":363553,"date":"2025-09-03T15:34:10","date_gmt":"2025-09-03T15:34:10","guid":{"rendered":"https:\/\/www.europesays.com\/fr\/363553\/"},"modified":"2025-09-03T15:34:10","modified_gmt":"2025-09-03T15:34:10","slug":"dans-le-monde-six-millions-denfants-supplementaires-risquent-detre-descolarises-cest-comme-vider-toutes-les-ecoles-primaires-dallemagne-et-ditalie","status":"publish","type":"post","link":"https:\/\/www.europesays.com\/fr\/363553\/","title":{"rendered":"Dans le monde, six millions d&rsquo;enfants suppl\u00e9mentaires risquent d&rsquo;\u00eatre d\u00e9scolaris\u00e9s : c&rsquo;est comme \u00ab\u00a0vider toutes les \u00e9coles primaires d\u2019Allemagne et d\u2019Italie\u00a0\u00bb"},"content":{"rendered":"<p>Six millions d\u2019enfants suppl\u00e9mentaires risquent de ne plus avoir acc\u00e8s \u00e0 l\u2019enseignement d\u2019ici \u00e0 la fin de l\u2019ann\u00e9e 2026, alerte l\u2019Unicef, dans un rapport communiqu\u00e9 mardi 2\u00a0septembre. L\u2019organisation pr\u00e9vient que l\u2019<a href=\"https:\/\/www.humanite.fr\/monde\/espagne\/un-deficit-estime-a-4-000-milliards-de-dollars-par-an-lonu-se-reunit-a-seville-pour-sauver-le-financement-du-developpement-lache-par-les-puissances-oc\" target=\"_blank\" rel=\"noopener\">aide publique au d\u00e9veloppement <\/a>(APD) en faveur de l\u2019\u00e9ducation se verra diminuer de 3,2\u00a0milliards de dollars. Soit une baisse de 24\u00a0% par rapport \u00e0 2023. En cause\u00a0: les diminutions des aides publiques aux \u00c9tats-Unis et en Europe. Une telle r\u00e9duction de fonds pourrait faire passer le nombre\u00a0d\u2019enfants\u00a0d\u00e9scolaris\u00e9s dans le monde de 272\u00a0millions \u00e0 278\u00a0millions.<\/p>\n<p>Six millions, c\u2019est\u00a0\u00ab\u00a0vider toutes les \u00e9coles primaires d\u2019Allemagne et d\u2019Italie\u00a0\u00bb, note l\u2019agence, \u00e0 titre de comparaison.\u00a0Les plus touch\u00e9es seraient les r\u00e9gions d\u2019Afrique centrale et de l\u2019Ouest, avec 1,9\u00a0million d\u2019enfants menac\u00e9s d\u2019\u00eatre priv\u00e9s d\u2019\u00e9ducation. <\/p>\n<p>\u00ab Chaque dollar en moins allou\u00e9 a des r\u00e9percussions sur l\u2019avenir des enfants\u00a0\u00bb<\/p>\n<p>La C\u00f4te d\u2019Ivoire et le Mali seraient particuli\u00e8rement \u00e0 risque, pr\u00e9cise l\u2019agence onusienne, estimant que respectivement 340\u00a0000\u00a0et 180\u00a0000\u00a0\u00e9tudiants seraient touch\u00e9s. Au total, 28\u00a0pays perdraient au moins un quart de l\u2019aide \u00e0 l\u2019\u00e9ducation sur laquelle ils comptent. \u00ab\u00a0Au-del\u00e0 des questions budg\u00e9taires, chaque dollar en moins allou\u00e9 \u00e0 l\u2019\u00e9ducation a des r\u00e9percussions sur l\u2019avenir des enfants\u00a0\u00bb, a d\u00e9clar\u00e9\u00a0Catherine Russell, directrice g\u00e9n\u00e9rale de l\u2019Unicef.<\/p>\n<p>L\u2019organisation des Nations unies rappelle que l\u2019\u00e9ducation permet \u00e9galement aux enfants traumatis\u00e9s des situations de crise humanitaire de b\u00e9n\u00e9ficier d\u2019un soutien vital. Et appelle les pays donateurs et partenaires \u00e0 redistribuer l\u2019aide de mani\u00e8re plus \u00e9quitable et efficace.<\/p>\n<p>Urgence pour l\u2019Humanit\u00e9<br \/>Votre don peut tout changer<\/p>\n<p>Faites vivre un m\u00e9dia libre et engag\u00e9, toujours du c\u00f4t\u00e9 de celles et ceux qui luttent<br \/><a href=\"https:\/\/abonnement.humanite.fr\/don-humanite\/\" data-type=\"link\" data-id=\"https:\/\/stage.preprod.humanite.fr\/lhumanite-cest-vous\" target=\"_blank\" rel=\"noopener\">Je veux en savoir plus<\/a><\/p>\n","protected":false},"excerpt":{"rendered":"Six millions d\u2019enfants suppl\u00e9mentaires risquent de ne plus avoir acc\u00e8s \u00e0 l\u2019enseignement d\u2019ici \u00e0 la fin de l\u2019ann\u00e9e&hellip;\n","protected":false},"author":2,"featured_media":363554,"comment_status":"","ping_status":"","sticky":false,"template":"","format":"standard","meta":{"footnotes":""},"categories":[1587],"tags":[49834,11,672,1804,1805,1803,1777,674,1801,12,1802,11381],"class_list":{"0":"post-363553","1":"post","2":"type-post","3":"status-publish","4":"format-standard","5":"has-post-thumbnail","7":"category-allemagne","8":"tag-accu00e8s-u00e0-lu00e9ducation","9":"tag-actualites","10":"tag-allemagne","11":"tag-bundesrepublik-deutschland","12":"tag-de","13":"tag-deutschland","14":"tag-eu","15":"tag-europe","16":"tag-germany","17":"tag-news","18":"tag-republique-federale-dallemagne","19":"tag-unicef"},"share_on_mastodon":{"url":"https:\/\/pubeurope.com\/@fr\/115141100454337474","error":""},"_links":{"self":[{"href":"https:\/\/www.europesays.com\/fr\/wp-json\/wp\/v2\/posts\/363553","targetHints":{"allow":["GET"]}}],"collection":[{"href":"https:\/\/www.europesays.com\/fr\/wp-json\/wp\/v2\/posts"}],"about":[{"href":"https:\/\/www.europesays.com\/fr\/wp-json\/wp\/v2\/types\/post"}],"author":[{"embeddable":true,"href":"https:\/\/www.europesays.com\/fr\/wp-json\/wp\/v2\/users\/2"}],"replies":[{"embeddable":true,"href":"https:\/\/www.europesays.com\/fr\/wp-json\/wp\/v2\/comments?post=363553"}],"version-history":[{"count":0,"href":"https:\/\/www.europesays.com\/fr\/wp-json\/wp\/v2\/posts\/363553\/revisions"}],"wp:featuredmedia":[{"embeddable":true,"href":"https:\/\/www.europesays.com\/fr\/wp-json\/wp\/v2\/media\/363554"}],"wp:attachment":[{"href":"https:\/\/www.europesays.com\/fr\/wp-json\/wp\/v2\/media?parent=363553"}],"wp:term":[{"taxonomy":"category","embeddable":true,"href":"https:\/\/www.europesays.com\/fr\/wp-json\/wp\/v2\/categories?post=363553"},{"taxonomy":"post_tag","embeddable":true,"href":"https:\/\/www.europesays.com\/fr\/wp-json\/wp\/v2\/tags?post=363553"}],"curies":[{"name":"wp","href":"https:\/\/api.w.org\/{rel}","templated":true}]}}