{"id":363567,"date":"2025-09-03T15:43:11","date_gmt":"2025-09-03T15:43:11","guid":{"rendered":"https:\/\/www.europesays.com\/fr\/363567\/"},"modified":"2025-09-03T15:43:11","modified_gmt":"2025-09-03T15:43:11","slug":"us-open-rick-macci-sur-zverev-je-ne-sais-pas-ce-qui-se-passe-au-niveau-mental-il-est-un-peu-instable-et-semble-parfois-abandonner-trop-facilement","status":"publish","type":"post","link":"https:\/\/www.europesays.com\/fr\/363567\/","title":{"rendered":"US Open > Rick Macci sur Zverev : \u00ab\u00a0Je ne sais pas ce qui se passe au niveau mental. Il est un peu instable et semble parfois abandonner trop facilement\u00a0\u00bb"},"content":{"rendered":"<p>Lors d\u2019une inter\u00adview accord\u00e9e \u00e0 <a href=\"https:\/\/www.tennis365.com\/tennis-features\/will-alexander-zverev-win-grand-slam-us-open-mentality-rick-macci\" data-wpel-link=\"external\" target=\"_blank\" rel=\"nofollow external noopener\">Tennis365<\/a>, l\u2019an\u00adcien forma\u00adteur des soeurs Williams, Rick Macci, a \u00e9voqu\u00e9 le cas Zverev, \u00e9limin\u00e9 au 3e tour de l\u2019US Open et toujours en qu\u00eate d\u2019un premier titre en Grand Chelem.\u00a0<\/p>\n<p><strong>\u00ab\u202fJe ne sais pas ce qui se passe parfois au niveau mental. Il est un peu instable. Mais il en est capable et s\u2019il y avait quel\u00adqu\u2019un qui, selon moi, aurait pu atteindre ce niveau (remporter un tournoi majeur), c\u2019est bien lui, car il a un excellent service, il est solide au fond du court et il se d\u00e9place bien. Il sera donc int\u00e9\u00adres\u00adsant de voir s\u2019il peut inverser la tendance. Mais l\u00e0 encore, tous les autres s\u2019am\u00e9\u00adliorent. Je ne sais pas, menta\u00adle\u00adment, il semble parfois aban\u00addonner trop faci\u00adle\u00adment. Et pour \u00eatre excellent, il faut \u00eatre pr\u00e9sent \u00e0 chaque point.\u202f\u00bb<\/strong><\/p>\n<p class=\"post-published-date\" style=\"color: silver; font-size: 75%; text-align: left;\">Publi\u00e9 le mercredi 3 septembre 2025 \u00e0 15:23<\/p>\n","protected":false},"excerpt":{"rendered":"Lors d\u2019une inter\u00adview accord\u00e9e \u00e0 Tennis365, l\u2019an\u00adcien forma\u00adteur des soeurs Williams, Rick Macci, a \u00e9voqu\u00e9 le cas Zverev,&hellip;\n","protected":false},"author":2,"featured_media":363568,"comment_status":"","ping_status":"","sticky":false,"template":"","format":"standard","meta":{"footnotes":""},"categories":[1415],"tags":[1011,27,2201,60,1467,4542],"class_list":{"0":"post-363567","1":"post","2":"type-post","3":"status-publish","4":"format-standard","5":"has-post-thumbnail","7":"category-tennis","8":"tag-fr","9":"tag-france","10":"tag-serena-williams","11":"tag-sports","12":"tag-tennis","13":"tag-zverev"},"share_on_mastodon":{"url":"https:\/\/pubeurope.com\/@fr\/115141135786828783","error":""},"_links":{"self":[{"href":"https:\/\/www.europesays.com\/fr\/wp-json\/wp\/v2\/posts\/363567","targetHints":{"allow":["GET"]}}],"collection":[{"href":"https:\/\/www.europesays.com\/fr\/wp-json\/wp\/v2\/posts"}],"about":[{"href":"https:\/\/www.europesays.com\/fr\/wp-json\/wp\/v2\/types\/post"}],"author":[{"embeddable":true,"href":"https:\/\/www.europesays.com\/fr\/wp-json\/wp\/v2\/users\/2"}],"replies":[{"embeddable":true,"href":"https:\/\/www.europesays.com\/fr\/wp-json\/wp\/v2\/comments?post=363567"}],"version-history":[{"count":0,"href":"https:\/\/www.europesays.com\/fr\/wp-json\/wp\/v2\/posts\/363567\/revisions"}],"wp:featuredmedia":[{"embeddable":true,"href":"https:\/\/www.europesays.com\/fr\/wp-json\/wp\/v2\/media\/363568"}],"wp:attachment":[{"href":"https:\/\/www.europesays.com\/fr\/wp-json\/wp\/v2\/media?parent=363567"}],"wp:term":[{"taxonomy":"category","embeddable":true,"href":"https:\/\/www.europesays.com\/fr\/wp-json\/wp\/v2\/categories?post=363567"},{"taxonomy":"post_tag","embeddable":true,"href":"https:\/\/www.europesays.com\/fr\/wp-json\/wp\/v2\/tags?post=363567"}],"curies":[{"name":"wp","href":"https:\/\/api.w.org\/{rel}","templated":true}]}}