{"id":363569,"date":"2025-09-03T15:44:11","date_gmt":"2025-09-03T15:44:11","guid":{"rendered":"https:\/\/www.europesays.com\/fr\/363569\/"},"modified":"2025-09-03T15:44:11","modified_gmt":"2025-09-03T15:44:11","slug":"bordeaux-a-accueilli-le-premier-camp-pro-3x3","status":"publish","type":"post","link":"https:\/\/www.europesays.com\/fr\/363569\/","title":{"rendered":"Bordeaux a accueilli le premier camp pro 3&#215;3"},"content":{"rendered":"<p><strong>Du 24 au 27 ao\u00fbt, la F\u00e9d\u00e9ration Fran\u00e7aise de BasketBall (FFBB) a organis\u00e9 \u00e0 Bordeaux un camp in\u00e9dit r\u00e9unissant les principales \u00e9quipes professionnelles de 3\u00d73 et leurs entra\u00eeneurs. Une \u00e9tape d\u00e9cisive dans la structuration de la discipline en France, avec pour ambition de renforcer les clubs et de hisser les s\u00e9lections nationales au plus haut niveau.<\/strong><\/p>\n<p>Depuis les Jeux de Paris 2024, <strong><a href=\"https:\/\/www.sportmag.fr\/basket-3x3-les-bleues-pretes-a-defendre-leur-statut-a-copenhague\/\" target=\"_blank\" rel=\"noopener\">la strat\u00e9gie f\u00e9d\u00e9rale autour du 3\u00d73 a chang\u00e9 de dimension.<\/a> <\/strong>L\u2019objectif n\u2019est plus seulement de soutenir une poign\u00e9e de joueurs mais de cr\u00e9er un \u00e9cosyst\u00e8me professionnel solide. \u00ab\u00a0Notre enjeu est double : d\u2019abord densifier le vivier de joueurs et de joueuses pour rendre les s\u00e9lections les plus comp\u00e9titives possibles, ensuite garantir la qualification olympique par le ranking\u00ab\u00a0, rappelle via la FFBB Max Br\u00e9solin, adjoint au DTN. Pour cela, la FFBB combine accompagnement financier (avec l\u2019ANS), appui technique et suivi organisationnel. Les clubs gagnent en autonomie tout en s\u2019inscrivant dans une logique de performance partag\u00e9e avec les \u00c9quipes de France.<\/p>\n<p><a href=\"https:\/\/www.sportmag.fr\/abonnement\/\" target=\"_blank\" rel=\"noopener\"><img loading=\"lazy\" decoding=\"async\" class=\"size-medium wp-image-162612 alignleft\" src=\"data:image\/svg+xml,%3Csvg%20xmlns=\" http:=\"\" data-lazy- data-lazy- alt=\"\" width=\"212\" height=\"300\" data-pin-no-hover=\"true\" data-lazy-src=\"https:\/\/www.europesays.com\/fr\/wp-content\/uploads\/2025\/07\/PUB-MAG-JUILLET-AOUT-212x300.jpg\"\/><\/a><\/p>\n<p><strong>Un laboratoire pour entra\u00eeneurs et joueurs<\/strong><\/p>\n<p>\u00c0 Bordeaux, Toulouse, Ermont Senef, Bordeaux ou encore Elancourt ont pu s\u2019affronter dans une atmosph\u00e8re comp\u00e9titive mais aussi formatrice. Pour Karim Souchu, coach des Bleus, ce type de rassemblement \u00e9tait attendu : \u00ab\u00a0En Serbie, les \u00e9quipes s\u2019entra\u00eenent ensemble quasiment toute l\u2019ann\u00e9e, ce qui les pousse vers le haut. En France, on \u00e9tait bloqu\u00e9s en s\u2019entra\u00eenant toujours avec les m\u00eames. Ce camp permet de franchir un cap\u00ab\u00a0, confie-t-il via la FFBB.<\/p>\n<p>Au-del\u00e0 des matchs, ce rendez-vous a surtout plac\u00e9 les entra\u00eeneurs au centre du projet. Ils ont anim\u00e9 des s\u00e9ances, \u00e9chang\u00e9 sur leurs m\u00e9thodes, confront\u00e9 leurs pratiques.<\/p>\n<p>L\u2019enjeu est clair : professionnaliser les clubs, \u00e9largir le vivier de joueurs et maintenir la France parmi les grandes nations du 3\u00d73.<\/p>\n","protected":false},"excerpt":{"rendered":"Du 24 au 27 ao\u00fbt, la F\u00e9d\u00e9ration Fran\u00e7aise de BasketBall (FFBB) a organis\u00e9 \u00e0 Bordeaux un camp in\u00e9dit&hellip;\n","protected":false},"author":2,"featured_media":363570,"comment_status":"","ping_status":"","sticky":false,"template":"","format":"standard","meta":{"footnotes":""},"categories":[1414],"tags":[1465,1464,1011,27,60],"class_list":{"0":"post-363569","1":"post","2":"type-post","3":"status-publish","4":"format-standard","5":"has-post-thumbnail","7":"category-basket","8":"tag-basket","9":"tag-basketball","10":"tag-fr","11":"tag-france","12":"tag-sports"},"share_on_mastodon":{"url":"https:\/\/pubeurope.com\/@fr\/115141139675854544","error":""},"_links":{"self":[{"href":"https:\/\/www.europesays.com\/fr\/wp-json\/wp\/v2\/posts\/363569","targetHints":{"allow":["GET"]}}],"collection":[{"href":"https:\/\/www.europesays.com\/fr\/wp-json\/wp\/v2\/posts"}],"about":[{"href":"https:\/\/www.europesays.com\/fr\/wp-json\/wp\/v2\/types\/post"}],"author":[{"embeddable":true,"href":"https:\/\/www.europesays.com\/fr\/wp-json\/wp\/v2\/users\/2"}],"replies":[{"embeddable":true,"href":"https:\/\/www.europesays.com\/fr\/wp-json\/wp\/v2\/comments?post=363569"}],"version-history":[{"count":0,"href":"https:\/\/www.europesays.com\/fr\/wp-json\/wp\/v2\/posts\/363569\/revisions"}],"wp:featuredmedia":[{"embeddable":true,"href":"https:\/\/www.europesays.com\/fr\/wp-json\/wp\/v2\/media\/363570"}],"wp:attachment":[{"href":"https:\/\/www.europesays.com\/fr\/wp-json\/wp\/v2\/media?parent=363569"}],"wp:term":[{"taxonomy":"category","embeddable":true,"href":"https:\/\/www.europesays.com\/fr\/wp-json\/wp\/v2\/categories?post=363569"},{"taxonomy":"post_tag","embeddable":true,"href":"https:\/\/www.europesays.com\/fr\/wp-json\/wp\/v2\/tags?post=363569"}],"curies":[{"name":"wp","href":"https:\/\/api.w.org\/{rel}","templated":true}]}}