{"id":363575,"date":"2025-09-03T15:47:14","date_gmt":"2025-09-03T15:47:14","guid":{"rendered":"https:\/\/www.europesays.com\/fr\/363575\/"},"modified":"2025-09-03T15:47:14","modified_gmt":"2025-09-03T15:47:14","slug":"deja-vainqueur-la-veille-olav-kooij-remporte-la-2e-etape-du-tour-de-grande-bretagne-lequipe","status":"publish","type":"post","link":"https:\/\/www.europesays.com\/fr\/363575\/","title":{"rendered":"D\u00e9j\u00e0 vainqueur la veille, Olav Kooij remporte la 2e \u00e9tape du Tour de Grande-Bretagne &#8211; L&#039;\u00c9quipe"},"content":{"rendered":"<ol>\n<li><a href=\"https:\/\/news.google.com\/rss\/articles\/CBMi3AFBVV95cUxOb203VWExcFNiMl9sS3NsMk5Pa21fOE5oTktOQVBqRTBmdkZYUW1rYnM1bk9LNWN1STZmMjF0OHg3cEk2VjhYeDIxZGFIYWl2Qmc4bnNEMXV3b0tyYk9GbGJzekVzVGQ4TXVod3dYWmJRaXR1Snh3X2JMcXBYR2xMWHlxcWZGSjVMUEJJSHdKMmprbW1Mb1JQUmtrSi1PUmRpVGFoUU9lTENIbVJmTW92WXVsWGJ3SUlEc2hmUUdra0xNdWsteXA1Z0Q2OVBqOEx4MF9pSnVXNFd6b2tH?oc=5\" target=\"_blank\" rel=\"nofollow noopener\">D\u00e9j\u00e0 vainqueur la veille, Olav Kooij remporte la 2e \u00e9tape du Tour de Grande-Bretagne<\/a>&nbsp;&nbsp;L&rsquo;\u00c9quipe<\/li>\n<li><a href=\"https:\/\/news.google.com\/rss\/articles\/CBMiuwFBVV95cUxPX2JRSnhTRFpZMUo2cVpOX2hGc3pkWm5pUllQWDdBcTd2RmlOTlZhSzM1UVV0ZzczeF84V0tOYmFJcTdtNTN0Zzg1VHZjbFlOWnB6NnNpbWhTdHFfMHFEYnp0ZFJVSU5kNUM0VDdEdVE4MUUzdkVLVk13NG1NeFg1N1ZXNUR1Uk1ISk9faUpIVHg4TWRFUDNVUE1qSl9INFVjMGI5NEFzb1p0cUtCN0JheWd0V3FjemZaQ25Z0gG6AUFVX3lxTFBtYzFWX1JuN1NLcHNiUW1LMnJsazFzaENLY3ZYdGFPOWhYME83OGdBV0pYQm5nWF9SamdkbVBwRGNJNURUZm1IWW5qdV94cV9wWGI5MmN3TEl6NGliNWJfeldEUFFyYW1mSlA3bWE4YUZRWEU0ZklRQXdVNVBjOGltd19jOVN2SmU2cHozOTlPSGp4MEItalVjOVUtVTI1SktPT2tJSW9jcnptOXJYVkZRcDQ4aEUtWTY4QQ?oc=5\" target=\"_blank\" rel=\"nofollow noopener\">Tour de Grande-Bretagne (E1) : Kooij le plus rapide au sprint<\/a>&nbsp;&nbsp;Orange Actualit\u00e9s | Sports<\/li>\n<li><a href=\"https:\/\/news.google.com\/rss\/articles\/CBMi6AFBVV95cUxQLVQ2MGwwQWc2Qlp6Vk1ic180a0FvYWdVbElmdGRyMjZSY1A3eGNVbF9PQ1U2OURxS0xBa1ptMWhWc21NU3lvTXdXUnRBQVFoaFYwcURGdUR3NkFjOGFRYnd6MkdabURDemlZeFJCNl93b1RFQjdIa2l0ZFZjejZzQ2daOU1EdDlsYXViNW13WlpaNTlLZlNWbFR1dWd1N0JPVmhwTnNocVdpUDB5MXlJOWVqLTY1c2J0Si1OMk5rbkQtNnNuTDFLaVFId1U1VFR1TDUwcXM2QnVENm11NUpVa2V1bW1yYzE0?oc=5\" target=\"_blank\" rel=\"nofollow noopener\">Cyclisme : Alaphilippe en pr\u00e9paration, Kooij en r\u00e9ussite sur le Tour de Grande-Bretagne<\/a>&nbsp;&nbsp;La Montagne<\/li>\n<li><a href=\"https:\/\/news.google.com\/rss\/articles\/CBMiogFBVV95cUxQT0JXTHVteVZ1Q0thSTJBZ0VzcG9OZmQtMlIySkNEQVpiVVJzNFNFb1dUOUV1UGdoY19scWwwVTk2V05MNWY3NUtwSS03VDZmbEVKelVGWFVjUHVEUjZ3SVdvTmpuVnd6cFREMDEzeDk3WW9fLTlicnp0aElfMjdXYjBOWElpclpEYmNWZU1PbDlPU3FoYVQ5TXkwMjFCb2hfbkE?oc=5\" target=\"_blank\" rel=\"nofollow noopener\">Cyclisme. Tour de Grande-Bretagne : Hugo Hofstetter aux portes du top 10<\/a>&nbsp;&nbsp;L&rsquo;Alsace<\/li>\n<li><a href=\"https:\/\/news.google.com\/rss\/articles\/CBMisAFBVV95cUxNUk5lSHphaDMtTWFvd0tkeHFGd2RWWXBpakxhU1libFlsVWwzMGhUMDFBX3dNMGVxVTB6UUg0QzdDZ29tMXo2UnN4cEtUc29uNk1wdnlwdmNicGlfLWtlTTVPRktTTWRRUVk1eExiNzVRb0NaOVZhazFIUnJ2Y1ZpVXNVWlB1Y0piSDhDNTZ4OF82QW53LUdJaUp1M1kzejBwVnB6akRBMW5lLWpUc1NVRQ?oc=5\" target=\"_blank\" rel=\"nofollow noopener\">Cyclisme. Tour de Grande-Bretagne : Olav Kooij fait coup double dans le nord de Londres<\/a>&nbsp;&nbsp;DNA<\/li>\n<\/ol>\n","protected":false},"excerpt":{"rendered":"D\u00e9j\u00e0 vainqueur la veille, Olav Kooij remporte la 2e \u00e9tape du Tour de Grande-Bretagne&nbsp;&nbsp;L&rsquo;\u00c9quipe Tour de Grande-Bretagne (E1)&hellip;\n","protected":false},"author":2,"featured_media":363576,"comment_status":"","ping_status":"","sticky":false,"template":"","format":"standard","meta":{"footnotes":""},"categories":[1411],"tags":[1154,207,1011,27,60],"class_list":{"0":"post-363575","1":"post","2":"type-post","3":"status-publish","4":"format-standard","5":"has-post-thumbnail","7":"category-cyclisme","8":"tag-cycling","9":"tag-cyclisme","10":"tag-fr","11":"tag-france","12":"tag-sports"},"share_on_mastodon":{"url":"https:\/\/pubeurope.com\/@fr\/115141151623849010","error":""},"_links":{"self":[{"href":"https:\/\/www.europesays.com\/fr\/wp-json\/wp\/v2\/posts\/363575","targetHints":{"allow":["GET"]}}],"collection":[{"href":"https:\/\/www.europesays.com\/fr\/wp-json\/wp\/v2\/posts"}],"about":[{"href":"https:\/\/www.europesays.com\/fr\/wp-json\/wp\/v2\/types\/post"}],"author":[{"embeddable":true,"href":"https:\/\/www.europesays.com\/fr\/wp-json\/wp\/v2\/users\/2"}],"replies":[{"embeddable":true,"href":"https:\/\/www.europesays.com\/fr\/wp-json\/wp\/v2\/comments?post=363575"}],"version-history":[{"count":0,"href":"https:\/\/www.europesays.com\/fr\/wp-json\/wp\/v2\/posts\/363575\/revisions"}],"wp:featuredmedia":[{"embeddable":true,"href":"https:\/\/www.europesays.com\/fr\/wp-json\/wp\/v2\/media\/363576"}],"wp:attachment":[{"href":"https:\/\/www.europesays.com\/fr\/wp-json\/wp\/v2\/media?parent=363575"}],"wp:term":[{"taxonomy":"category","embeddable":true,"href":"https:\/\/www.europesays.com\/fr\/wp-json\/wp\/v2\/categories?post=363575"},{"taxonomy":"post_tag","embeddable":true,"href":"https:\/\/www.europesays.com\/fr\/wp-json\/wp\/v2\/tags?post=363575"}],"curies":[{"name":"wp","href":"https:\/\/api.w.org\/{rel}","templated":true}]}}