{"id":363577,"date":"2025-09-03T15:48:13","date_gmt":"2025-09-03T15:48:13","guid":{"rendered":"https:\/\/www.europesays.com\/fr\/363577\/"},"modified":"2025-09-03T15:48:13","modified_gmt":"2025-09-03T15:48:13","slug":"lamine-yamal-ne-voterait-pas-pour","status":"publish","type":"post","link":"https:\/\/www.europesays.com\/fr\/363577\/","title":{"rendered":"Lamine Yamal ne voterait pas pour &#8230;"},"content":{"rendered":"<p><img width=\"780\" height=\"470\" src=\"https:\/\/www.europesays.com\/fr\/wp-content\/uploads\/2025\/09\/GettyImages-2212135266.jpg-780x470.webp.webp\" class=\"attachment-jannah-image-post size-jannah-image-post wp-post-image\" alt=\"Lamine Yamal\" is_main_img=\"1\" decoding=\"async\" fetchpriority=\"high\"\/><br \/>\n Image : Getty<br \/>\nImages<\/p>\n<p>Le <strong>PSG<\/strong> est on ne peut plus concern\u00e9 en 2025<br \/>\npar la course au <strong>Ballon d\u2019Or.<\/strong> En effet, Ousmane<br \/>\nDemb\u00e9l\u00e9 a \u00e9t\u00e9 choisi par les supporters parisiens et de nombreux<br \/>\nobservateurs du ballon rond en tant que favori.<\/p>\n<p>La course au <strong>Ballon d\u2019Or<\/strong> fait rage en Espagne,<br \/>\net le statut de grand favori d\u2019<strong>Ousmane Demb\u00e9l\u00e9<\/strong> ne<br \/>\nsemble pas \u00eatre accept\u00e9, notamment en Catalogne. En effet, au cours<br \/>\nd\u2019un entretien accord\u00e9 au m\u00e9dia RTVE, <strong>Lamine<br \/>\nYamal<\/strong> a \u00e9t\u00e9 interrog\u00e9 sur le <strong>Ballon d\u2019Or<\/strong>.<br \/>\nLe g\u00e9nie du <strong>FC Barcelone<\/strong> a dans un premier temps<br \/>\ntent\u00e9 de bott\u00e9 en touche en r\u00e9pondant qu\u2019il aimerait gagner la<br \/>\n<strong><a href=\"https:\/\/canal-supporters.com\/le-psg-parmi-les-favoris-pour-atteindre-la-finale-de-c1-selon-opta\/\" target=\"_blank\" rel=\"noopener\"><br \/>\nLigue des Champions<\/a><\/strong> plut\u00f4t que le <strong>Ballon<br \/>\nd\u2019Or<\/strong> : \u00ab\u00a0Enfin, oui, les deux. Les deux sont un<br \/>\nr\u00eave, surtout pour le Bar\u00e7a, la Ligue des Champions serait<br \/>\nincroyable. \u00c9videmment, le Ballon d\u2019or, tous les joueurs veulent le<br \/>\ngagner, et ceux qui disent le contraire mentent. \u00catre l\u00e0 \u00e0 18 ans,<br \/>\nje pense que c\u2019est quelque chose \u00e0 valoriser, et j\u2019esp\u00e8re que cela<br \/>\narrivera\u00ab\u00a0, s\u2019est repris l\u2019international espagnol. Si<br \/>\ndans les d\u00e9bats <strong>Lamine Yamal<\/strong> voit souvent son nom<br \/>\nrevenir dans la course au <strong>Ballon d\u2019Or 2025<\/strong>,<br \/>\n<strong>Ousmane Demb\u00e9l\u00e9<\/strong> reste le grand favori. Un avis que<br \/>\nne partage pas le num\u00e9ro 10 du <strong>FC Barcelone<\/strong>.<\/p>\n<p> https:\/\/twitter.com\/rtvenoticias\/status\/1962890853770252466<\/p>\n<p>X :<br \/>\n@rtvenoticias<\/p>\n<p>Au cours de cet entretien au micro de RTVE,<br \/>\n<strong>Lamine Yamal<\/strong> a confi\u00e9 ses deux favoris pour le<br \/>\n<strong><a href=\"https:\/\/canal-supporters.com\/ballon-dor-le-psg-en-lice-pour-remporter-laction-en-or-de-la-saison\/\" target=\"_blank\" rel=\"noopener\"><br \/>\nBallon d\u2019Or 2025<\/a><\/strong> : \u00ab\u00a0Neymar et Messi. J\u2019en<br \/>\ndonnerais un \u00e0 \u2018Ney\u2019. Je pense qu\u2019il le m\u00e9rite. Le \u2018Ney\u2019 de<br \/>\nl\u2019\u00e9poque o\u00f9 il jouait au Bar\u00e7a ou \u00e0 Paris, le gagnerait sans aucun<br \/>\ndoute aujourd\u2019hui. J\u2019aurais aim\u00e9 qu\u2019il en gagne un, et Messi aussi,<br \/>\n\u00e9videmment, car c\u2019est le meilleur de l\u2019histoire\u00ab\u00a0.<br \/>\nCo\u00e9quipiers de <strong>Lamine Yamal<\/strong> et <strong>Ousmane<br \/>\nDemb\u00e9l\u00e9<\/strong>, <strong>Jules Kound\u00e9<\/strong> a \u00e9t\u00e9 interrog\u00e9 en<br \/>\nconf\u00e9rence de presse avec l\u2019<strong>Equipe de France<\/strong><br \/>\naujourd\u2019hui sur le sujet : \u00ab\u00a0Les deux le m\u00e9ritent. Il y a<br \/>\ndes arguments pour les deux. En \u00e9tant co\u00e9quipier des deux \u2026 c\u2019est<br \/>\ndifficile \u2026 de toute fa\u00e7on c\u2019est pas moi qui vote\u00ab\u00a0.<\/p>\n<\/p>\n<p>YouTube : <a href=\"https:\/\/www.youtube.com\/watch?v=0Eq7MZDUEl4\" target=\"_blank\" rel=\"noopener\">Canal Supporters<br \/>\nParis<\/a><\/p>\n<p><script async src=\"https:\/\/platform.twitter.com\/widgets.js\" charset=\"utf-8\"><\/script><\/p>\n","protected":false},"excerpt":{"rendered":"Image : Getty Images Le PSG est on ne peut plus concern\u00e9 en 2025 par la course au&hellip;\n","protected":false},"author":2,"featured_media":363578,"comment_status":"","ping_status":"","sticky":false,"template":"","format":"standard","meta":{"footnotes":""},"categories":[1410],"tags":[21967,454,81,12732,29650,16775,63,1011,27,16748,49835,2782,91,92,93,60,96],"class_list":{"0":"post-363577","1":"post","2":"type-post","3":"status-publish","4":"format-standard","5":"has-post-thumbnail","7":"category-football","8":"tag-ballon-dor-2025","9":"tag-ballon-dor","10":"tag-canal-supporters","11":"tag-dembele","12":"tag-dembele-ballon-dor","13":"tag-dembele-psg","14":"tag-football","15":"tag-fr","16":"tag-france","17":"tag-lamine-yamal","18":"tag-lamine-yamal-ballon-dor","19":"tag-ousmane-dembele","20":"tag-paris-saint-germain","21":"tag-paris-sg","22":"tag-psg","23":"tag-sports","24":"tag-une"},"share_on_mastodon":{"url":"https:\/\/pubeurope.com\/@fr\/115141156173599498","error":""},"_links":{"self":[{"href":"https:\/\/www.europesays.com\/fr\/wp-json\/wp\/v2\/posts\/363577","targetHints":{"allow":["GET"]}}],"collection":[{"href":"https:\/\/www.europesays.com\/fr\/wp-json\/wp\/v2\/posts"}],"about":[{"href":"https:\/\/www.europesays.com\/fr\/wp-json\/wp\/v2\/types\/post"}],"author":[{"embeddable":true,"href":"https:\/\/www.europesays.com\/fr\/wp-json\/wp\/v2\/users\/2"}],"replies":[{"embeddable":true,"href":"https:\/\/www.europesays.com\/fr\/wp-json\/wp\/v2\/comments?post=363577"}],"version-history":[{"count":0,"href":"https:\/\/www.europesays.com\/fr\/wp-json\/wp\/v2\/posts\/363577\/revisions"}],"wp:featuredmedia":[{"embeddable":true,"href":"https:\/\/www.europesays.com\/fr\/wp-json\/wp\/v2\/media\/363578"}],"wp:attachment":[{"href":"https:\/\/www.europesays.com\/fr\/wp-json\/wp\/v2\/media?parent=363577"}],"wp:term":[{"taxonomy":"category","embeddable":true,"href":"https:\/\/www.europesays.com\/fr\/wp-json\/wp\/v2\/categories?post=363577"},{"taxonomy":"post_tag","embeddable":true,"href":"https:\/\/www.europesays.com\/fr\/wp-json\/wp\/v2\/tags?post=363577"}],"curies":[{"name":"wp","href":"https:\/\/api.w.org\/{rel}","templated":true}]}}