{"id":363582,"date":"2025-09-03T15:50:16","date_gmt":"2025-09-03T15:50:16","guid":{"rendered":"https:\/\/www.europesays.com\/fr\/363582\/"},"modified":"2025-09-03T15:50:16","modified_gmt":"2025-09-03T15:50:16","slug":"lectoure-je-nenleve-rien-je-ne-rajoute-rien-elle-revele-la-beaute-des-coques-de-bateaux-dans-une-exposition","status":"publish","type":"post","link":"https:\/\/www.europesays.com\/fr\/363582\/","title":{"rendered":"Lectoure. \u00ab\u00a0Je n\u2019enl\u00e8ve rien, je ne rajoute rien\u00a0\u00bb : elle r\u00e9v\u00e8le la beaut\u00e9 des coques de bateaux dans une exposition"},"content":{"rendered":"<p>\n                                                                    l&rsquo;essentiel<br \/>\n                                                                La photographe Isabel Fournier r\u00e9v\u00e8le la beaut\u00e9 insoup\u00e7onn\u00e9e de d\u00e9tails maritimes dans sa s\u00e9rie \u00ab\u00a0Renaissances\u00a0\u00bb, expos\u00e9e actuellement \u00e0 Blaziert.\n                            <\/p>\n<p>A moins d\u2019un m\u00e8tre d\u2019une coque de bateau, chauss\u00e9e de ses bottes en caoutchouc, Isabel Fournier scrute chaque d\u00e9tail avec l\u2019\u0153il averti de l\u2019artiste. Cette photographe passionn\u00e9e a d\u00e9velopp\u00e9 une approche singuli\u00e8re : capter la beaut\u00e9 des embarcations en bois \u00e0 travers des plans serr\u00e9s, sans jamais utiliser de zoom. Pour la Lectouroise, l\u2019art r\u00e9side autant dans la recherche que dans la prise de vue. \u00ab\u00a0Je dirais que le plus gros du travail, c\u2019est la nature qui l\u2019a fait\u00a0\u00bb, confie-t-elle. Ses p\u00e9r\u00e9grinations la m\u00e8nent des c\u00f4tes bretonnes au Portugal, en passant par La Rochelle et le Pays basque, toujours \u00e0 la recherche de ces zones de car\u00e9nage o\u00f9 les bateaux r\u00e9v\u00e8lent leurs secrets \u00e0 mar\u00e9e basse.<\/p>\n<p>\u00ab\u00a0Toutes les coques ne se valent pas, pr\u00e9cise-t-elle, il faut qu\u2019elles soient suffisamment pr\u00e9serv\u00e9es pour offrir des textures int\u00e9ressantes, sans \u00eatre trop d\u00e9grad\u00e9es. Un \u00e9quilibre d\u00e9licat car \u00ab\u00a0il y a de moins en moins de coques en bois\u00a0\u00bb.<\/p>\n<p><b>Une alchimie<\/b><\/p>\n<p>Ce qui fascine Isabel Fournier dans ces surfaces, c\u2019est leur richesse insoup\u00e7onn\u00e9e. \u00ab\u00a0La mati\u00e8re de base est tr\u00e8s textur\u00e9e\u00a0\u00bb, d\u00e9taille-t-elle. Bois, m\u00e9tal, rouille, agr\u00e9gats naturels, couches de peinture superpos\u00e9es, concr\u00e9tions d\u2019algues, hu\u00eetres, autant d\u2019\u00e9l\u00e9ments qui composent une palette visuelle. \u00ab\u00a0Apr\u00e8s, l\u2019eau de la mer fait le travail, c\u2019est elle qui donne des rendus improbables\u00a0\u00bb.<\/p>\n<p>Sa philosophie est claire : \u00ab\u00a0Il n\u2019y a pas de filtres de couleurs, je n\u2019enl\u00e8ve rien, je ne rajoute rien\u00a0\u00bb. Seuls de l\u00e9gers recadrages et des jeux sur la lumi\u00e8re viennent sublimer ces d\u00e9tails d\u00e9j\u00e0 sculpt\u00e9s par le temps et les \u00e9l\u00e9ments.<\/p>\n<p>Pour donner vie \u00e0 ces images, Isabel Fournier fait appel au photographe Damien Leroy, \u00e0 Lectoure, qui r\u00e9alise les tirages sur papier d\u2019art. \u00ab\u00a0Je suis contente de travailler avec lui\u00a0\u00bb, souligne-t-elle, consciente que la qualit\u00e9 de l\u2019impression est essentielle pour restituer toute la mat\u00e9rialit\u00e9 de ses sujets.<\/p>\n<p>L\u2019exposition \u00ab\u00a0Renaissances\u00a0\u00bb est \u00e0 voir jusqu\u2019au dimanche 14 septembre, les mercredis, jeudis et dimanches, de 10 heures \u00e0 13 h 30 et de 16 heures \u00e0 19 h 30, les vendredis, de 10 heures \u00e0 13 h 30 et de 16 heures \u00e0 21 heures, et les samedis, de 16 heures \u00e0 19 h 30.<\/p>\n","protected":false},"excerpt":{"rendered":"l&rsquo;essentiel La photographe Isabel Fournier r\u00e9v\u00e8le la beaut\u00e9 insoup\u00e7onn\u00e9e de d\u00e9tails maritimes dans sa s\u00e9rie \u00ab\u00a0Renaissances\u00a0\u00bb, expos\u00e9e actuellement&hellip;\n","protected":false},"author":2,"featured_media":363583,"comment_status":"","ping_status":"","sticky":false,"template":"","format":"standard","meta":{"footnotes":""},"categories":[1358],"tags":[1348,1384,1385,1386,58,59,1011,27],"class_list":{"0":"post-363582","1":"post","2":"type-post","3":"status-publish","4":"format-standard","5":"has-post-thumbnail","7":"category-arts-et-design","8":"tag-arts","9":"tag-arts-and-design","10":"tag-arts-et-design","11":"tag-design","12":"tag-divertissement","13":"tag-entertainment","14":"tag-fr","15":"tag-france"},"share_on_mastodon":{"url":"https:\/\/pubeurope.com\/@fr\/115141163431329309","error":""},"_links":{"self":[{"href":"https:\/\/www.europesays.com\/fr\/wp-json\/wp\/v2\/posts\/363582","targetHints":{"allow":["GET"]}}],"collection":[{"href":"https:\/\/www.europesays.com\/fr\/wp-json\/wp\/v2\/posts"}],"about":[{"href":"https:\/\/www.europesays.com\/fr\/wp-json\/wp\/v2\/types\/post"}],"author":[{"embeddable":true,"href":"https:\/\/www.europesays.com\/fr\/wp-json\/wp\/v2\/users\/2"}],"replies":[{"embeddable":true,"href":"https:\/\/www.europesays.com\/fr\/wp-json\/wp\/v2\/comments?post=363582"}],"version-history":[{"count":0,"href":"https:\/\/www.europesays.com\/fr\/wp-json\/wp\/v2\/posts\/363582\/revisions"}],"wp:featuredmedia":[{"embeddable":true,"href":"https:\/\/www.europesays.com\/fr\/wp-json\/wp\/v2\/media\/363583"}],"wp:attachment":[{"href":"https:\/\/www.europesays.com\/fr\/wp-json\/wp\/v2\/media?parent=363582"}],"wp:term":[{"taxonomy":"category","embeddable":true,"href":"https:\/\/www.europesays.com\/fr\/wp-json\/wp\/v2\/categories?post=363582"},{"taxonomy":"post_tag","embeddable":true,"href":"https:\/\/www.europesays.com\/fr\/wp-json\/wp\/v2\/tags?post=363582"}],"curies":[{"name":"wp","href":"https:\/\/api.w.org\/{rel}","templated":true}]}}