{"id":363588,"date":"2025-09-03T15:53:11","date_gmt":"2025-09-03T15:53:11","guid":{"rendered":"https:\/\/www.europesays.com\/fr\/363588\/"},"modified":"2025-09-03T15:53:11","modified_gmt":"2025-09-03T15:53:11","slug":"qui-sest-vraiment-interesse-au-fond-du-proces-de-cardi-b","status":"publish","type":"post","link":"https:\/\/www.europesays.com\/fr\/363588\/","title":{"rendered":"qui s\u2019est vraiment int\u00e9ress\u00e9 au fond du proc\u00e8s de Cardi B ?"},"content":{"rendered":"<p>    Cardi B est vue au tribunal \u00e0 Los Angeles. (Californie, le 27 ao\u00fbt 2025.)<br \/>\n                PG\/Bauer-Griffin \/ GC Images<\/p>\n<p>\u00c0 la cour de Los Angeles, la rappeuse a provoqu\u00e9 un v\u00e9ritable feu m\u00e9diatique, autant par la succession de ses looks et de ses perruques que par le verdict de son jugement.<\/p>\n<p class=\"fig-paragraph\">Un d\u00e9fil\u00e9 \u00e0 la barre. En 2018, une vigile a accus\u00e9 Cardi B de l\u2019avoir griff\u00e9e au visage avec un ongle de 7,5 cm et de lui avoir crach\u00e9 dessus, dans le cabinet d\u2019un obst\u00e9tricien. Elle a r\u00e9clam\u00e9 24 millions de dollars, soit environ 20,4 millions d\u2019euros, de d\u00e9dommagements \u00e0 la\u00a0<a href=\"http:\/\/madame.lefigaro.fr\/celebrites\/actu-people\/du-faste-de-dubai-au-bling-du-rap-us-la-nouvelle-vie-de-la-princesse-sheikha-mahra-avec-le-rappeur-french-montana-20250901\" target=\"_blank\" data-fig-type=\"Article\" rel=\"noopener\" data-gtm-custom-categorie=\"navigation\" data-gtm-custom-action=\"crossclick\" data-gtm-custom-label=\"Contextuel\" data-gtm-event=\"customEventSPE\" data-fig-domain=\"MADAME\">rappeuse.<\/a>\u00a0La star a toujours ni\u00e9 ces faits et expliqu\u00e9 que la plaignante avait viol\u00e9 son intimit\u00e9 en la suivant et en la filmant sans son consentement lors de son rendez-vous chez le gyn\u00e9cologue, alors que sa grossesse n\u2019avait pas encore \u00e9t\u00e9 rendue publique. Elle a assur\u00e9 ne jamais l\u2019avoir touch\u00e9e. La justice lui a donn\u00e9 raison, ce mardi 2 septembre 2025, en l\u2019acquittant. Si ce proc\u00e8s a \u00e9t\u00e9 largement suivi, c\u2019est autant pour la c\u00e9l\u00e9brit\u00e9 de l\u2019accus\u00e9e et son issue judiciaire que pour le d\u00e9fil\u00e9 de silhouettes et de perruques qui a rythm\u00e9 chacune des apparitions de Cardi B devant le tribunal.<\/p>\n<p>Tendance courtcore<\/p>\n<p class=\"fig-paragraph\">Apr\u00e8s les proc\u00e8s ultram\u00e9diatis\u00e9s de Johnny Depp et Amber Heard, de P. Diddy ou encore de\u00a0<a href=\"http:\/\/madame.lefigaro.fr\/style\/news\/une-apparition-venue-d-ailleurs-a-venise-kim-kardashian-s-avance-en-combinaison-drapee-a-traine-monumentale-20250829\" target=\"_blank\" data-fig-type=\"Article\" rel=\"noopener\" data-gtm-custom-categorie=\"navigation\" data-gtm-custom-action=\"crossclick\" data-gtm-custom-label=\"Contextuel\" data-gtm-event=\"customEventSPE\" data-fig-domain=\"MADAME\">Kim Kardashian<\/a>\u00a0r\u00e9cemment, celui de la chanteuse s\u2019est impos\u00e9 comme un nouvel exemple du ph\u00e9nom\u00e8ne\u00a0<a href=\"http:\/\/madame.lefigaro.fr\/style\/news\/que-cache-le-phenomene-courtcore-ou-l-art-de-s-habiller-proprement-pour-un-proces-20250513\" target=\"_blank\" data-fig-type=\"Article\" rel=\"noopener\" data-gtm-custom-categorie=\"navigation\" data-gtm-custom-action=\"crossclick\" data-gtm-custom-label=\"Contextuel\" data-gtm-event=\"customEventSPE\" data-fig-domain=\"MADAME\">courtcore<\/a>, soit, l\u2019art de soigner son apparence lors d\u2019une convocation au tribunal. Ses arriv\u00e9es ont \u00e9t\u00e9 toutes plus travaill\u00e9es les unes que les autres, allant d\u2019une perruque blond platine \u00e0 une longue chevelure brune impeccablement coiff\u00e9e, avant d\u2019opter pour une coupe courte. C\u00f4t\u00e9 tenues, le 26 ao\u00fbt, l\u2019artiste est apparue en tailleur en tweed gris sign\u00e9 Giambattista Valli, issu de la collection automne 2025, estim\u00e9 \u00e0 pr\u00e8s de 6\u202f000 euros. Son costume a \u00e9t\u00e9 compl\u00e9t\u00e9 par des bottes beiges pointues et un sac color\u00e9 sign\u00e9 Louis Vuitton.<\/p>\n<p>    Cardi B arrive au tribunal. (Californie, le 26 ao\u00fbt 2025.)<br \/>\n                BG025\/Bauer-Griffin \/ GC Images<\/p>\n<p>                                    <a class=\"fig-a11y-skip a11y-hidden\" href=\"#fig-a11y-skip-main-inarticle\"><br \/>\n        Passer la publicit\u00e9<br \/>\n    <\/a><\/p>\n<p class=\"fig-paragraph\">Le lendemain, elle s\u2019est pr\u00e9sent\u00e9e en\u00a0<a href=\"http:\/\/madame.lefigaro.fr\/style\/news\/tailleurs-douceur-et-dentelle-chic-les-grandes-tendances-mode-de-la-rentree-2025-20250829\" target=\"_blank\" data-fig-type=\"Article\" rel=\"noopener\" data-gtm-custom-categorie=\"navigation\" data-gtm-custom-action=\"crossclick\" data-gtm-custom-label=\"Contextuel\" data-gtm-event=\"customEventSPE\" data-fig-domain=\"MADAME\">tailleur<\/a>\u00a0blanc, veste ajust\u00e9e et pantalon droit, \u00e9voquant une allure de femme d\u2019affaires. Enfin, pour le jour du verdict, elle a choisi un ensemble \u00e0 pois rehauss\u00e9 d\u2019un imposant motif rose et de froufrous sur le buste, encore un look \u00e0 l\u2019image du caract\u00e8re th\u00e9\u00e2trale qu\u2019a pris l\u2019affaire.<\/p>\n<p>    Cardi B est vue en \u00e0 Alhambra. (Californie, le 2 septembre 2025.)<br \/>\n                PG\/Bauer-Griffin \/ GC Images<\/p>\n<p>\u00abCardi B est si peu s\u00e9rieuse\u00bb<\/p>\n<p class=\"fig-paragraph\">Au\u2011del\u00e0 du verdict, les audiences de la rappeuse \u00e0\u00a0<a href=\"http:\/\/madame.lefigaro.fr\/style\/news\/dakota-johnson-et-sa-mere-melanie-griffith-duo-complice-et-glamour-sur-tapis-rouge-a-los-angeles-20250821\" target=\"_blank\" data-fig-type=\"Article\" rel=\"noopener\" data-gtm-custom-categorie=\"navigation\" data-gtm-custom-action=\"crossclick\" data-gtm-custom-label=\"Contextuel\" data-gtm-event=\"customEventSPE\" data-fig-domain=\"MADAME\">Los Angeles<\/a>\u00a0ont nourri un flot de r\u00e9actions en ligne. Impeccablement mise en beaut\u00e9 \u00e0 chaque comparution, la c\u00e9l\u00e9brit\u00e9 a aussi fait parler ses mimiques, largement reprises sur TikTok, X et Instagram. Les internautes ont multipli\u00e9 d\u00e9tournements, classements ironiques des \u00ab5 meilleurs moments du proc\u00e8s\u00bb, m\u00e8mes sur ses expressions ou encore formats inspir\u00e9s des tendances du moment, du type \u00ab\u202fPOV\u00a0: quand ton client te demande un Zoom \u00e0 8 heures du matin\u00a0\u00bb.<\/p>\n<p class=\"fig-paragraph\">D\u00e9sormais acquitt\u00e9e et lib\u00e9r\u00e9e de toute obligation envers l\u2019agente de s\u00e9curit\u00e9, l\u2019ic\u00f4ne new-yorkaise esp\u00e8re ne pas avoir \u00e0 revivre une telle exp\u00e9rience. \u00abLa prochaine personne qui essaiera d\u2019intenter un proc\u00e8s frivole contre moi,\u00a0je vais contre-attaquer\u00a0et je vais vous faire payer.\u00a0Parce que ce n\u2019est pas acceptable\u00bb, a-t-elle pr\u00e9venu \u00e0 la sortie du tribunal.\u00a0D\u00e9sormais, la\u00a0<a href=\"http:\/\/madame.lefigaro.fr\/shopping\/beaute\/cette-marque-de-beaute-californienne-que-les-stars-adorent-arrive-enfin-en-france-20250829\" target=\"_blank\" data-fig-type=\"Article\" rel=\"sponsored noopener\" data-gtm-custom-categorie=\"navigation\" data-gtm-custom-action=\"crossclick\" data-gtm-custom-label=\"Contextuel\" data-gtm-event=\"customEventSPE\" data-fig-domain=\"MADAME\">star\u00a0<\/a>se fait attendre sur un autre terrain, celui de la musique, aucun concert n\u2019\u00e9tant annonc\u00e9 pour l\u2019heure.<\/p>\n","protected":false},"excerpt":{"rendered":"Cardi B est vue au tribunal \u00e0 Los Angeles. (Californie, le 27 ao\u00fbt 2025.) PG\/Bauer-Griffin \/ GC Images&hellip;\n","protected":false},"author":2,"featured_media":363589,"comment_status":"","ping_status":"","sticky":false,"template":"","format":"standard","meta":{"footnotes":""},"categories":[1355],"tags":[2704,58,59,1011,27,1361,873,2694,18830],"class_list":{"0":"post-363588","1":"post","2":"type-post","3":"status-publish","4":"format-standard","5":"has-post-thumbnail","7":"category-musique","8":"tag-chanteuse","9":"tag-divertissement","10":"tag-entertainment","11":"tag-fr","12":"tag-france","13":"tag-music","14":"tag-musique","15":"tag-proces","16":"tag-tendances"},"share_on_mastodon":{"url":"https:\/\/pubeurope.com\/@fr\/115141175481843416","error":""},"_links":{"self":[{"href":"https:\/\/www.europesays.com\/fr\/wp-json\/wp\/v2\/posts\/363588","targetHints":{"allow":["GET"]}}],"collection":[{"href":"https:\/\/www.europesays.com\/fr\/wp-json\/wp\/v2\/posts"}],"about":[{"href":"https:\/\/www.europesays.com\/fr\/wp-json\/wp\/v2\/types\/post"}],"author":[{"embeddable":true,"href":"https:\/\/www.europesays.com\/fr\/wp-json\/wp\/v2\/users\/2"}],"replies":[{"embeddable":true,"href":"https:\/\/www.europesays.com\/fr\/wp-json\/wp\/v2\/comments?post=363588"}],"version-history":[{"count":0,"href":"https:\/\/www.europesays.com\/fr\/wp-json\/wp\/v2\/posts\/363588\/revisions"}],"wp:featuredmedia":[{"embeddable":true,"href":"https:\/\/www.europesays.com\/fr\/wp-json\/wp\/v2\/media\/363589"}],"wp:attachment":[{"href":"https:\/\/www.europesays.com\/fr\/wp-json\/wp\/v2\/media?parent=363588"}],"wp:term":[{"taxonomy":"category","embeddable":true,"href":"https:\/\/www.europesays.com\/fr\/wp-json\/wp\/v2\/categories?post=363588"},{"taxonomy":"post_tag","embeddable":true,"href":"https:\/\/www.europesays.com\/fr\/wp-json\/wp\/v2\/tags?post=363588"}],"curies":[{"name":"wp","href":"https:\/\/api.w.org\/{rel}","templated":true}]}}