{"id":363590,"date":"2025-09-03T15:54:19","date_gmt":"2025-09-03T15:54:19","guid":{"rendered":"https:\/\/www.europesays.com\/fr\/363590\/"},"modified":"2025-09-03T15:54:19","modified_gmt":"2025-09-03T15:54:19","slug":"malgre-les-blockbusters-la-frequentation-des-salles-de-cinema-a-plonge-en-aout","status":"publish","type":"post","link":"https:\/\/www.europesays.com\/fr\/363590\/","title":{"rendered":"Malgr\u00e9 les blockbusters, la fr\u00e9quentation des salles de cin\u00e9ma a plong\u00e9 en ao\u00fbt"},"content":{"rendered":"<p>Les salles obscures n&rsquo;enregistrent que 9,97 millions d\u2019entr\u00e9es en ao\u00fbt selon le CNC, soit la plus forte baisse depuis le d\u00e9but de l&rsquo;ann\u00e9e. Les blockbusters am\u00e9ricains n&rsquo;ont donc pas r\u00e9ussi \u00e0 inverser la tendance.<\/p>\n<p>Un mois d&rsquo;ao\u00fbt morose pour le cin\u00e9ma. Les salles fran\u00e7aises n&rsquo;ont attir\u00e9 que 9,97 millions de spectateurs, selon les estimations publi\u00e9es mardi par le <a href=\"https:\/\/www.cnc.fr\/professionnels\/communiques-de-presse\/en-aout-la-frequentation-atteint-10-millions-dentrees_2451767#:~:text=Les%20salles%20de%20cin%C3%A9ma%20enregistrent,et%20de%20l&#039;image%20anim%C3%A9e.&amp;text=Depuis%20le%201er%20janvier,la%20m%C3%AAme%20p%C3%A9riode%20de%202024.\" target=\"_blank\" class=\"external_link\" rel=\"nofollow noopener\">Centre national du cin\u00e9ma et de l&rsquo;image anim\u00e9e<\/a>. Soit un peu plus 4 millions de spectateurs en moins et une baisse de 29,4% par rapport \u00e0 ao\u00fbt 2024, un cru dop\u00e9 par Le Comte de Monte-Cristo ou Deadpool &amp; Wolverine.<\/p>\n<p>Cette ann\u00e9e, trois blockbusters am\u00e9ricains occupent le haut du classement, le film d&rsquo;animation Les Bad Guys 2 (sorti le 30 juillet), <a href=\"https:\/\/www.bfmtv.com\/people\/cinema\/les-quatre-fantastiques-franchissent-la-barre-des-500-millions-de-dollars-au-box-office_AN-202509010489.html\" title=\"&quot;Les Quatre Fantastiques&quot; franchissent la barre des 500 millions de dollars au box-office\" class=\"internal_link\" rel=\"nofollow noopener\" target=\"_blank\">Les Quatre fantastiques: premiers pas<\/a> (sorti le 23 juillet), puis <a href=\"https:\/\/www.bfmtv.com\/people\/evanouis-et-freaky-friday-2-entrent-en-tete-du-box-office-nord-americain_AD-202508110224.html\" title=\"&quot;Evanouis&quot; et &quot;Freaky Friday 2&quot; entrent en t\u00eate du box-office nord-am\u00e9ricain\" class=\"internal_link\" rel=\"nofollow noopener\" target=\"_blank\">\u00c9vanouis<\/a> (sorti le 6 ao\u00fbt). Le premier film fran\u00e7ais, <a href=\"https:\/\/www.bfmtv.com\/people\/cinema\/malgre-les-polemiques-le-dracula-de-luc-besson-commence-pas-trop-mal-au-box-office-francais_AN-202508050431.html\" title=\"Malgr\u00e9 les pol\u00e9miques, le &quot;Dracula&quot; de Luc Besson commence pas trop mal au box-office fran\u00e7ais\" class=\"internal_link\" rel=\"nofollow noopener\" target=\"_blank\">Dracula<\/a> (sorti le 30 juillet), est en quatri\u00e8me position.<\/p>\n<p>Vient ensuite <a href=\"https:\/\/www.bfmtv.com\/people\/f1-le-film-brad-pitt-pulverise-son-record-personnel-au-box-office_AN-202508110277.html\" title=\"&quot;F1, Le film&quot;: Brad Pitt pulv\u00e9rise son record personnel au box-office\" class=\"internal_link\" rel=\"nofollow noopener\" target=\"_blank\">F1<\/a> (sorti le 25 juin), qui continue de truster les sommets du box-office, avec plus de trois millions d&rsquo;entr\u00e9es.<\/p>\n<p>Recul de 15,1% depuis janvier 2025<\/p>\n<p>Des chiffres plus que moroses qui confirment <a href=\"https:\/\/www.bfmtv.com\/people\/cinema-la-frequentation-au-plus-bas-depuis-28-ans_AN-202507030600.html#:~:text=Lors%20des%20six%20premiers%20mois,ans%2C%20hors%20Covid%2D19\" target=\"_blank\" class=\"external_link\" rel=\"nofollow noopener\">la d\u00e9crue des derniers mois<\/a>. En juillet dernier, le repli avait atteint -17,3%, avec quelque 14,8 millions d&rsquo;entr\u00e9es en un mois, contre 17,9 millions un an auparavant.<\/p>\n<p>Les superproductions hollywoodiennes sorties ces derni\u00e8res semaines, comme Jurassic World: Renaissance, <a href=\"https:\/\/www.bfmtv.com\/people\/cinema\/superman-de-james-gunn-un-homme-et-des-coups-fins_AN-202507090547.html\" title=\"Notre critique du &quot;Superman&quot; de James Gunn: un surhomme et des coups fins\" class=\"internal_link\" rel=\"nofollow noopener\" target=\"_blank\">Superman<\/a>, Les Quatre fantastiques: premiers pas ou Les Schtroumpfs: le film, n&rsquo;ont donc pas r\u00e9ussi \u00e0 inverser cette tendance \u00e0 la baisse.<\/p>\n<p>Depuis le 1er janvier 2025, les guichets des salles de cin\u00e9ma ont enregistr\u00e9 99,98 millions d\u2019entr\u00e9es, en recul de 15,1% par rapport \u00e0 la m\u00eame p\u00e9riode en 2024 (117,74 millions d&rsquo;entr\u00e9es \u00e9coul\u00e9es). La part de march\u00e9 des films fran\u00e7ais, elle, est estim\u00e9e \u00e0 35,7%, tandis que celle des longs-m\u00e9trages am\u00e9ricains avoisine 35,6% sur les huit premiers mois de l\u2019ann\u00e9e.<\/p>\n<p>Les comparaisons sont n\u00e9anmoins particuli\u00e8rement douloureuses cette ann\u00e9e, tant les chiffres d&rsquo;Un p\u2019tit truc en plus, du Comte de Monte-Cristo ou de Vice-Versa 2 avaient \u00e9t\u00e9 exceptionnels l&rsquo;an passs\u00e9.<\/p>\n","protected":false},"excerpt":{"rendered":"Les salles obscures n&rsquo;enregistrent que 9,97 millions d\u2019entr\u00e9es en ao\u00fbt selon le CNC, soit la plus forte baisse&hellip;\n","protected":false},"author":2,"featured_media":268130,"comment_status":"","ping_status":"","sticky":false,"template":"","format":"standard","meta":{"footnotes":""},"categories":[1354],"tags":[58,59,1346,1011,27,1360],"class_list":{"0":"post-363590","1":"post","2":"type-post","3":"status-publish","4":"format-standard","5":"has-post-thumbnail","7":"category-films","8":"tag-divertissement","9":"tag-entertainment","10":"tag-films","11":"tag-fr","12":"tag-france","13":"tag-movies"},"share_on_mastodon":{"url":"https:\/\/pubeurope.com\/@fr\/115141179343018705","error":""},"_links":{"self":[{"href":"https:\/\/www.europesays.com\/fr\/wp-json\/wp\/v2\/posts\/363590","targetHints":{"allow":["GET"]}}],"collection":[{"href":"https:\/\/www.europesays.com\/fr\/wp-json\/wp\/v2\/posts"}],"about":[{"href":"https:\/\/www.europesays.com\/fr\/wp-json\/wp\/v2\/types\/post"}],"author":[{"embeddable":true,"href":"https:\/\/www.europesays.com\/fr\/wp-json\/wp\/v2\/users\/2"}],"replies":[{"embeddable":true,"href":"https:\/\/www.europesays.com\/fr\/wp-json\/wp\/v2\/comments?post=363590"}],"version-history":[{"count":0,"href":"https:\/\/www.europesays.com\/fr\/wp-json\/wp\/v2\/posts\/363590\/revisions"}],"wp:featuredmedia":[{"embeddable":true,"href":"https:\/\/www.europesays.com\/fr\/wp-json\/wp\/v2\/media\/268130"}],"wp:attachment":[{"href":"https:\/\/www.europesays.com\/fr\/wp-json\/wp\/v2\/media?parent=363590"}],"wp:term":[{"taxonomy":"category","embeddable":true,"href":"https:\/\/www.europesays.com\/fr\/wp-json\/wp\/v2\/categories?post=363590"},{"taxonomy":"post_tag","embeddable":true,"href":"https:\/\/www.europesays.com\/fr\/wp-json\/wp\/v2\/tags?post=363590"}],"curies":[{"name":"wp","href":"https:\/\/api.w.org\/{rel}","templated":true}]}}