{"id":363599,"date":"2025-09-03T16:00:11","date_gmt":"2025-09-03T16:00:11","guid":{"rendered":"https:\/\/www.europesays.com\/fr\/363599\/"},"modified":"2025-09-03T16:00:11","modified_gmt":"2025-09-03T16:00:11","slug":"en-pleine-guerre-commerciale-laccord-europe-mercosur-est-vu-par-les-industriels-francais-comme-une-opportunite","status":"publish","type":"post","link":"https:\/\/www.europesays.com\/fr\/363599\/","title":{"rendered":"En pleine guerre commerciale, l\u2019accord Europe-Mercosur est vu par les industriels fran\u00e7ais comme une opportunit\u00e9"},"content":{"rendered":"<p>L\u2019accord entre l\u2019Union europ\u00e9enne et le groupe de pays sud-am\u00e9ricain emmen\u00e9 par le Br\u00e9sil et l\u2019Argentine devrait permettre de faire bondir les exportations de v\u00e9hicules, de machines et de produits pharmaceutiques alors que les \u00c9tats-Unis et la Chine \u00e9rigent des barri\u00e8res<\/p>\n<p class=\"fig-paragraph\">L\u2019accord de libre-\u00e9change entre l<a href=\"http:\/\/www.lefigaro.fr\/conjoncture\/accord-ue-mercosur-la-commission-europeenne-valide-l-accord-et-le-soumet-aux-etats-membres-20250903\" data-fig-type=\"NewsFlash\" data-gtm-custom-categorie=\"navigation\" data-gtm-custom-action=\"crossclick\" data-gtm-custom-label=\"Contextuel\" data-gtm-event=\"customEventSPE\" data-fig-domain=\"LEFIGARO\" target=\"_blank\" rel=\"noopener\">\u2019Union europ\u00e9enne et le march\u00e9 commun du Sud, le Mercosur,<\/a> &#8211; qui regroupe l\u2019Argentine, le Paraguay, L\u2019Uruguay, la Bolivie et le Br\u00e9sil \u2013, approuv\u00e9 ce mercredi par la Commission europ\u00e9enne, fait grincer bien des dents. Surtout en France, le pays<a href=\"http:\/\/www.lefigaro.fr\/flash-eco\/la-fnsea-en-appelle-a-emmanuel-macron-a-propos-de-l-accord-europeen-avec-le-mercosur-20250902\" data-fig-type=\"NewsFlash\" data-gtm-custom-categorie=\"navigation\" data-gtm-custom-action=\"crossclick\" data-gtm-custom-label=\"Contextuel\" data-gtm-event=\"customEventSPE\" data-fig-domain=\"LEFIGARO\" target=\"_blank\" rel=\"noopener\">\u00a0et ses agriculteurs<\/a>\u00a0s\u2019\u00e9tant \u00e9rig\u00e9 en premier opposant au projet, craignant notamment que cette ouverture menace plusieurs fili\u00e8res comme le b\u0153uf, la volaille, le sucre ou encore l\u2019\u00e9thanol. Mais au milieu de cette fronde, des voix tricolores discordantes se sont \u00e9lev\u00e9es. Au premier rang desquelles, celles des grandes organisations patronales qui n\u2019ont jamais cach\u00e9 leur soutien \u00e0 ce nouvel accord de libre-\u00e9change.<\/p>\n<p class=\"fig-body-link\">\n            \u00c0 lire aussi<br \/>\n        <a class=\"fig-body-link__link fig-premium-mark\" href=\"http:\/\/www.lefigaro.fr\/international\/nucleaire-mercosur-defense-paris-veut-resynchroniser-la-relation-franco-allemande-20250505\" data-fig-type=\"Article\" data-gtm-custom-categorie=\"navigation\" data-gtm-custom-action=\"crossclick\" data-gtm-custom-label=\"Contextuel\" data-gtm-event=\"customEventSPE\" data-fig-domain=\"LEFIGARO\" target=\"_blank\" rel=\"noopener\">Nucl\u00e9aire, Mercosur, d\u00e9fense\u2026 Paris veut \u00ab\u200aresynchroniser\u00a0\u00bb la relation franco-allemande<br \/>\n    <\/a>\n<\/p>\n<p class=\"fig-paragraph\">En juillet dernier,\u00a0<a href=\"http:\/\/www.lefigaro.fr\/conjoncture\/patrick-martin-la-france-ne-peut-se-permettre-un-tel-immobilisme-jusqu-en-2027-20250515\" data-fig-type=\"Article\" data-gtm-custom-categorie=\"navigation\" data-gtm-custom-action=\"crossclick\" data-gtm-custom-label=\"Contextuel\" data-gtm-event=\"customEventSPE\" data-fig-domain=\"LEFIGARO\" target=\"_blank\" rel=\"noopener\">le pr\u00e9sident du Medef, Patrick Martin<\/a>, redisait ainsi son fervent soutien au texte \u2013 de concert avec son homologue br\u00e9silien, Ricardo Alban -, dans une tribune publi\u00e9e dans Les \u00c9chos. S\u2019inqui\u00e9tant de \u00ab\u00a0l\u2019incertitude g\u00e9opolitique, la mont\u00e9e du protectionnisme et les atteintes au multilat\u00e9ralisme\u2026<\/p>\n<p class=\"fig-premium-paywall__infos\">\n        Cet article est r\u00e9serv\u00e9 aux abonn\u00e9s.        Il vous reste 70% \u00e0 d\u00e9couvrir.\n    <\/p>\n<p>                <img  data- alt=\"Le Figaro\" class=\"fig-img--complete fig-img\"\/><\/p>\n<p class=\"fig-premium-paywall__title\">Vente Flash<\/p>\n<p class=\"fig-premium-paywall__subtitle\">4,99\u20ac par mois pendant 12 mois. Sans engagement<\/p>\n<p class=\"fig-premium-paywall__connect\">\n                D\u00e9j\u00e0 abonn\u00e9\u00a0?                <a class=\"fig-premium-paywall__connect-link\" href=\"https:\/\/connect.lefigaro.fr\/login?client=horizon_web&amp;type=main&amp;redirect_uri=https%3A%2F%2Fwww.lefigaro.fr%2Fconjoncture%2Fen-pleine-guerre-commerciale-l-accord-europe-mercosur-est-vu-par-les-industriels-francais-comme-une-opportunite-20250903\" data-js-gtm=\"{&quot;customCategorie&quot;: &quot;conversion&quot;, &quot;customAction&quot;: &quot;before_Landing_Connexion_paywall_auto&quot;, &quot;customLabel&quot;: &quot;bGVmaWdhcm8uZnJfXzFmMDg4YWRkLTg3OWYtNmEyNi1iM2M2LTMzMDg5YThjNTE0ZV9fQXJ0aWNsZQ==_En pleine guerre commerciale, l\u2019accord Europe-Mercosur est vu par les industriels fran\u00e7ais comme une opportunit\u00e9_307&quot;, &quot;customIDSPE&quot;: &quot;bGVmaWdhcm8uZnJfXzFmMDg4YWRkLTg3OWYtNmEyNi1iM2M2LTMzMDg5YThjNTE0ZV9fQXJ0aWNsZQ==&quot;, &quot;event&quot;: &quot;customEventSPE&quot;}\" target=\"_blank\" rel=\"noopener\"><br \/>\n                    Connectez-vous<br \/>\n                <\/a>\n            <\/p>\n","protected":false},"excerpt":{"rendered":"L\u2019accord entre l\u2019Union europ\u00e9enne et le groupe de pays sud-am\u00e9ricain emmen\u00e9 par le Br\u00e9sil et l\u2019Argentine devrait permettre&hellip;\n","protected":false},"author":2,"featured_media":363600,"comment_status":"","ping_status":"","sticky":false,"template":"","format":"standard","meta":{"footnotes":""},"categories":[5],"tags":[11,1011,27,14,21426,12,28],"class_list":{"0":"post-363599","1":"post","2":"type-post","3":"status-publish","4":"format-standard","5":"has-post-thumbnail","7":"category-international","8":"tag-actualites","9":"tag-fr","10":"tag-france","11":"tag-international","12":"tag-mercosur","13":"tag-news","14":"tag-world"},"share_on_mastodon":{"url":"https:\/\/pubeurope.com\/@fr\/115141202689308418","error":""},"_links":{"self":[{"href":"https:\/\/www.europesays.com\/fr\/wp-json\/wp\/v2\/posts\/363599","targetHints":{"allow":["GET"]}}],"collection":[{"href":"https:\/\/www.europesays.com\/fr\/wp-json\/wp\/v2\/posts"}],"about":[{"href":"https:\/\/www.europesays.com\/fr\/wp-json\/wp\/v2\/types\/post"}],"author":[{"embeddable":true,"href":"https:\/\/www.europesays.com\/fr\/wp-json\/wp\/v2\/users\/2"}],"replies":[{"embeddable":true,"href":"https:\/\/www.europesays.com\/fr\/wp-json\/wp\/v2\/comments?post=363599"}],"version-history":[{"count":0,"href":"https:\/\/www.europesays.com\/fr\/wp-json\/wp\/v2\/posts\/363599\/revisions"}],"wp:featuredmedia":[{"embeddable":true,"href":"https:\/\/www.europesays.com\/fr\/wp-json\/wp\/v2\/media\/363600"}],"wp:attachment":[{"href":"https:\/\/www.europesays.com\/fr\/wp-json\/wp\/v2\/media?parent=363599"}],"wp:term":[{"taxonomy":"category","embeddable":true,"href":"https:\/\/www.europesays.com\/fr\/wp-json\/wp\/v2\/categories?post=363599"},{"taxonomy":"post_tag","embeddable":true,"href":"https:\/\/www.europesays.com\/fr\/wp-json\/wp\/v2\/tags?post=363599"}],"curies":[{"name":"wp","href":"https:\/\/api.w.org\/{rel}","templated":true}]}}