{"id":363601,"date":"2025-09-03T16:01:13","date_gmt":"2025-09-03T16:01:13","guid":{"rendered":"https:\/\/www.europesays.com\/fr\/363601\/"},"modified":"2025-09-03T16:01:13","modified_gmt":"2025-09-03T16:01:13","slug":"melenchon-vise-par-une-plainte-de-la-principale-association-de-prefets-pour-ses-propos-liberation","status":"publish","type":"post","link":"https:\/\/www.europesays.com\/fr\/363601\/","title":{"rendered":"M\u00e9lenchon vis\u00e9 par une plainte de la principale association de pr\u00e9fets pour ses propos \u2013 Lib\u00e9ration"},"content":{"rendered":"<p class=\"sc-cPiKLX AiZTS text-element\">C\u2019est une suite de d\u00e9clarations pol\u00e9miques et de proc\u00e9dures judiciaires qui conna\u00eet un nouveau rebondissement. L\u2019Association du corps pr\u00e9fectoral et des fonctionnaires du minist\u00e8re de l\u2019Int\u00e9rieur annonce dans un communiqu\u00e9 dat\u00e9 du 2\u00a0septembre avoir d\u00e9pos\u00e9 aupr\u00e8s du procureur de la R\u00e9publique de Paris une plainte visant Jean-Luc M\u00e9lenchon.<\/p>\n<p class=\"sc-cPiKLX AiZTS text-element\">Le 22\u00a0ao\u00fbt, lors des annuelles universit\u00e9s d\u2019\u00e9t\u00e9 de La France insoumise, dans la Dr\u00f4me, il avait d\u00e9clar\u00e9\u00a0: \u00abNous vous mettrons en prison avant que vous nous y mettiez\u00bb, mettant en cause les \u00abintimidations\u00bb de la justice visant certains d\u00e9put\u00e9s LFI. Le leader des insoumis r\u00e9agissait notamment \u00e0 la plainte que le pr\u00e9fet de police de Paris, Laurent Nu\u00f1ez, venait de d\u00e9poser \u00e0 l\u2019encontre du d\u00e9put\u00e9 Aly Diouara apr\u00e8s un tweet de l\u2019\u00e9lu affirmant que \u00abla police tue\u00bb et \u00absouvent les m\u00eames, par choix, par racisme et par nostalgie coloniale\u00bb.<\/p>\n<p class=\"sc-cPiKLX AiZTS text-element\">Dans la foul\u00e9e, le pr\u00e9fet du Val\u2011d\u2019Oise, Philippe Court, avait engag\u00e9 une proc\u00e9dure judiciaire contre un autre d\u00e9put\u00e9 LFI, Aur\u00e9lien Tach\u00e9, pour des propos similaires sur X. \u00ab<a href=\"https:\/\/www.liberation.fr\/idees-et-debats\/editorial\/marseille-ete-2023-le-raid-dans-le-feu-de-lexaction-20250819_3MTLP2WLAJA6XGT2Z3N2B5ZUIU\/\" target=\"_blank\" rel=\"noopener\" title=\"https:\/\/www.liberation.fr\/idees-et-debats\/editorial\/marseille-ete-2023-le-raid-dans-le-feu-de-lexaction-20250819_3MTLP2WLAJA6XGT2Z3N2B5ZUIU\/\">La police tue partout<\/a>. Dans le Val-d\u2019Oise o\u00f9 je suis \u00e9lu, comme dans les Deux-S\u00e8vres o\u00f9 j\u2019ai grandi\u00bb, avait \u00e9crit l\u2019\u00e9lu en r\u00e9action \u00e0 la mort de Gabriel, un habitant des Deux-S\u00e8vres de 33\u00a0ans bless\u00e9 mortellement au mois de mai par un gendarme en intervention pour <a href=\"https:\/\/www.20minutes.fr\/faits_divers\/4156840-20250604-deux-sevres-fils-tue-gendarmes-lors-intervention-tapage-nocturne-reclame-proces\" target=\"_blank\" rel=\"noopener\" title=\"https:\/\/www.20minutes.fr\/faits_divers\/4156840-20250604-deux-sevres-fils-tue-gendarmes-lors-intervention-tapage-nocturne-reclame-proces\">\u00abtapage nocturne\u00bb<\/a>.<\/p>\n<p class=\"sc-cPiKLX AiZTS text-element\">\u00abL\u2019Association n\u2019a pas l\u2019habitude de pol\u00e9miquer avec les \u00e9lus ou les anciens \u00e9lus\u00bb, pose en introduction le communiqu\u00e9 des pr\u00e9fets. Ils justifient leur action en justice par le refus \u00abde toute surench\u00e8re m\u00e9diatique\u00bb et entendent \u00abdemeurer sur le terrain du droit\u00bb.<\/p>\n<p class=\"sc-cPiKLX AiZTS text-element\">\u00abLes menaces r\u00e9cemment prof\u00e9r\u00e9es par M. Jean-Luc M\u00e9lenchon \u00e0 l\u2019\u00e9gard de pr\u00e9fets qui n\u2019agissent que dans le cadre de la Constitution et de la loi ne sont pas susceptibles de les intimider\u00bb, poursuit le document adress\u00e9 \u00e0 la presse par l\u2019association. \u00abLa confiance des autorit\u00e9s de la R\u00e9publique n\u2019a jamais fait d\u00e9faut aux pr\u00e9fets. [\u2026] Nulle outrance verbale ne les d\u00e9tournera de leur devoir\u00bb, concluent les pr\u00e9fets.<\/p>\n<p class=\"sc-cPiKLX AiZTS text-element\">Alors que les propos de Jean-Luc M\u00e9lenchon avaient surtout fait r\u00e9agir la presse de droite, d\u2019extr\u00eame droite et les r\u00e9seaux sociaux, le ministre de l\u2019Int\u00e9rieur, Bruno Retailleau, s\u2019\u00e9tait fendu d\u2019un post sur X quelques jours plus tard. \u00abIls sont les remparts contre le chaos et c\u2019est ce qui d\u00e9range Jean-Luc M\u00e9lenchon\u00bb, \u00e9crivait-il au sujet des pr\u00e9fets, assurant que le leader insoumis montrait \u00abson vrai visage, celui d\u2019un leader d\u2019une extr\u00eame gauche factieuse qui a tourn\u00e9 le dos \u00e0 tous ses principes et qui veut d\u00e9truire nos institutions\u00bb.<\/p>\n","protected":false},"excerpt":{"rendered":"C\u2019est une suite de d\u00e9clarations pol\u00e9miques et de proc\u00e9dures judiciaires qui conna\u00eet un nouveau rebondissement. L\u2019Association du corps&hellip;\n","protected":false},"author":2,"featured_media":363602,"comment_status":"","ping_status":"","sticky":false,"template":"","format":"standard","meta":{"footnotes":""},"categories":[4],"tags":[11,1011,27,3081,12,25],"class_list":{"0":"post-363601","1":"post","2":"type-post","3":"status-publish","4":"format-standard","5":"has-post-thumbnail","7":"category-france","8":"tag-actualites","9":"tag-fr","10":"tag-france","11":"tag-jean-luc-melenchon","12":"tag-news","13":"tag-republique-francaise"},"share_on_mastodon":{"url":"https:\/\/pubeurope.com\/@fr\/115141206570388538","error":""},"_links":{"self":[{"href":"https:\/\/www.europesays.com\/fr\/wp-json\/wp\/v2\/posts\/363601","targetHints":{"allow":["GET"]}}],"collection":[{"href":"https:\/\/www.europesays.com\/fr\/wp-json\/wp\/v2\/posts"}],"about":[{"href":"https:\/\/www.europesays.com\/fr\/wp-json\/wp\/v2\/types\/post"}],"author":[{"embeddable":true,"href":"https:\/\/www.europesays.com\/fr\/wp-json\/wp\/v2\/users\/2"}],"replies":[{"embeddable":true,"href":"https:\/\/www.europesays.com\/fr\/wp-json\/wp\/v2\/comments?post=363601"}],"version-history":[{"count":0,"href":"https:\/\/www.europesays.com\/fr\/wp-json\/wp\/v2\/posts\/363601\/revisions"}],"wp:featuredmedia":[{"embeddable":true,"href":"https:\/\/www.europesays.com\/fr\/wp-json\/wp\/v2\/media\/363602"}],"wp:attachment":[{"href":"https:\/\/www.europesays.com\/fr\/wp-json\/wp\/v2\/media?parent=363601"}],"wp:term":[{"taxonomy":"category","embeddable":true,"href":"https:\/\/www.europesays.com\/fr\/wp-json\/wp\/v2\/categories?post=363601"},{"taxonomy":"post_tag","embeddable":true,"href":"https:\/\/www.europesays.com\/fr\/wp-json\/wp\/v2\/tags?post=363601"}],"curies":[{"name":"wp","href":"https:\/\/api.w.org\/{rel}","templated":true}]}}