{"id":363606,"date":"2025-09-03T16:04:21","date_gmt":"2025-09-03T16:04:21","guid":{"rendered":"https:\/\/www.europesays.com\/fr\/363606\/"},"modified":"2025-09-03T16:04:21","modified_gmt":"2025-09-03T16:04:21","slug":"bienvenue-aux-nouveaux-stephanois-site-internet-de-la-ville-de-saint-etienne","status":"publish","type":"post","link":"https:\/\/www.europesays.com\/fr\/363606\/","title":{"rendered":"Bienvenue aux nouveaux St\u00e9phanois | Site Internet de la ville de Saint-\u00c9tienne"},"content":{"rendered":"<p>Vous venez d&rsquo;arriver \u00e0 Saint-\u00c9tienne ?<\/p>\n<p>\u00a0Saint-\u00c9tienne est fi\u00e8re de vous compter parmi ses habitants ! Pour vous souhaiter la bienvenue, <strong>la Ville organise une matin\u00e9e d&rsquo;accueil samedi 4 octobre, de 9 h 30 \u00e0 13 h, \u00e0 l&rsquo;H\u00f4tel-de-Ville<\/strong>.\u00a0<\/p>\n<p><strong>Des stands \u00e0 votre disposition<\/strong> vous permettront de d\u00e9couvrir les offres touristiques, sportives et culturelles, d&rsquo;obtenir des informations en mati\u00e8re de transports, de d\u00e9veloppement durable, de d\u00e9mocratie locale ou encore de vous inscrire sur les listes \u00e9lectorales.\u00a0<\/p>\n<p><strong>Une documentation nombreuse<\/strong> sera \u00e0 votre disposition comme l&rsquo;annuaire des sports, des d\u00e9pliants sur les grands projets de la Ville, sur l&rsquo;offre culturelle (les animations dans la ville, le Pass senior, les m\u00e9diath\u00e8ques, le Pass mus\u00e9es, le Conservatoire, la Cit\u00e9 du design&#8230;), sur les op\u00e9rations de fid\u00e9lit\u00e9 des commerces du centre-ville (C\u00f4t\u00e9 Saint-\u00c9tienne), sur le r\u00e9seau de transports en commun ou sur les horaires des d\u00e9ch\u00e8teries pr\u00e8s de chez vous, la carte touristique de la r\u00e9gion, le plan de la ville&#8230;\u00a0<\/p>\n<p>Vous pourrez aussi <strong>suivre une visite guid\u00e9e de l&rsquo;H\u00f4tel-de-Ville<\/strong> et assister, dans une ambiance festive, aux animations musicales des \u00e9l\u00e8ves du Conservatoire de Saint-\u00c9tienne.<\/p>\n<p><img decoding=\"async\" data-entity-uuid=\"8ffc37ab-a524-4bfe-875e-7a968a9d8361\" data-entity-type=\"file\" src=\"https:\/\/www.europesays.com\/fr\/wp-content\/uploads\/2025\/09\/bandeau-web-2.jpg\" alt=\"Bienvenue aux nouveaux st\u00e9phanois le samedi 4 octobre 2025 \" class=\"align-center\" width=\"954\" height=\"350\" loading=\"lazy\"\/><\/p>\n","protected":false},"excerpt":{"rendered":"Vous venez d&rsquo;arriver \u00e0 Saint-\u00c9tienne ? \u00a0Saint-\u00c9tienne est fi\u00e8re de vous compter parmi ses habitants ! Pour vous&hellip;\n","protected":false},"author":2,"featured_media":363607,"comment_status":"","ping_status":"","sticky":false,"template":"","format":"standard","meta":{"footnotes":""},"categories":[9653],"tags":[1111,11,2430,1777,674,1011,27,12,25,4001],"class_list":{"0":"post-363606","1":"post","2":"type-post","3":"status-publish","4":"format-standard","5":"has-post-thumbnail","7":"category-saint-etienne","8":"tag-actu","9":"tag-actualites","10":"tag-auvergne-rhone-alpes","11":"tag-eu","12":"tag-europe","13":"tag-fr","14":"tag-france","15":"tag-news","16":"tag-republique-francaise","17":"tag-saint-etienne"},"share_on_mastodon":{"url":"https:\/\/pubeurope.com\/@fr\/115141218714345869","error":""},"_links":{"self":[{"href":"https:\/\/www.europesays.com\/fr\/wp-json\/wp\/v2\/posts\/363606","targetHints":{"allow":["GET"]}}],"collection":[{"href":"https:\/\/www.europesays.com\/fr\/wp-json\/wp\/v2\/posts"}],"about":[{"href":"https:\/\/www.europesays.com\/fr\/wp-json\/wp\/v2\/types\/post"}],"author":[{"embeddable":true,"href":"https:\/\/www.europesays.com\/fr\/wp-json\/wp\/v2\/users\/2"}],"replies":[{"embeddable":true,"href":"https:\/\/www.europesays.com\/fr\/wp-json\/wp\/v2\/comments?post=363606"}],"version-history":[{"count":0,"href":"https:\/\/www.europesays.com\/fr\/wp-json\/wp\/v2\/posts\/363606\/revisions"}],"wp:featuredmedia":[{"embeddable":true,"href":"https:\/\/www.europesays.com\/fr\/wp-json\/wp\/v2\/media\/363607"}],"wp:attachment":[{"href":"https:\/\/www.europesays.com\/fr\/wp-json\/wp\/v2\/media?parent=363606"}],"wp:term":[{"taxonomy":"category","embeddable":true,"href":"https:\/\/www.europesays.com\/fr\/wp-json\/wp\/v2\/categories?post=363606"},{"taxonomy":"post_tag","embeddable":true,"href":"https:\/\/www.europesays.com\/fr\/wp-json\/wp\/v2\/tags?post=363606"}],"curies":[{"name":"wp","href":"https:\/\/api.w.org\/{rel}","templated":true}]}}