{"id":363610,"date":"2025-09-03T16:06:18","date_gmt":"2025-09-03T16:06:18","guid":{"rendered":"https:\/\/www.europesays.com\/fr\/363610\/"},"modified":"2025-09-03T16:06:18","modified_gmt":"2025-09-03T16:06:18","slug":"troisieme-edition-de-la-foire-a-lequipement","status":"publish","type":"post","link":"https:\/\/www.europesays.com\/fr\/363610\/","title":{"rendered":"troisi\u00e8me \u00e9dition de la Foire \u00e0 l\u2019\u00e9quipement"},"content":{"rendered":"<p>La Foire \u00e0 l\u2019\u00e9quipement, \u00e0 destination des \u00e9tudiants du Grand Nancy, et plus g\u00e9n\u00e9ralement des adeptes du r\u00e9emploi, reprend du service \u00e0 la salle des f\u00eates de Gentilly le samedi 6\u00a0septembre. L\u2019occasion id\u00e9ale pour les \u00e9tudiants s\u2019installant \u00e0 Nancy de s\u2019\u00e9quiper \u00e0 petits prix et de mani\u00e8re \u00e9coresponsable.<\/p>\n<p>Sera propos\u00e9e \u00e0 la vente une vaste s\u00e9lection d\u2019articles\u00a0: \u00e9lectrom\u00e9nager, v\u00eatements, meubles, d\u00e9coration, ustensiles de cuisine, v\u00e9los, \u00e9quipement informatique\u2026<\/p>\n<p>Comme lors des \u00e9ditions pr\u00e9c\u00e9dentes, cette foire rassemblera de nombreux acteurs locaux du r\u00e9emploi\u00a0: ENVIE, la Benne Id\u00e9e, la Fabrique, De Laine en R\u00eaves, Si l\u2019on se parlait, Le Relais, SOS futur, les Ecollecteurs, Dynamo, Garobiclous, Infosel ULIS, Rebond ULIS, Cultures et partages, Aux Temps Recycl\u00e9s, Super Kwetsch, les Ateliers Croix-Rouge, R\u00e9ciprocit\u00e9, Emma\u00fcs, la Pulperie, Sand\u2019cr\u00e9ation, Tricot Couture Service, le r\u00e9seau des Repair\u2019caf\u00e9s.<\/p>\n<p>Des animations \u00ab\u00a0Do it yourself\u00a0\u00bb et une animation musicale propos\u00e9e par Radio Fajet ponctueront la journ\u00e9e.<\/p>\n<p>Par ailleurs, d\u2019autres acteurs locaux seront mobilis\u00e9s toute la journ\u00e9e\u00a0: c\u00f4t\u00e9 M\u00e9tropole du Grand Nancy, la Maison du V\u00e9lo et les Ambassadeurs de la pr\u00e9vention et du tri\u00a0; La Ligue Grand Est du sport universitaire et sa zone de gratuit\u00e9 d\u00e9di\u00e9e aux v\u00eatements de sport\u00a0; le CROUS Lorraine\u00a0; la MEIJE avec des stands d\u2019information utiles pour les \u00e9tudiants\u00a0; Et l\u2019association Vert t\u2019y go qui assurera la partie restauration.<\/p>\n<p class=\"note\">Foire \u00e0 l\u2019\u00e9quipement, samedi 6\u00a0septembre, salle des f\u00eates de Gentilly, de 9 \u00e0 17\u00a0h.<\/p>\n","protected":false},"excerpt":{"rendered":"La Foire \u00e0 l\u2019\u00e9quipement, \u00e0 destination des \u00e9tudiants du Grand Nancy, et plus g\u00e9n\u00e9ralement des adeptes du r\u00e9emploi,&hellip;\n","protected":false},"author":2,"featured_media":363611,"comment_status":"","ping_status":"","sticky":false,"template":"","format":"standard","meta":{"footnotes":""},"categories":[9635],"tags":[1111,11,4523,130,33,1704,1057,4854,1777,674,1011,27,775,1702,1703,12,25,104],"class_list":{"0":"post-363610","1":"post","2":"type-post","3":"status-publish","4":"format-standard","5":"has-post-thumbnail","7":"category-nancy","8":"tag-actu","9":"tag-actualites","10":"tag-conseils-pratiques","11":"tag-consommation","12":"tag-economie","13":"tag-edition-nancy-et-agglomeration","14":"tag-education","15":"tag-enseignement-superieur","16":"tag-eu","17":"tag-europe","18":"tag-fr","19":"tag-france","20":"tag-grand-est","21":"tag-nancy","22":"tag-nancy-ville-54b","23":"tag-news","24":"tag-republique-francaise","25":"tag-societe"},"share_on_mastodon":{"url":"https:\/\/pubeurope.com\/@fr\/115141226260263572","error":""},"_links":{"self":[{"href":"https:\/\/www.europesays.com\/fr\/wp-json\/wp\/v2\/posts\/363610","targetHints":{"allow":["GET"]}}],"collection":[{"href":"https:\/\/www.europesays.com\/fr\/wp-json\/wp\/v2\/posts"}],"about":[{"href":"https:\/\/www.europesays.com\/fr\/wp-json\/wp\/v2\/types\/post"}],"author":[{"embeddable":true,"href":"https:\/\/www.europesays.com\/fr\/wp-json\/wp\/v2\/users\/2"}],"replies":[{"embeddable":true,"href":"https:\/\/www.europesays.com\/fr\/wp-json\/wp\/v2\/comments?post=363610"}],"version-history":[{"count":0,"href":"https:\/\/www.europesays.com\/fr\/wp-json\/wp\/v2\/posts\/363610\/revisions"}],"wp:featuredmedia":[{"embeddable":true,"href":"https:\/\/www.europesays.com\/fr\/wp-json\/wp\/v2\/media\/363611"}],"wp:attachment":[{"href":"https:\/\/www.europesays.com\/fr\/wp-json\/wp\/v2\/media?parent=363610"}],"wp:term":[{"taxonomy":"category","embeddable":true,"href":"https:\/\/www.europesays.com\/fr\/wp-json\/wp\/v2\/categories?post=363610"},{"taxonomy":"post_tag","embeddable":true,"href":"https:\/\/www.europesays.com\/fr\/wp-json\/wp\/v2\/tags?post=363610"}],"curies":[{"name":"wp","href":"https:\/\/api.w.org\/{rel}","templated":true}]}}