{"id":363612,"date":"2025-09-03T16:07:10","date_gmt":"2025-09-03T16:07:10","guid":{"rendered":"https:\/\/www.europesays.com\/fr\/363612\/"},"modified":"2025-09-03T16:07:10","modified_gmt":"2025-09-03T16:07:10","slug":"ce-ne-sont-pas-des-garderies-toulon-ouvre-cinq-nouvelles-classes-de-toute-petite-section-pour-les-moins-de-3-ans","status":"publish","type":"post","link":"https:\/\/www.europesays.com\/fr\/363612\/","title":{"rendered":"\u00ab\u00a0Ce ne sont pas des garderies\u00a0\u00bb: Toulon ouvre cinq nouvelles classes de \u00ab\u00a0toute petite section\u00a0\u00bb pour les moins de 3 ans"},"content":{"rendered":"<p data-start=\"149\" data-end=\"468\">\u00c0 Toulon, quinze \u00e9coles disposent d\u2019une classe TPS (pour toute petite section), soit 212 enfants de moins de 3 ans qui sont accueillis en maternelle.<\/p>\n<p data-start=\"149\" data-end=\"468\">En cette rentr\u00e9e, ce sont cinq nouvelles classes de ce type qui ouvrent leurs portes, dans les \u00e9coles Jean Aicard, Debussy, Le Jonquet, Saint-Jean du Var et Les \u0152illets.<\/p>\n<p data-start=\"470\" data-end=\"1102\">C\u2019est justement l\u00e0 que s\u2019est rendue hier la rectrice d\u2019acad\u00e9mie, Natacha Chicot, accompagn\u00e9e de la maire de Toulon, Jos\u00e9e Massi. La classe TPS a attir\u00e9 toute leur attention. \u00c0 l\u2019int\u00e9rieur se trouvaient jeunes parents et tr\u00e8s jeunes enfants, tous \u00e2g\u00e9s de moins de 3 ans.<\/p>\n<p data-start=\"470\" data-end=\"1102\">\u00ab\u00a0Entrer le plus t\u00f4t possible dans les apprentissages (dessiner, \u00e9crire, compter\u2026), c\u2019est toujours une bonne option\u00a0\u00bb, a expliqu\u00e9 la rectrice. \u00ab\u00a0Innover et exp\u00e9rimenter font partie de la vie de l\u2019\u00c9ducation nationale. La force de l\u2019\u00e9cole, c\u2019est son adaptabilit\u00e9. Sa r\u00e9silience aussi. Et les moyens que nous mettons sont tous dirig\u00e9s vers la r\u00e9ussite des \u00e9l\u00e8ves.\u00a0\u00bb<\/p>\n<p data-start=\"1104\" data-end=\"1152\">\u00ab\u00a0Ce ne sont pas des garderies, on y travaille\u00a0\u00bb<\/p>\n<p data-start=\"1154\" data-end=\"1444\">Jos\u00e9e Massi l\u2019a approuv\u00e9e: \u00ab\u00a0Les toutes petites sections de maternelle se situent plut\u00f4t dans les quartiers d\u00e9favoris\u00e9s mais pas seulement. Les TPS ne sont pas une garderie, on y travaille. Et puis ce dispositif novateur encourage la parentalit\u00e9 puisque les parents d\u2019\u00e9l\u00e8ves participent.\u00a0\u00bb<\/p>\n<p data-start=\"1446\" data-end=\"1995\">Les maternelles Basse Convention, La Beaucaire, Brusquet, Fleur des Champs, Font-Pr\u00e9, Fort Rouge, Jules Muraire, Pont-du-Las, Saint-Louis et Le Tauriac compl\u00e8tent cette liste o\u00f9 les tr\u00e8s petites sections se d\u00e9veloppent. Aux \u0152illets, la classe en question compte 12 enfants.<\/p>\n<p data-start=\"1446\" data-end=\"1995\">\u00ab\u00a0Le nombre peut aller jusqu\u2019\u00e0 17 maximum. Tous sont pris en charge \u00e0 partir de l\u2019\u00e2ge de 2 ans et demi. Et \u00e0 chaque classe est d\u00e9volue une Atsem (agente territoriale sp\u00e9cialis\u00e9e des \u00e9coles maternelles)\u00a0\u00bb, ajoute Christine L\u00e9andri, directrice du service \u00e9ducation et jeunesse.<\/p>\n<p>              <img ci-src=\"https:\/\/www.varmatin.com\/education\/classe-Kz7e6Kcx.jpg?vh=d741cb&amp;ci_seal=cb6f45def5\" alt=\"\"\/><br \/>\n        La rectrice d\u2019acad\u00e9mie a visit\u00e9 l\u2019\u00e9cole des \u0152illets, hier matin, accompagn\u00e9e de la maire de Toulon, Jos\u00e9e Massi, et du personnel de l\u2019\u00e9cole.  <strong>Photo Val\u00e9rie Le Parc.<\/strong> <\/p>\n<p data-start=\"1997\" data-end=\"2029\">\u00ab\u00a0Pour l\u2019autonomie de l\u2019enfant\u00a0\u00bb<\/p>\n<p data-start=\"2031\" data-end=\"2278\">En amont de la rentr\u00e9e, les demandes des parents sont soumises \u00e0 une commission qui donne son avis pour l\u2019accueil de l\u2019enfant, en fonction de son \u00e2ge, de sa maturit\u00e9\u2026 \u00ab\u00a0Mais c\u2019est la directrice qui a le dernier mot pour l\u2019inscription d\u00e9finitive.\u00a0\u00bb<\/p>\n<p data-start=\"2280\" data-end=\"2521\">\u00ab\u00a0Ces TPS favorisent l\u2019autonomie de l\u2019enfant et lui permettent de s\u2019habituer tr\u00e8s t\u00f4t \u00e0 la vie en groupe\u00a0\u00bb, commente Marie-Agn\u00e8s Zanardi, de la direction du personnel de service et des \u00e9tablissements \u00e0 Toulon, qui compte 900 agents au total.<\/p>\n<p data-start=\"2523\" data-end=\"2986\">La rectrice d\u2019acad\u00e9mie a f\u00e9licit\u00e9 le personnel des \u0152illets pour son projet p\u00e9dagogique de d\u00e9veloppement durable et celui de la future cour de r\u00e9cr\u00e9ation v\u00e9g\u00e9talis\u00e9e.<\/p>\n<p data-start=\"2523\" data-end=\"2986\">\u00ab\u00a0\u00c7a va commencer avec le futur jardin qui se trouvera dans le patio de l\u2019\u00e9cole\u00a0\u00bb, a pr\u00e9cis\u00e9 Jos\u00e9e Massi.<\/p>\n<p data-start=\"2523\" data-end=\"2986\">Avec 137 \u00e9l\u00e8ves de maternelle, Les \u0152illets sont au c\u0153ur du quartier et disposent maintenant de 8 classes pleines.<\/p>\n<p data-start=\"2523\" data-end=\"2986\">Avec une amplitude d\u2019\u00e2ge pour l\u2019accueil des tout-petits toujours plus grande.<\/p>\n","protected":false},"excerpt":{"rendered":"\u00c0 Toulon, quinze \u00e9coles disposent d\u2019une classe TPS (pour toute petite section), soit 212 enfants de moins de&hellip;\n","protected":false},"author":2,"featured_media":363613,"comment_status":"","ping_status":"","sticky":false,"template":"","format":"standard","meta":{"footnotes":""},"categories":[9619],"tags":[1111,11,1057,1777,674,332,1011,27,12,882,25,2310],"class_list":{"0":"post-363612","1":"post","2":"type-post","3":"status-publish","4":"format-standard","5":"has-post-thumbnail","7":"category-toulon","8":"tag-actu","9":"tag-actualites","10":"tag-education","11":"tag-eu","12":"tag-europe","13":"tag-faits-de-societe","14":"tag-fr","15":"tag-france","16":"tag-news","17":"tag-provence-alpes-cote-dazur","18":"tag-republique-francaise","19":"tag-toulon"},"share_on_mastodon":{"url":"https:\/\/pubeurope.com\/@fr\/115141230177149580","error":""},"_links":{"self":[{"href":"https:\/\/www.europesays.com\/fr\/wp-json\/wp\/v2\/posts\/363612","targetHints":{"allow":["GET"]}}],"collection":[{"href":"https:\/\/www.europesays.com\/fr\/wp-json\/wp\/v2\/posts"}],"about":[{"href":"https:\/\/www.europesays.com\/fr\/wp-json\/wp\/v2\/types\/post"}],"author":[{"embeddable":true,"href":"https:\/\/www.europesays.com\/fr\/wp-json\/wp\/v2\/users\/2"}],"replies":[{"embeddable":true,"href":"https:\/\/www.europesays.com\/fr\/wp-json\/wp\/v2\/comments?post=363612"}],"version-history":[{"count":0,"href":"https:\/\/www.europesays.com\/fr\/wp-json\/wp\/v2\/posts\/363612\/revisions"}],"wp:featuredmedia":[{"embeddable":true,"href":"https:\/\/www.europesays.com\/fr\/wp-json\/wp\/v2\/media\/363613"}],"wp:attachment":[{"href":"https:\/\/www.europesays.com\/fr\/wp-json\/wp\/v2\/media?parent=363612"}],"wp:term":[{"taxonomy":"category","embeddable":true,"href":"https:\/\/www.europesays.com\/fr\/wp-json\/wp\/v2\/categories?post=363612"},{"taxonomy":"post_tag","embeddable":true,"href":"https:\/\/www.europesays.com\/fr\/wp-json\/wp\/v2\/tags?post=363612"}],"curies":[{"name":"wp","href":"https:\/\/api.w.org\/{rel}","templated":true}]}}