{"id":363616,"date":"2025-09-03T16:09:18","date_gmt":"2025-09-03T16:09:18","guid":{"rendered":"https:\/\/www.europesays.com\/fr\/363616\/"},"modified":"2025-09-03T16:09:18","modified_gmt":"2025-09-03T16:09:18","slug":"le-phenomene-redouane-bougheraba-est-de-retour-a-montpellier","status":"publish","type":"post","link":"https:\/\/www.europesays.com\/fr\/363616\/","title":{"rendered":"Le ph\u00e9nom\u00e8ne Redouane Bougheraba est de retour \u00e0 Montpellier"},"content":{"rendered":"<p>Apr\u00e8s avoir conquis la France, l\u2019Europe et m\u00eame le reste du monde avec son one-man show \u00ab <b>On m\u2019appelle Marseille<\/b> \u00bb, Redouane Bougheraba a conclu sa tourn\u00e9e en apoth\u00e9ose dans son stade f\u00e9tiche, le mythique V\u00e9lodrome. Un moment fort et un v\u00e9ritable retour aux sources pour l\u2019humoriste marseillais, acclam\u00e9 par des milliers de fans.<\/p>\n<p>Aujourd\u2019hui, l\u2019humoriste revient avec un tout nouveau spectacle, \u00ab <b>Mon premier spectacle<\/b> \u00bb, un nouveau chapitre de son histoire. Avec son style unique, d\u00e9sopilant et plein d\u2019improvisation, il vous invite \u00e0 d\u00e9couvrir son parcours, ses r\u00e9alit\u00e9s et ses rencontres les plus rocambolesques.<\/p>\n<p>Pr\u00e9parez-vous \u00e0 une avalanche d\u2019anecdotes hilarantes, racont\u00e9es avec ce ton d\u00e9concertant et sinc\u00e8re qui n\u2019appartient qu\u2019\u00e0 lui. Redouane Bougheraba vous ouvre les portes de son univers, o\u00f9 la spontan\u00e9it\u00e9 est reine et o\u00f9 chaque histoire est une invitation au rire.<\/p>\n<p>Rendez-vous dans la grande salle de l\u2019Arena<b> le 18 d\u00e9cembre 2026<\/b>, on prend ses places <a href=\"https:\/\/www.suddefrance-arena.com\" target=\"_blank\" rel=\"noopener nofollow\"><strong>ici<\/strong><\/a><\/p>\n<blockquote class=\"instagram-media\" style=\"background: #FFF; border: 0; border-radius: 3px; box-shadow: 0 0 1px 0 rgba(0,0,0,0.5),0 1px 10px 0 rgba(0,0,0,0.15); margin: 1px; max-width: 540px; min-width: 326px; padding: 0; width: calc(100% - 2px);\" data-instgrm-captioned=\"\" data-instgrm-permalink=\"https:\/\/www.instagram.com\/p\/DLpGM_QN2K_\/?utm_source=ig_embed&amp;utm_campaign=loading\" data-instgrm-version=\"14\">\n<\/blockquote>\n<p>\t\t\t\t\t\t\t\t\t\t\t\t\t\t\t<script async src=\"\/\/www.instagram.com\/embed.js\"><\/script><\/p>\n","protected":false},"excerpt":{"rendered":"Apr\u00e8s avoir conquis la France, l\u2019Europe et m\u00eame le reste du monde avec son one-man show \u00ab On&hellip;\n","protected":false},"author":2,"featured_media":363617,"comment_status":"","ping_status":"","sticky":false,"template":"","format":"standard","meta":{"footnotes":""},"categories":[9599],"tags":[1111,11,1777,674,1011,27,2208,12,2680,25],"class_list":{"0":"post-363616","1":"post","2":"type-post","3":"status-publish","4":"format-standard","5":"has-post-thumbnail","7":"category-montpellier","8":"tag-actu","9":"tag-actualites","10":"tag-eu","11":"tag-europe","12":"tag-fr","13":"tag-france","14":"tag-montpellier","15":"tag-news","16":"tag-occitanie","17":"tag-republique-francaise"},"share_on_mastodon":{"url":"https:\/\/pubeurope.com\/@fr\/115141238071254774","error":""},"_links":{"self":[{"href":"https:\/\/www.europesays.com\/fr\/wp-json\/wp\/v2\/posts\/363616","targetHints":{"allow":["GET"]}}],"collection":[{"href":"https:\/\/www.europesays.com\/fr\/wp-json\/wp\/v2\/posts"}],"about":[{"href":"https:\/\/www.europesays.com\/fr\/wp-json\/wp\/v2\/types\/post"}],"author":[{"embeddable":true,"href":"https:\/\/www.europesays.com\/fr\/wp-json\/wp\/v2\/users\/2"}],"replies":[{"embeddable":true,"href":"https:\/\/www.europesays.com\/fr\/wp-json\/wp\/v2\/comments?post=363616"}],"version-history":[{"count":0,"href":"https:\/\/www.europesays.com\/fr\/wp-json\/wp\/v2\/posts\/363616\/revisions"}],"wp:featuredmedia":[{"embeddable":true,"href":"https:\/\/www.europesays.com\/fr\/wp-json\/wp\/v2\/media\/363617"}],"wp:attachment":[{"href":"https:\/\/www.europesays.com\/fr\/wp-json\/wp\/v2\/media?parent=363616"}],"wp:term":[{"taxonomy":"category","embeddable":true,"href":"https:\/\/www.europesays.com\/fr\/wp-json\/wp\/v2\/categories?post=363616"},{"taxonomy":"post_tag","embeddable":true,"href":"https:\/\/www.europesays.com\/fr\/wp-json\/wp\/v2\/tags?post=363616"}],"curies":[{"name":"wp","href":"https:\/\/api.w.org\/{rel}","templated":true}]}}