{"id":363618,"date":"2025-09-03T16:10:18","date_gmt":"2025-09-03T16:10:18","guid":{"rendered":"https:\/\/www.europesays.com\/fr\/363618\/"},"modified":"2025-09-03T16:10:18","modified_gmt":"2025-09-03T16:10:18","slug":"pour-manu-reynaud-lunion-de-la-gauche-avant-tout","status":"publish","type":"post","link":"https:\/\/www.europesays.com\/fr\/363618\/","title":{"rendered":"pour Manu Reynaud, \u00ab l&rsquo;union de la gauche avant-tout \u00bb"},"content":{"rendered":"<p>            Par<br \/>\n        <strong><br \/>\n            <a href=\"https:\/\/actu.fr\/auteur\/g-martin\" title=\"Consulter tous les articles de Gil Martin\" rel=\"nofollow noopener\" target=\"_blank\">Gil Martin<\/a><br \/>\n        <\/strong><\/p>\n<p>        Publi\u00e9 le<\/p>\n<p>            3 sept. 2025 \u00e0 17h29        <\/p>\n<p>Les <strong>\u00e9cologistes<\/strong> ne sont pas en retard pour cette rentr\u00e9e politique\u2026 <a href=\"https:\/\/actu.fr\/occitanie\/montpellier_34172\/montpellier-municipales-jean-louis-roumegas-architecte-de-l-alternative-ecologiste-sociale-et-citoyenne_63097541.html\" rel=\"nofollow noopener\" target=\"_blank\">Apr\u00e8s la conf\u00e9rence de Jean-Louis Roum\u00e9gas (EELV) vendredi dernier<\/a>, c\u2019\u00e9tait au tour de <strong>Manu Reynaud<\/strong>, actuel \u00e9lu municipal et leader du groupe \u00ab <strong>\u00c9cologistes pour Montpellier <\/strong>\u00bb, de prendre la parole ce mercredi 2 septembre.<\/p>\n<p>Une appli pour mieux dialoguer<\/p>\n<p class=\" wall-content\">Tout d\u2019abord pour <strong>pr\u00e9senter une innovation<\/strong> \u00ab unique en France \u00bb, annonce l\u2019\u00e9lu : une appli mobile qui permettra de recueillir dans la rue <strong>les propositions des habitants<\/strong> pour am\u00e9liorer leur ville et leur quotidien. Et ensuite, campagne oblige, pour <strong>clarifier la position<\/strong> de son groupe en vue du scrutin des 15 et 22 mars prochain. \u00a0<\/p>\n<p>Le th\u00e8me : \u00ab\u00a05 mn pour Montpellier\u00a0\u00bb<\/p>\n<p class=\" wall-content\">\u00ab\u00a0Nous avons 120 jours avant la fin de l\u2019ann\u00e9e\u00a0: l\u2019id\u00e9e est de recueillir <strong>des milliers de t\u00e9moignages<\/strong> gr\u00e2ce \u00e0 notre appli et de faire remonter chaque jour les id\u00e9es les plus pertinentes \u00bb, explique le 2\u00e8me adjoint au maire lors d\u2019une conf\u00e9rence donn\u00e9e sous la grande arche du quartier Antigone. \u00ab Nos militants pourront t\u00e9l\u00e9charger l\u2019Application Citoyenne que nous avons con\u00e7u (elle n\u2019est pas publique) et participer \u00e0 notre campagne \u00ab\u00a05 mn pour Montpellier\u00a0\u00bb qui commence \u00bb.<\/p>\n<blockquote class=\"ac-article-quote wall-content\">\n<p>\u00ab Cette nouvelle appli, in\u00e9dite en France, est une v\u00e9ritable innovation d\u00e9mocratique locale et participative \u00bb<\/p>\n<p>    <strong>Manu Reynaud<\/strong><br \/>\n        Les \u00e9cologistes pour Montpellier    <\/p><\/blockquote>\n<p class=\" wall-content\">L\u2019appli permettra aux militants de r\u00e9aliser des \u00ab\u00a0micro-trottoirs\u00a0\u00bb qui ne seront pas film\u00e9s et de recueillir oralement les remarques et les id\u00e9es des habitants invit\u00e9s \u00e0 r\u00e9pondre \u00e0 la question \u00ab<strong> Que changeriez-vous \u00e0 Montpellier si vous \u00e9tiez maire de Montpellier ? <\/strong>\u00bb. La r\u00e9ponse pourra \u00eatre anonyme ou pas (au choix) et les propos ne seront pas enregistr\u00e9s mais directement retranscrits sous forme de texte <strong>par une IA<\/strong> qui en produira une synth\u00e8se. \u00ab L\u2019appli r\u00e9dige un r\u00e9sum\u00e9 instantan\u00e9 que l\u2019on peut renvoyer aux t\u00e9moins \u00bb, d\u00e9taille Manu Reynaud\u00a0 : \u00ab Cet outil pousse le principe de r\u00e9ciprocit\u00e9 assez loin puisque s\u2019il constate des erreurs dans son t\u00e9moignage, l\u2019interview\u00e9 peut corriger le texte et nous le renvoyer \u00bb.<\/p>\n<p>Vid\u00e9os : en ce moment sur Actu<br \/>\n    <img   decoding=\"async\" loading=\"lazy\" id=\"\" src=\"https:\/\/www.europesays.com\/fr\/wp-content\/uploads\/2025\/09\/photo-reynaud-demo-960x640.jpg\" alt=\"Une innovation pour cette campagne des municipales : une appli boost\u00e9e par l'IA pour mieux \" width=\"960\" height=\"640\"\/><br \/>\n    Une innovation pour cette campagne des municipales : une appli boost\u00e9e par l\u2019IA pour mieux \u00ab\u00a0remonter\u00a0\u00bb les propositions et les id\u00e9es des habitants (\u00a9G.M\/M\u00e9tropolitain)<\/p>\n<p class=\" wall-content\">\u00ab Cette application nous permettra de <strong>rencontrer beaucoup plus de Montpelli\u00e9rains<\/strong> que lors d\u2019une campagne \u00e9lectorale classique et de faire remonter de nombreuses propositions\u00a0car ici, l\u2019\u00e9change<strong> n\u2019est pas ralenti ou interrompu<\/strong> par une prise de note \u00bb, souligne Manu Reynaud qui esp\u00e8re que la campagne \u00ab\u00a05 mn pour Montpellier\u00a0\u00bb s\u00e9duira les Montpelli\u00e9rains par son format original : \u00ab Nous avons d\u00e9j\u00e0 recueillis 120 t\u00e9moignages lors des tests, et je peux vous garantir que cet outil num\u00e9rique fluidifie la discussion \u00bb.<\/p>\n<p>Votre r\u00e9gion, votre actu !<\/p>\n<p>Recevez chaque jour les infos qui comptent pour vous.<\/p>\n<p>\t<a href=\"https:\/\/actu.fr\/newsletter\" class=\"ac-btn ac-btn--corner ac-btn--medium ac-btn--blue800\" rel=\"nofollow noopener\" target=\"_blank\">S&rsquo;incrire<\/a><br \/>\nMieux cerner les besoins des Montpelli\u00e9rains<\/p>\n<p class=\" wall-content\">Avec cette solution innovante, Manu Reynaud n\u2019est pas f\u00e2ch\u00e9 de r\u00e9volutionner un peu les campagnes \u00e9lectorales : \u00ab L\u2019IA permet de traiter plus de t\u00e9moignages et donc <strong>de mieux cerner<\/strong> les grands besoins et les volont\u00e9s des habitants\u2026 L\u2019id\u00e9e finale \u00e9tant bien s\u00fbr <strong>d\u2019inclure les propositions<\/strong> les plus pertinentes <strong>dans notre programme<\/strong> \u00bb. Pour l\u2019\u00e9lu \u00e9cologiste, cette nouvelle appli, in\u00e9dite en France, \u00ab est une v\u00e9ritable <strong>innovation d\u00e9mocratique<\/strong> locale et participative \u00bb.<\/p>\n<p>Manu Reynaud : \u00ab\u00a0Nous sommes pour l&rsquo;union de la gauche\u00a0\u00bb<\/p>\n<p>Si le groupe Ecologistes pour Montpellier\u00a0se montre tr\u00e8s \u00ab\u00a0appliqu\u00e9\u00a0\u00bb en cette rentr\u00e9e politique, ce n\u2019est pas pour rien. \u00ab\u00a0Nous avons d\u00e9cid\u00e9, apr\u00e8s les 120 jours de consultation, d\u2019organiser une convention citoyenne pendant laquelle nous pr\u00e9senterons les propositions des Montpelli\u00e9rains. Ces id\u00e9es permettront de nourrir le programme que nous porterons lors des \u00e9lections municipales\u00a0\u00bb, annonce Manu Reynaud.<br \/>Il y aura donc une liste les Ecologistes pour Montpellier en mars prochain\u00a0? \u00ab\u00a0Nous serons candidats ou nous serons en soutien de&#8230;\u00a0\u00bb, indique l\u2019\u00e9lu local\u00a0: \u00ab\u00a0Ma priorit\u00e9, c\u2019est l\u2019union de la gauche \u00e0 Montpellier. C\u2019est une formule qui marche et qui a fait ses preuves \u00e0 Montpellier avec l\u2019actuelle majorit\u00e9. C\u2019est aussi cette union que les Fran\u00e7ais ont approuv\u00e9 avec le NFP \u00bb.<\/p>\n<p>Un message adress\u00e9 \u00e0 Jean-Louis Roum\u00e9gas qui travaille de son c\u00f4t\u00e9 \u00e0 la cr\u00e9ation d&rsquo;une liste d\u2019union des forces de gauche sans Manu Reynaud qui lui a d\u2019ailleurs adress\u00e9 une lettre ouverte, alertant sur la multiplication des listes au d\u00e9triment de l&rsquo;union : \u00ab Le 8 septembre, l\u2019actualit\u00e9 politique du pays risque de changer, et il y a la journ\u00e9e de mobilisation populaire du 10 septembre, donc attendons pour discuter&#8230; Perso, je ne suis pas int\u00e9ress\u00e9 par les histoires de boutiques\u00a0: je milite avant-tout pour un rassemblement et une unit\u00e9 \u00e0 gauche. Notre groupe des \u00e9cologistes pour Montpellier n\u2019a aucun ennemi \u00e0 gauche, aucun\u00a0! On peut toujours trouver des probl\u00e8mes pour ne pas se parler, mais on peut aussi faire l\u2019inverse\u00a0: choisir de se parler pour trouver des solutions. En tout cas, nous, nous essaierons de faire cette union de la gauche jusqu\u2019au bout\u00a0\u00bb. \u00a0\u00a0 \u00a0\u00a0<\/p>\n<p class=\" wall-content\">Personnalisez votre actualit\u00e9 en ajoutant vos villes et m\u00e9dias en favori avec <a href=\"https:\/\/moncompte.actu.fr\" title=\"D\u00e9couvez Mon Actu\" rel=\"nofollow noopener\" data-trk=\"{&quot;cta&quot;:{&quot;action&quot;:&quot;https:\\\/\\\/moncompte.actu.fr&quot;,&quot;category&quot;:&quot;mon compte&quot;,&quot;from&quot;:&quot;article footer&quot;,&quot;name&quot;:&quot;Mon actu&quot;,&quot;type&quot;:&quot;cta&quot;}}\" target=\"_blank\">Mon Actu<\/a>.<\/p>\n","protected":false},"excerpt":{"rendered":"Par Gil Martin Publi\u00e9 le 3 sept. 2025 \u00e0 17h29 Les \u00e9cologistes ne sont pas en retard pour&hellip;\n","protected":false},"author":2,"featured_media":363619,"comment_status":"","ping_status":"","sticky":false,"template":"","format":"standard","meta":{"footnotes":""},"categories":[9599],"tags":[1111,11,4188,1777,674,1011,27,2208,12,2680,316,25],"class_list":{"0":"post-363618","1":"post","2":"type-post","3":"status-publish","4":"format-standard","5":"has-post-thumbnail","7":"category-montpellier","8":"tag-actu","9":"tag-actualites","10":"tag-elections-municipales","11":"tag-eu","12":"tag-europe","13":"tag-fr","14":"tag-france","15":"tag-montpellier","16":"tag-news","17":"tag-occitanie","18":"tag-politique","19":"tag-republique-francaise"},"share_on_mastodon":{"url":"https:\/\/pubeurope.com\/@fr\/115141241955976676","error":""},"_links":{"self":[{"href":"https:\/\/www.europesays.com\/fr\/wp-json\/wp\/v2\/posts\/363618","targetHints":{"allow":["GET"]}}],"collection":[{"href":"https:\/\/www.europesays.com\/fr\/wp-json\/wp\/v2\/posts"}],"about":[{"href":"https:\/\/www.europesays.com\/fr\/wp-json\/wp\/v2\/types\/post"}],"author":[{"embeddable":true,"href":"https:\/\/www.europesays.com\/fr\/wp-json\/wp\/v2\/users\/2"}],"replies":[{"embeddable":true,"href":"https:\/\/www.europesays.com\/fr\/wp-json\/wp\/v2\/comments?post=363618"}],"version-history":[{"count":0,"href":"https:\/\/www.europesays.com\/fr\/wp-json\/wp\/v2\/posts\/363618\/revisions"}],"wp:featuredmedia":[{"embeddable":true,"href":"https:\/\/www.europesays.com\/fr\/wp-json\/wp\/v2\/media\/363619"}],"wp:attachment":[{"href":"https:\/\/www.europesays.com\/fr\/wp-json\/wp\/v2\/media?parent=363618"}],"wp:term":[{"taxonomy":"category","embeddable":true,"href":"https:\/\/www.europesays.com\/fr\/wp-json\/wp\/v2\/categories?post=363618"},{"taxonomy":"post_tag","embeddable":true,"href":"https:\/\/www.europesays.com\/fr\/wp-json\/wp\/v2\/tags?post=363618"}],"curies":[{"name":"wp","href":"https:\/\/api.w.org\/{rel}","templated":true}]}}