{"id":363620,"date":"2025-09-03T16:11:36","date_gmt":"2025-09-03T16:11:36","guid":{"rendered":"https:\/\/www.europesays.com\/fr\/363620\/"},"modified":"2025-09-03T16:11:36","modified_gmt":"2025-09-03T16:11:36","slug":"la-culture-a-lurn-en-septembre","status":"publish","type":"post","link":"https:\/\/www.europesays.com\/fr\/363620\/","title":{"rendered":"La culture \u00e0 l&rsquo;URN en septembre"},"content":{"rendered":"<p><strong data-start=\"97\" data-end=\"175\">C\u2019est la rentr\u00e9e \u00e0 l\u2019Universit\u00e9, mais aussi \u00e0 la Direction de la culture !<\/strong><br data-start=\"175\" data-end=\"178\"\/>D\u00e8s le 19 septembre, la rentr\u00e9e culturelle s\u2019ouvre avec une programmation riche : spectacles, conf\u00e9rences, expositions, projection et explorations de lieux culturels vous attendent. Deux semaines de d\u00e9couvertes et de rencontres qui se cl\u00f4tureront le 30 septembre par un cocktail festif aux couleurs du Br\u00e9sil.<\/p>\n","protected":false},"excerpt":{"rendered":"C\u2019est la rentr\u00e9e \u00e0 l\u2019Universit\u00e9, mais aussi \u00e0 la Direction de la culture !D\u00e8s le 19 septembre, la&hellip;\n","protected":false},"author":2,"featured_media":363621,"comment_status":"","ping_status":"","sticky":false,"template":"","format":"standard","meta":{"footnotes":""},"categories":[9587],"tags":[1111,11,1777,674,1011,27,12,5161,25,9590],"class_list":{"0":"post-363620","1":"post","2":"type-post","3":"status-publish","4":"format-standard","5":"has-post-thumbnail","7":"category-rouen","8":"tag-actu","9":"tag-actualites","10":"tag-eu","11":"tag-europe","12":"tag-fr","13":"tag-france","14":"tag-news","15":"tag-normandie","16":"tag-republique-francaise","17":"tag-rouen"},"share_on_mastodon":{"url":"https:\/\/pubeurope.com\/@fr\/115141245851370396","error":""},"_links":{"self":[{"href":"https:\/\/www.europesays.com\/fr\/wp-json\/wp\/v2\/posts\/363620","targetHints":{"allow":["GET"]}}],"collection":[{"href":"https:\/\/www.europesays.com\/fr\/wp-json\/wp\/v2\/posts"}],"about":[{"href":"https:\/\/www.europesays.com\/fr\/wp-json\/wp\/v2\/types\/post"}],"author":[{"embeddable":true,"href":"https:\/\/www.europesays.com\/fr\/wp-json\/wp\/v2\/users\/2"}],"replies":[{"embeddable":true,"href":"https:\/\/www.europesays.com\/fr\/wp-json\/wp\/v2\/comments?post=363620"}],"version-history":[{"count":0,"href":"https:\/\/www.europesays.com\/fr\/wp-json\/wp\/v2\/posts\/363620\/revisions"}],"wp:featuredmedia":[{"embeddable":true,"href":"https:\/\/www.europesays.com\/fr\/wp-json\/wp\/v2\/media\/363621"}],"wp:attachment":[{"href":"https:\/\/www.europesays.com\/fr\/wp-json\/wp\/v2\/media?parent=363620"}],"wp:term":[{"taxonomy":"category","embeddable":true,"href":"https:\/\/www.europesays.com\/fr\/wp-json\/wp\/v2\/categories?post=363620"},{"taxonomy":"post_tag","embeddable":true,"href":"https:\/\/www.europesays.com\/fr\/wp-json\/wp\/v2\/tags?post=363620"}],"curies":[{"name":"wp","href":"https:\/\/api.w.org\/{rel}","templated":true}]}}