{"id":363622,"date":"2025-09-03T16:14:12","date_gmt":"2025-09-03T16:14:12","guid":{"rendered":"https:\/\/www.europesays.com\/fr\/363622\/"},"modified":"2025-09-03T16:14:12","modified_gmt":"2025-09-03T16:14:12","slug":"grenoble-deux-jeunes-hommes-arretes-pour-une-agression-au-couteau","status":"publish","type":"post","link":"https:\/\/www.europesays.com\/fr\/363622\/","title":{"rendered":"Grenoble. Deux jeunes hommes arr\u00eat\u00e9s pour une agression au couteau"},"content":{"rendered":"<p>Les policiers de la Brigade anticriminalit\u00e9 ont interpell\u00e9 deux jeunes gens de 19 ans qui venaient de menacer des passants avec des couteaux dans la nuit de mardi \u00e0 mercredi dans le centre-ville de Grenoble.<\/p>\n<p>Les faits se sont produits vers 3\u00a0h\u00a045 lorsque ce duo tr\u00e8s alcoolis\u00e9 a commenc\u00e9 \u00e0 s\u2019en prendre \u00e0 des passantes, l\u2019un d\u2019entre eux agressant plus particuli\u00e8rement une jeune femme et mena\u00e7ant de l\u2019\u00e9gorger en pointant un couteau sur son cou. Interpell\u00e9s \u00e0 la hauteur du pont\u00a0Marius-Gontard, ils ont \u00e9t\u00e9 plac\u00e9s en garde \u00e0 vue.<\/p>\n","protected":false},"excerpt":{"rendered":"Les policiers de la Brigade anticriminalit\u00e9 ont interpell\u00e9 deux jeunes gens de 19 ans qui venaient de menacer&hellip;\n","protected":false},"author":2,"featured_media":363623,"comment_status":"","ping_status":"","sticky":false,"template":"","format":"standard","meta":{"footnotes":""},"categories":[9566],"tags":[1111,11,2430,271,272,112,1777,674,274,1795,1011,27,2731,2732,108,12,25],"class_list":{"0":"post-363622","1":"post","2":"type-post","3":"status-publish","4":"format-standard","5":"has-post-thumbnail","7":"category-grenoble","8":"tag-actu","9":"tag-actualites","10":"tag-auvergne-rhone-alpes","11":"tag-crime","12":"tag-delit-et-contravention","13":"tag-edition-grenoble-agglomeration","14":"tag-eu","15":"tag-europe","16":"tag-faits-divers-justice","17":"tag-fil-web","18":"tag-fr","19":"tag-france","20":"tag-grenoble","21":"tag-grenoble-bassin","22":"tag-isere","23":"tag-news","24":"tag-republique-francaise"},"share_on_mastodon":{"url":"https:\/\/pubeurope.com\/@fr\/115141257747549074","error":""},"_links":{"self":[{"href":"https:\/\/www.europesays.com\/fr\/wp-json\/wp\/v2\/posts\/363622","targetHints":{"allow":["GET"]}}],"collection":[{"href":"https:\/\/www.europesays.com\/fr\/wp-json\/wp\/v2\/posts"}],"about":[{"href":"https:\/\/www.europesays.com\/fr\/wp-json\/wp\/v2\/types\/post"}],"author":[{"embeddable":true,"href":"https:\/\/www.europesays.com\/fr\/wp-json\/wp\/v2\/users\/2"}],"replies":[{"embeddable":true,"href":"https:\/\/www.europesays.com\/fr\/wp-json\/wp\/v2\/comments?post=363622"}],"version-history":[{"count":0,"href":"https:\/\/www.europesays.com\/fr\/wp-json\/wp\/v2\/posts\/363622\/revisions"}],"wp:featuredmedia":[{"embeddable":true,"href":"https:\/\/www.europesays.com\/fr\/wp-json\/wp\/v2\/media\/363623"}],"wp:attachment":[{"href":"https:\/\/www.europesays.com\/fr\/wp-json\/wp\/v2\/media?parent=363622"}],"wp:term":[{"taxonomy":"category","embeddable":true,"href":"https:\/\/www.europesays.com\/fr\/wp-json\/wp\/v2\/categories?post=363622"},{"taxonomy":"post_tag","embeddable":true,"href":"https:\/\/www.europesays.com\/fr\/wp-json\/wp\/v2\/tags?post=363622"}],"curies":[{"name":"wp","href":"https:\/\/api.w.org\/{rel}","templated":true}]}}