{"id":363624,"date":"2025-09-03T16:15:14","date_gmt":"2025-09-03T16:15:14","guid":{"rendered":"https:\/\/www.europesays.com\/fr\/363624\/"},"modified":"2025-09-03T16:15:14","modified_gmt":"2025-09-03T16:15:14","slug":"metropole-de-grenoble-une-balade-a-velo-a-la-decouverte-de-lart-dans-lespace-public-le-12-septembre","status":"publish","type":"post","link":"https:\/\/www.europesays.com\/fr\/363624\/","title":{"rendered":"M\u00e9tropole de Grenoble. Une balade \u00e0 v\u00e9lo \u201c\u00e0 la d\u00e9couverte de l\u2019art dans l\u2019espace public\u201d le 12\u00a0septembre"},"content":{"rendered":"<p>Dans le cadre du mois des mobilit\u00e9s de Grenoble Alpes M\u00e9tropole, l\u2019ADTC propose une balade \u00e0 v\u00e9lo \u00e0 la d\u00e9couverte de l\u2019art dans l\u2019espace public.<\/p>\n<p>\u00ab\u00a0Nul besoin d\u2019aller loin pour s\u2019\u00e9merveiller, tout est \u00e0 port\u00e9e de p\u00e9dale pour un voyage dans une autre dimension. Apprendre \u00e0 regarder, d\u00e9couvrir des \u0153uvres extraordinaires cach\u00e9es dans notre quotidien, c\u2019est ce que nous vous proposons avec ce microvoyage \u00e0 v\u00e9lo \u00e0 la d\u00e9couverte de l\u2019art contemporain dans notre territoire. Cette balade de 10 kilom\u00e8tres, sans difficult\u00e9 et accessible \u00e0 tous (\u00e9galement \u00e0 trottinette ou fauteuil roulant en autonomie), sera l\u2019occasion de d\u00e9couvrir des \u0153uvres du premier symposium fran\u00e7ais de sculpture de 1967, et des \u0153uvres issues de la loi du 1\u00a0% artistique qui se d\u00e9voileront aux cyclistes curieux lors de cette balade\u00a0\u00bb, pr\u00e9cise l\u2019association.<\/p>\n<p class=\"note\">Vendredi 12\u00a0septembre, rendez-vous \u00e0 17\u00a0h\u00a030 devant la vasque olympique du parc Paul-Mistral \u00e0 Grenoble (dur\u00e9e\u00a0: environ 2 heures, conseill\u00e9 \u00e0 partir de 12 ans). Gratuit <a href=\"https:\/\/framaforms.org\/balade-a-velo-lart-dans-lespace-public-1755002163\" target=\"_blank\" rel=\"nofollow noopener\"> sur inscription<\/a>.<\/p>\n","protected":false},"excerpt":{"rendered":"Dans le cadre du mois des mobilit\u00e9s de Grenoble Alpes M\u00e9tropole, l\u2019ADTC propose une balade \u00e0 v\u00e9lo \u00e0&hellip;\n","protected":false},"author":2,"featured_media":363625,"comment_status":"","ping_status":"","sticky":false,"template":"","format":"standard","meta":{"footnotes":""},"categories":[9566],"tags":[1111,11,2430,7782,1687,112,1777,674,2271,1795,1011,27,2731,2732,12,2661,25],"class_list":{"0":"post-363624","1":"post","2":"type-post","3":"status-publish","4":"format-standard","5":"has-post-thumbnail","7":"category-grenoble","8":"tag-actu","9":"tag-actualites","10":"tag-auvergne-rhone-alpes","11":"tag-balades-et-randonnees","12":"tag-culture-loisirs","13":"tag-edition-grenoble-agglomeration","14":"tag-eu","15":"tag-europe","16":"tag-exposition-arts-plastiques","17":"tag-fil-web","18":"tag-fr","19":"tag-france","20":"tag-grenoble","21":"tag-grenoble-bassin","22":"tag-news","23":"tag-patrimoine-culturel","24":"tag-republique-francaise"},"share_on_mastodon":{"url":"https:\/\/pubeurope.com\/@fr\/115141261620297187","error":""},"_links":{"self":[{"href":"https:\/\/www.europesays.com\/fr\/wp-json\/wp\/v2\/posts\/363624","targetHints":{"allow":["GET"]}}],"collection":[{"href":"https:\/\/www.europesays.com\/fr\/wp-json\/wp\/v2\/posts"}],"about":[{"href":"https:\/\/www.europesays.com\/fr\/wp-json\/wp\/v2\/types\/post"}],"author":[{"embeddable":true,"href":"https:\/\/www.europesays.com\/fr\/wp-json\/wp\/v2\/users\/2"}],"replies":[{"embeddable":true,"href":"https:\/\/www.europesays.com\/fr\/wp-json\/wp\/v2\/comments?post=363624"}],"version-history":[{"count":0,"href":"https:\/\/www.europesays.com\/fr\/wp-json\/wp\/v2\/posts\/363624\/revisions"}],"wp:featuredmedia":[{"embeddable":true,"href":"https:\/\/www.europesays.com\/fr\/wp-json\/wp\/v2\/media\/363625"}],"wp:attachment":[{"href":"https:\/\/www.europesays.com\/fr\/wp-json\/wp\/v2\/media?parent=363624"}],"wp:term":[{"taxonomy":"category","embeddable":true,"href":"https:\/\/www.europesays.com\/fr\/wp-json\/wp\/v2\/categories?post=363624"},{"taxonomy":"post_tag","embeddable":true,"href":"https:\/\/www.europesays.com\/fr\/wp-json\/wp\/v2\/tags?post=363624"}],"curies":[{"name":"wp","href":"https:\/\/api.w.org\/{rel}","templated":true}]}}