{"id":363626,"date":"2025-09-03T16:16:15","date_gmt":"2025-09-03T16:16:15","guid":{"rendered":"https:\/\/www.europesays.com\/fr\/363626\/"},"modified":"2025-09-03T16:16:15","modified_gmt":"2025-09-03T16:16:15","slug":"ces-automobilistes-masquent-leurs-plaques-dimmatriculation-pour-echapper-aux-pv-a-rennes-voici-ce-quils-risquent","status":"publish","type":"post","link":"https:\/\/www.europesays.com\/fr\/363626\/","title":{"rendered":"Ces automobilistes masquent leurs plaques d\u2019immatriculation pour \u00e9chapper aux PV \u00e0 Rennes\u00a0: voici ce qu\u2019ils risquent"},"content":{"rendered":"<p>Un petit bout de ruban adh\u00e9sif, une feuille d\u2019arbre, un torchon ou m\u00eame un masque chirurgical\u2026 \u00c0 Rennes, des conducteurs font preuve d\u2019une grande inventivit\u00e9 afin de masquer leur plaque d\u2019immatriculation. Photos \u00e0 l\u2019appui, un habitant affirme avoir vu \u00ab dix voitures en un mois \u00bb avoir recours \u00e0 ce type de stratag\u00e8me dans le but d\u2019\u00e9viter de recevoir un PV.<\/p>\n<p>Difficile de ne pas y voir un lien avec l\u2019arriv\u00e9e des voitures LAPI, ces fameuses \u00ab sulfateuses \u00e0 PV \u00bb \u00e9quip\u00e9es d\u2019un syst\u00e8me \u00e0 lecture automatique des plaques d\u2019immatriculation, en circulation \u00e0 Rennes depuis d\u00e9but 2024. Car si la plaque n\u2019est pas lisible, impossible de dresser une contravention.<\/p>\n<p>Les services de la Ville de Rennes ainsi que la police municipale disent avoir \u00ab conscience de l\u2019existence de ce ph\u00e9nom\u00e8ne \u00bb mais admettent qu\u2019il est \u00ab difficile d\u2019en mesurer pr\u00e9cis\u00e9ment l\u2019ampleur, ou de d\u00e9terminer s\u2019il a connu une augmentation depuis la mise en service des v\u00e9hicules LAPI \u00bb.<\/p>\n<p>Une amende sal\u00e9e<\/p>\n<p>Une technique qui n\u2019est toutefois pas sans risque. \u00ab Lorsqu\u2019une plaque dissimul\u00e9e est constat\u00e9e, que ce soit \u00e0 l\u2019initiative des agents ou \u00e0 la suite d\u2019un signalement, une verbalisation est syst\u00e9matiquement effectu\u00e9e, conform\u00e9ment \u00e0 l\u2019article R.317-8 du Code de la route \u00bb, indique la Ville de Rennes. En cas de manquement constat\u00e9, l\u2019usager devra s\u2019acquitter d\u2019une amende forfaitaire de 4e classe d\u2019un montant de 135 \u20ac. Celle-ci pourra \u00eatre minor\u00e9e \u00e0 90 \u20ac en cas de paiement en avance, ou major\u00e9e \u00e0 375 \u20ac en cas de retard.<\/p>\n<p>La collectivit\u00e9 rappelle \u00e9galement que les \u00ab diff\u00e9rentes cat\u00e9gories de professionnels \u00bb peuvent b\u00e9n\u00e9ficier d\u2019un tarif forfaitaire sur l\u2019ensemble des zones de stationnement payant, \u00e0 savoir 1,80 \u20ac pour une 1\/2 journ\u00e9e, 3,20 \u20ac pour une journ\u00e9e et 49 \u20ac pour un mois.<\/p>\n","protected":false},"excerpt":{"rendered":"Un petit bout de ruban adh\u00e9sif, une feuille d\u2019arbre, un torchon ou m\u00eame un masque chirurgical\u2026 \u00c0 Rennes,&hellip;\n","protected":false},"author":2,"featured_media":363627,"comment_status":"","ping_status":"","sticky":false,"template":"","format":"standard","meta":{"footnotes":""},"categories":[2821],"tags":[1111,11,829,1777,674,1011,27,848,4555,12,584,25],"class_list":{"0":"post-363626","1":"post","2":"type-post","3":"status-publish","4":"format-standard","5":"has-post-thumbnail","7":"category-rennes","8":"tag-actu","9":"tag-actualites","10":"tag-bretagne","11":"tag-eu","12":"tag-europe","13":"tag-fr","14":"tag-france","15":"tag-ille-et-vilaine","16":"tag-local","17":"tag-news","18":"tag-rennes","19":"tag-republique-francaise"},"share_on_mastodon":{"url":"https:\/\/pubeurope.com\/@fr\/115141265699350831","error":""},"_links":{"self":[{"href":"https:\/\/www.europesays.com\/fr\/wp-json\/wp\/v2\/posts\/363626","targetHints":{"allow":["GET"]}}],"collection":[{"href":"https:\/\/www.europesays.com\/fr\/wp-json\/wp\/v2\/posts"}],"about":[{"href":"https:\/\/www.europesays.com\/fr\/wp-json\/wp\/v2\/types\/post"}],"author":[{"embeddable":true,"href":"https:\/\/www.europesays.com\/fr\/wp-json\/wp\/v2\/users\/2"}],"replies":[{"embeddable":true,"href":"https:\/\/www.europesays.com\/fr\/wp-json\/wp\/v2\/comments?post=363626"}],"version-history":[{"count":0,"href":"https:\/\/www.europesays.com\/fr\/wp-json\/wp\/v2\/posts\/363626\/revisions"}],"wp:featuredmedia":[{"embeddable":true,"href":"https:\/\/www.europesays.com\/fr\/wp-json\/wp\/v2\/media\/363627"}],"wp:attachment":[{"href":"https:\/\/www.europesays.com\/fr\/wp-json\/wp\/v2\/media?parent=363626"}],"wp:term":[{"taxonomy":"category","embeddable":true,"href":"https:\/\/www.europesays.com\/fr\/wp-json\/wp\/v2\/categories?post=363626"},{"taxonomy":"post_tag","embeddable":true,"href":"https:\/\/www.europesays.com\/fr\/wp-json\/wp\/v2\/tags?post=363626"}],"curies":[{"name":"wp","href":"https:\/\/api.w.org\/{rel}","templated":true}]}}