{"id":363629,"date":"2025-09-03T16:18:12","date_gmt":"2025-09-03T16:18:12","guid":{"rendered":"https:\/\/www.europesays.com\/fr\/363629\/"},"modified":"2025-09-03T16:18:12","modified_gmt":"2025-09-03T16:18:12","slug":"economie-benoit-rigot-nomme-directeur-regional-strasbourg-de-bpifrance","status":"publish","type":"post","link":"https:\/\/www.europesays.com\/fr\/363629\/","title":{"rendered":"\u00c9conomie. Beno\u00eet Rigot nomm\u00e9 directeur r\u00e9gional Strasbourg de Bpifrance"},"content":{"rendered":"<p><a href=\"https:\/\/www.dna.fr\/economie\/2014\/02\/18\/bpifrance-mue-reussie\" target=\"_blank\" rel=\"nofollow noopener\">Pilot\u00e9e par Bernard Nicaise, la direction du r\u00e9seau Est de Bpifrance<\/a> est compos\u00e9e de sept implantations en Grand Est (Metz, Nancy, Reims, Troyes, Strasbourg) et Bourgogne-Franche-Comt\u00e9 (Dijon et Besan\u00e7on), qui chacune repr\u00e9sente et exerce l\u2019ensemble des m\u00e9tiers de la banque\u00a0: financement, garantie bancaire, soutien \u00e0 l\u2019innovation, investissement en fonds propres, conseil, appui \u00e0 l\u2019international et cr\u00e9ation d\u2019entreprises.<\/p>\n<p>Beno\u00eet Rigot vient d\u2019\u00eatre nomm\u00e9 directeur de l\u2019implantation de Strasbourg. Il succ\u00e8de \u00e0 Ludovic Pouget, nomm\u00e9 directeur r\u00e9gional oc\u00e9an Indien oc\u00e9an Pacifique.<\/p>\n<p>Dipl\u00f4m\u00e9 d\u2019un master d\u2019ing\u00e9nierie \u00e9conomique de l\u2019IUP de Grenoble, Beno\u00eet Rigot a int\u00e9gr\u00e9 Bpifrance en 2008 en qualit\u00e9 de charg\u00e9 d\u2019affaires innovation au sein des directions r\u00e9gionales d\u2019Amiens puis de Lille. Il est ensuite devenu d\u00e9l\u00e9gu\u00e9 innovation puis d\u00e9l\u00e9gu\u00e9 financement au sein de la direction r\u00e9gionale de Strasbourg en 2013.<\/p>\n<p>En 2020, il a \u00e9t\u00e9 nomm\u00e9 directeur r\u00e9gional \u00e0 Poitiers et, depuis 2022, il occupait cette fonction \u00e0 la direction r\u00e9gionale de Nantes.<\/p>\n<p>La direction r\u00e9gionale Bpifrance Strasbourg compte 40 collaborateurs et est situ\u00e9e au 3 rue de Berne, \u00e0 Schiltigheim.<\/p>\n","protected":false},"excerpt":{"rendered":"Pilot\u00e9e par Bernard Nicaise, la direction du r\u00e9seau Est de Bpifrance est compos\u00e9e de sept implantations en Grand&hellip;\n","protected":false},"author":2,"featured_media":363630,"comment_status":"","ping_status":"","sticky":false,"template":"","format":"standard","meta":{"footnotes":""},"categories":[2820],"tags":[1111,11,2389,2649,33,2880,1777,674,107,3183,1011,27,775,12,25,640,2879],"class_list":{"0":"post-363629","1":"post","2":"type-post","3":"status-publish","4":"format-standard","5":"has-post-thumbnail","7":"category-strasbourg","8":"tag-actu","9":"tag-actualites","10":"tag-alsace","11":"tag-bas-rhin","12":"tag-economie","13":"tag-edition-strasbourg","14":"tag-eu","15":"tag-europe","16":"tag-fil-info","17":"tag-finance-et-fiscalite","18":"tag-fr","19":"tag-france","20":"tag-grand-est","21":"tag-news","22":"tag-republique-francaise","23":"tag-strasbourg","24":"tag-strasbourg-ville"},"share_on_mastodon":{"url":"https:\/\/pubeurope.com\/@fr\/115141273551602963","error":""},"_links":{"self":[{"href":"https:\/\/www.europesays.com\/fr\/wp-json\/wp\/v2\/posts\/363629","targetHints":{"allow":["GET"]}}],"collection":[{"href":"https:\/\/www.europesays.com\/fr\/wp-json\/wp\/v2\/posts"}],"about":[{"href":"https:\/\/www.europesays.com\/fr\/wp-json\/wp\/v2\/types\/post"}],"author":[{"embeddable":true,"href":"https:\/\/www.europesays.com\/fr\/wp-json\/wp\/v2\/users\/2"}],"replies":[{"embeddable":true,"href":"https:\/\/www.europesays.com\/fr\/wp-json\/wp\/v2\/comments?post=363629"}],"version-history":[{"count":0,"href":"https:\/\/www.europesays.com\/fr\/wp-json\/wp\/v2\/posts\/363629\/revisions"}],"wp:featuredmedia":[{"embeddable":true,"href":"https:\/\/www.europesays.com\/fr\/wp-json\/wp\/v2\/media\/363630"}],"wp:attachment":[{"href":"https:\/\/www.europesays.com\/fr\/wp-json\/wp\/v2\/media?parent=363629"}],"wp:term":[{"taxonomy":"category","embeddable":true,"href":"https:\/\/www.europesays.com\/fr\/wp-json\/wp\/v2\/categories?post=363629"},{"taxonomy":"post_tag","embeddable":true,"href":"https:\/\/www.europesays.com\/fr\/wp-json\/wp\/v2\/tags?post=363629"}],"curies":[{"name":"wp","href":"https:\/\/api.w.org\/{rel}","templated":true}]}}