{"id":363631,"date":"2025-09-03T16:19:12","date_gmt":"2025-09-03T16:19:12","guid":{"rendered":"https:\/\/www.europesays.com\/fr\/363631\/"},"modified":"2025-09-03T16:19:12","modified_gmt":"2025-09-03T16:19:12","slug":"strasbourg-une-nouvelle-feuille-de-route-et-115-millions-deuros-pour-preserver-la-ressource-en-eau","status":"publish","type":"post","link":"https:\/\/www.europesays.com\/fr\/363631\/","title":{"rendered":"Strasbourg. Une nouvelle feuille de route et 115 millions d\u2019euros pour pr\u00e9server la ressource en eau"},"content":{"rendered":"<p>\u00ab Notre nature, notre futur ! \u00bb \u00c0 lui seul, le panneau install\u00e9 en bordure de la <a href=\"https:\/\/www.dna.fr\/environnement\/2020\/07\/27\/strasbourg-la-foret-de-la-robertsau-classee-reserve-naturelle-nationale\" target=\"_blank\" rel=\"noopener\">r\u00e9serve naturelle nationale de la for\u00eat de la Robertsau<\/a> r\u00e9sume l\u2019essentiel des discours tenus ce mardi, en marge de la signature du second contrat de territoire \u00ab Eau et Climat \u00bb.<\/p>\n<p>De la maire de Strasbourg, <a href=\"https:\/\/www.dna.fr\/p\/jeanne-barseghian\" target=\"_blank\" rel=\"noopener\">Jeanne Barseghian<\/a>, au pr\u00e9fet de la R\u00e9gion Grand Est et pr\u00e9sident du conseil d\u2019administration de l\u2019Agence de l\u2019eau Rhin-Meuse, Jacques Witkowski, en passant par la pr\u00e9sidente de l\u2019Eurom\u00e9tropole, <a href=\"https:\/\/www.dna.fr\/p\/pia-imbs\" target=\"_blank\" rel=\"noopener\">Pia Imbs<\/a>, et le directeur g\u00e9n\u00e9ral adjoint de l\u2019Agence de l\u2019eau Rhin-Meuse, Christophe Leblanc ; tous ont rappel\u00e9 l\u2019importance d\u2019\u0153uvrer aujourd\u2019hui pour \u00e9viter les catastrophes de demain.<\/p>\n<p><a href=\"https:\/\/www.dna.fr\/education\/2021\/10\/14\/un-nouveau-contrat-dans-une-nouvelle-cour\" target=\"_blank\" rel=\"noopener\">Dans la lign\u00e9e du premier contrat, sign\u00e9 en 2021 pour 32&#8230;<\/a><\/p>\n","protected":false},"excerpt":{"rendered":"\u00ab Notre nature, notre futur ! \u00bb \u00c0 lui seul, le panneau install\u00e9 en bordure de la r\u00e9serve&hellip;\n","protected":false},"author":2,"featured_media":363632,"comment_status":"","ping_status":"","sticky":false,"template":"","format":"standard","meta":{"footnotes":""},"categories":[2820],"tags":[1111,11,2389,2649,2880,436,1777,674,107,1011,27,775,8423,12,1800,5140,25,640,2879],"class_list":{"0":"post-363631","1":"post","2":"type-post","3":"status-publish","4":"format-standard","5":"has-post-thumbnail","7":"category-strasbourg","8":"tag-actu","9":"tag-actualites","10":"tag-alsace","11":"tag-bas-rhin","12":"tag-edition-strasbourg","13":"tag-environnement","14":"tag-eu","15":"tag-europe","16":"tag-fil-info","17":"tag-fr","18":"tag-france","19":"tag-grand-est","20":"tag-meteorologie-climat","21":"tag-news","22":"tag-pollution","23":"tag-rechauffement-climatique","24":"tag-republique-francaise","25":"tag-strasbourg","26":"tag-strasbourg-ville"},"share_on_mastodon":{"url":"https:\/\/pubeurope.com\/@fr\/115141277506646716","error":""},"_links":{"self":[{"href":"https:\/\/www.europesays.com\/fr\/wp-json\/wp\/v2\/posts\/363631","targetHints":{"allow":["GET"]}}],"collection":[{"href":"https:\/\/www.europesays.com\/fr\/wp-json\/wp\/v2\/posts"}],"about":[{"href":"https:\/\/www.europesays.com\/fr\/wp-json\/wp\/v2\/types\/post"}],"author":[{"embeddable":true,"href":"https:\/\/www.europesays.com\/fr\/wp-json\/wp\/v2\/users\/2"}],"replies":[{"embeddable":true,"href":"https:\/\/www.europesays.com\/fr\/wp-json\/wp\/v2\/comments?post=363631"}],"version-history":[{"count":0,"href":"https:\/\/www.europesays.com\/fr\/wp-json\/wp\/v2\/posts\/363631\/revisions"}],"wp:featuredmedia":[{"embeddable":true,"href":"https:\/\/www.europesays.com\/fr\/wp-json\/wp\/v2\/media\/363632"}],"wp:attachment":[{"href":"https:\/\/www.europesays.com\/fr\/wp-json\/wp\/v2\/media?parent=363631"}],"wp:term":[{"taxonomy":"category","embeddable":true,"href":"https:\/\/www.europesays.com\/fr\/wp-json\/wp\/v2\/categories?post=363631"},{"taxonomy":"post_tag","embeddable":true,"href":"https:\/\/www.europesays.com\/fr\/wp-json\/wp\/v2\/tags?post=363631"}],"curies":[{"name":"wp","href":"https:\/\/api.w.org\/{rel}","templated":true}]}}