{"id":363633,"date":"2025-09-03T16:20:20","date_gmt":"2025-09-03T16:20:20","guid":{"rendered":"https:\/\/www.europesays.com\/fr\/363633\/"},"modified":"2025-09-03T16:20:20","modified_gmt":"2025-09-03T16:20:20","slug":"pres-de-nice-cette-ecole-de-musique-fait-vibrer-ses-eleves-depuis-vingt-ans-accompagner-chacun-des-premieres-notes-jusquau-concert","status":"publish","type":"post","link":"https:\/\/www.europesays.com\/fr\/363633\/","title":{"rendered":"Pr\u00e8s de Nice. Cette \u00e9cole de musique fait vibrer ses \u00e9l\u00e8ves depuis vingt ans ! \u00ab\u00a0Accompagner chacun, des premi\u00e8res notes jusqu\u2019au concert\u00a0\u00bb"},"content":{"rendered":"<p><a href=\"https:\/\/ville.cagnes.fr\/musee-renoir\/infos-pratiques-musee-renoir\/\" target=\"_blank\" rel=\" noreferrer noopener nofollow\"><img loading=\"lazy\" decoding=\"async\" width=\"630\" height=\"630\" src=\"data:image\/svg+xml,%3Csvg%20xmlns=\" http:=\"\" alt=\"\" class=\"wp-image-245695\" style=\"width:300px\" data-lazy-src=\"https:\/\/www.europesays.com\/fr\/wp-content\/uploads\/2025\/07\/NM-2025-300x300px--630x630.jpg\"\/><\/a><\/p>\n<p><strong>Depuis vingt ans, l\u2019\u00e9cole de musique priv\u00e9e Fortissimo forme des musiciens de tous \u00e2ges, du piano au th\u00e9\u00e2tre, en passant par la batterie, la guitare ou le chant. Son directeur et fondateur, Jean-\u200bChristophe Louc, \u00e9paul\u00e9 par sa femme et Audrey Pastrorino, respon\u00adsable \u00e9v\u00e9ne\u00admentiel, d\u00e9fend une p\u00e9dagogie vivante o\u00f9 la pratique collective et la sc\u00e8ne tiennent une place centrale.<\/strong><\/p>\n<p>Le b\u00e2timent blanc aux volets bleus nich\u00e9 sur l&rsquo;avenue de Nice r\u00e9sonne chaque soir d\u2019accords de piano, de grattage de guitare et de roule\u00adments de batterie.\u00a0<\/p>\n<p>Ici, pas d\u2019ambiance aust\u00e8re de conser\u00adva\u00adtoire\u00a0. \u00ab\u202fOn veut que la musique reste un plaisir, pas une contrainte\u202f\u00bb r\u00e9sume Jean-\u200bChristophe Louc, directeur et fondateur de l\u2019\u00e9cole.<\/p>\n<p><img loading=\"lazy\" decoding=\"async\" width=\"1120\" height=\"630\" src=\"data:image\/svg+xml,%3Csvg%20xmlns=\" http:=\"\" alt=\"6 5\" class=\"wp-image-246071\" title=\"Pr\u00e8s de Nice. Cette \u00e9cole de musique fait vibrer ses \u00e9l\u00e8ves depuis vingt ans ! &quot;Accompagner chacun, des premi\u00e8res notes jusqu\u2019au concert&quot; 1\" data-lazy- data-lazy- data-lazy-src=\"https:\/\/www.europesays.com\/fr\/wp-content\/uploads\/2025\/09\/6-5-1120x630.jpg\"\/>[\u00a9 Romain Boisaubert \/\u200b Nice-\u200bPresse]<\/p>\n<p><img loading=\"lazy\" decoding=\"async\" width=\"1120\" height=\"630\" src=\"data:image\/svg+xml,%3Csvg%20xmlns=\" http:=\"\" alt=\"2 6\" class=\"wp-image-246079\" title=\"Pr\u00e8s de Nice. Cette \u00e9cole de musique fait vibrer ses \u00e9l\u00e8ves depuis vingt ans ! &quot;Accompagner chacun, des premi\u00e8res notes jusqu\u2019au concert&quot; 2\" data-lazy- data-lazy- data-lazy-src=\"https:\/\/www.europesays.com\/fr\/wp-content\/uploads\/2025\/09\/2-6-1120x630.jpg\"\/>[\u00a9 Romain Boisaubert \/\u200b Nice-\u200bPresse]<\/p>\n<p>L\u2019aventure d\u00e9marre en 2005, dans une salle municipale du centre de Cagnes-\u200bsur-\u200bMer. \u00ab\u202fOn avait \u00e0\u00a0peine une cinquan\u00adtaine d\u2019\u00e9l\u00e8ves \u00e0\u00a0l\u2019\u00e9poque\u00a0\u00bb se souvient-\u200bil. La notori\u00e9t\u00e9 de l\u2019\u00e9cole grandit rapidement, au point qu\u2019en 2014, elle d\u00e9m\u00e9nage dans ses locaux actuels\u00a0 : un espace atypique dot\u00e9 de plusieurs salles d\u2019enseignement\u2026 et surtout d\u2019un \u00e9crin pour les spectacles.<\/p>\n<p>Ouverte aux plus jeunes\u2026 mais pas\u00a0que\u00a0<\/p>\n<p>Aujourd\u2019hui, Fortissimo accueille plus de 200 adh\u00e9rents chaque ann\u00e9e, r\u00e9partis \u00e0\u00a0parts presque \u00e9gales entre enfants et adultes.\u00a0<\/p>\n<p><img loading=\"lazy\" decoding=\"async\" width=\"1120\" height=\"630\" src=\"data:image\/svg+xml,%3Csvg%20xmlns=\" http:=\"\" alt=\"Design sans titre 2\" class=\"wp-image-246257\" title=\"Pr\u00e8s de Nice. Cette \u00e9cole de musique fait vibrer ses \u00e9l\u00e8ves depuis vingt ans ! &quot;Accompagner chacun, des premi\u00e8res notes jusqu\u2019au concert&quot; 3\" data-lazy- data-lazy- data-lazy-src=\"https:\/\/www.europesays.com\/fr\/wp-content\/uploads\/2025\/09\/Design-sans-titre-2-1120x630.jpg\"\/>[\u00a9 Transmis \u00e0\u00a0Nice-Presse]<\/p>\n<p>\u00ab La majorit\u00e9 sont Cagnois, mais nous avons aussi beaucoup de Laurentins, de Ni\u00e7ois et m\u00eame quelques Antibois\u202f\u00bb d\u00e9taille Audrey Pastrorino, respon\u00adsable de l\u2019\u00e9v\u00e9nementiel. Du lundi au samedi, les cours s\u2019encha\u00eenent jusqu\u2019\u00e0 22\u00a0heures\u00a0: piano, guitare, batterie, chant, \u00e9veil musical, mais aussi th\u00e9\u00e2tre et bient\u00f4t un atelier d\u2019improvisation.<\/p>\n<p><img loading=\"lazy\" decoding=\"async\" width=\"1120\" height=\"630\" src=\"data:image\/svg+xml,%3Csvg%20xmlns=\" http:=\"\" alt=\"5 5\" class=\"wp-image-246078\" title=\"Pr\u00e8s de Nice. Cette \u00e9cole de musique fait vibrer ses \u00e9l\u00e8ves depuis vingt ans ! &quot;Accompagner chacun, des premi\u00e8res notes jusqu\u2019au concert&quot; 4\" data-lazy- data-lazy- data-lazy-src=\"https:\/\/www.europesays.com\/fr\/wp-content\/uploads\/2025\/09\/5-5-1120x630.jpg\"\/>[\u00a9 Romain Boisaubert \/\u200b Nice-\u200bPresse]<\/p>\n<p><img loading=\"lazy\" decoding=\"async\" width=\"1120\" height=\"630\" src=\"data:image\/svg+xml,%3Csvg%20xmlns=\" http:=\"\" alt=\"4 6\" class=\"wp-image-246074\" title=\"Pr\u00e8s de Nice. Cette \u00e9cole de musique fait vibrer ses \u00e9l\u00e8ves depuis vingt ans ! &quot;Accompagner chacun, des premi\u00e8res notes jusqu\u2019au concert&quot; 5\" data-lazy- data-lazy- data-lazy-src=\"https:\/\/www.europesays.com\/fr\/wp-content\/uploads\/2025\/09\/4-6-1120x630.jpg\"\/>[\u00a9 Romain Boisaubert \/\u200b Nice-\u200bPresse]<\/p>\n<p>V\u00e9ritable parti\u00adcu\u00adlarit\u00e9, la salle de spectacle de 80 places permet de multi\u00adplier les concerts tout au long de l\u2019ann\u00e9e. \u00ab\u00a0Faire monter les \u00e9l\u00e8ves sur sc\u00e8ne tr\u00e8s t\u00f4t, c\u2019est essentiel\u00a0\u00bb insiste Jean-\u200bChristophe Louc. \u00ab\u00a0M\u00eame d\u00e9butants, ils apprennent \u00e0\u00a0\u00e9couter les autres, \u00e0\u00a0jouer ensemble et \u00e0\u00a0surmonter le trac.\u202f\u00bb<\/p>\n<p>Cette approche collective se retrouve dans les cours eux-\u200bm\u00eames\u00a0: ici, la plupart des appren\u00adtis\u00adsages se font en petits groupes, et non en cours indivi\u00adduels. \u00ab\u00a0C\u2019est plus motivant, plus vivant. On se sent soutenu, on progresse ensemble et souvent, des amiti\u00e9s naissent\u202f\u00bb ajoute le directeur.<\/p>\n<p><a href=\"https:\/\/anneedelamer.nice.fr\/\" rel=\"nofollow noopener\" target=\"_blank\"><img loading=\"lazy\" decoding=\"async\" width=\"300\" height=\"300\" src=\"data:image\/svg+xml,%3Csvg%20xmlns=\" http:=\"\" alt=\"\" class=\"wp-image-235449\" data-lazy-src=\"https:\/\/www.europesays.com\/fr\/wp-content\/uploads\/2025\/04\/IMG_1416-2.png\"\/><\/a><\/p>\n<p>P\u00e9dagogie innovante\u00a0<\/p>\n<p>Fini le solf\u00e8ge r\u00e9bar\u00adbatif\u00a0. \u00ab\u202fOn utilise la th\u00e9orie, mais direc\u00adtement appliqu\u00e9e \u00e0\u00a0l\u2019instrument, comme si l&rsquo;on faisait le code et la conduite en m\u00eame temps\u00a0\u00bb sourit Jean-\u200bChristophe Louc. R\u00e9sultat\u00a0 : des adultes qui osent se lancer, parfois \u00e0\u00a050 ou 60\u00a0 ans, et m\u00eame un recordman de 94\u00a0 ans, d\u00e9butant la guitare.<\/p>\n<p><img loading=\"lazy\" decoding=\"async\" width=\"1120\" height=\"630\" src=\"data:image\/svg+xml,%3Csvg%20xmlns=\" http:=\"\" alt=\"3 6\" class=\"wp-image-246076\" title=\"Pr\u00e8s de Nice. Cette \u00e9cole de musique fait vibrer ses \u00e9l\u00e8ves depuis vingt ans ! &quot;Accompagner chacun, des premi\u00e8res notes jusqu\u2019au concert&quot; 6\" data-lazy- data-lazy- data-lazy-src=\"https:\/\/www.europesays.com\/fr\/wp-content\/uploads\/2025\/09\/3-6-1120x630.jpg\"\/>[\u00a9 Romain Boisaubert \/\u200b Nice-\u200bPresse]<\/p>\n<p><img loading=\"lazy\" decoding=\"async\" width=\"1120\" height=\"630\" src=\"data:image\/svg+xml,%3Csvg%20xmlns=\" http:=\"\" alt=\"7 5\" class=\"wp-image-246073\" title=\"Pr\u00e8s de Nice. Cette \u00e9cole de musique fait vibrer ses \u00e9l\u00e8ves depuis vingt ans ! &quot;Accompagner chacun, des premi\u00e8res notes jusqu\u2019au concert&quot; 7\" data-lazy- data-lazy- data-lazy-src=\"https:\/\/www.europesays.com\/fr\/wp-content\/uploads\/2025\/09\/7-5-1120x630.jpg\"\/>[\u00a9 Romain Boisaubert \/\u200b Nice-\u200bPresse]<\/p>\n<p>La petite insti\u00adtution attire un public vari\u00e9, des d\u00e9butants complets, des amateurs cherchant \u00e0\u00a0perfec\u00adtionner un style pr\u00e9cis, ou encore des passionn\u00e9s de sc\u00e8ne, gr\u00e2ce \u00e0\u00a0l\u2019atelier rock.<\/p>\n<p>Lui-\u200bm\u00eame musicien profes\u00adsionnel, form\u00e9 au conser\u00adva\u00adtoire de Nice, Jean-\u200bChristophe Louc voit dans la p\u00e9dagogie une vocation\u00a0. \u00ab\u202fJ\u2019aime accom\u00adpagner un \u00e9l\u00e8ve de ses premi\u00e8res notes jusqu\u2019\u00e0 un concert en public. C\u2019est un parcours qui donne confiance et qui cr\u00e9e une v\u00e9ritable relation humaine.\u00a0\u00bb<\/p>\n","protected":false},"excerpt":{"rendered":"Depuis vingt ans, l\u2019\u00e9cole de musique priv\u00e9e Fortissimo forme des musiciens de tous \u00e2ges, du piano au th\u00e9\u00e2tre,&hellip;\n","protected":false},"author":2,"featured_media":363634,"comment_status":"","ping_status":"","sticky":false,"template":"","format":"standard","meta":{"footnotes":""},"categories":[2819],"tags":[1111,11,1777,674,1011,27,12,2401,882,25],"class_list":{"0":"post-363633","1":"post","2":"type-post","3":"status-publish","4":"format-standard","5":"has-post-thumbnail","7":"category-nice","8":"tag-actu","9":"tag-actualites","10":"tag-eu","11":"tag-europe","12":"tag-fr","13":"tag-france","14":"tag-news","15":"tag-nice","16":"tag-provence-alpes-cote-dazur","17":"tag-republique-francaise"},"share_on_mastodon":{"url":"https:\/\/pubeurope.com\/@fr\/115141281344191535","error":""},"_links":{"self":[{"href":"https:\/\/www.europesays.com\/fr\/wp-json\/wp\/v2\/posts\/363633","targetHints":{"allow":["GET"]}}],"collection":[{"href":"https:\/\/www.europesays.com\/fr\/wp-json\/wp\/v2\/posts"}],"about":[{"href":"https:\/\/www.europesays.com\/fr\/wp-json\/wp\/v2\/types\/post"}],"author":[{"embeddable":true,"href":"https:\/\/www.europesays.com\/fr\/wp-json\/wp\/v2\/users\/2"}],"replies":[{"embeddable":true,"href":"https:\/\/www.europesays.com\/fr\/wp-json\/wp\/v2\/comments?post=363633"}],"version-history":[{"count":0,"href":"https:\/\/www.europesays.com\/fr\/wp-json\/wp\/v2\/posts\/363633\/revisions"}],"wp:featuredmedia":[{"embeddable":true,"href":"https:\/\/www.europesays.com\/fr\/wp-json\/wp\/v2\/media\/363634"}],"wp:attachment":[{"href":"https:\/\/www.europesays.com\/fr\/wp-json\/wp\/v2\/media?parent=363633"}],"wp:term":[{"taxonomy":"category","embeddable":true,"href":"https:\/\/www.europesays.com\/fr\/wp-json\/wp\/v2\/categories?post=363633"},{"taxonomy":"post_tag","embeddable":true,"href":"https:\/\/www.europesays.com\/fr\/wp-json\/wp\/v2\/tags?post=363633"}],"curies":[{"name":"wp","href":"https:\/\/api.w.org\/{rel}","templated":true}]}}