{"id":363635,"date":"2025-09-03T16:21:15","date_gmt":"2025-09-03T16:21:15","guid":{"rendered":"https:\/\/www.europesays.com\/fr\/363635\/"},"modified":"2025-09-03T16:21:15","modified_gmt":"2025-09-03T16:21:15","slug":"velo-bus-marche-comment-vos-deplacements-ont-evolue-ces-dernieres-annees-pres-de-nice","status":"publish","type":"post","link":"https:\/\/www.europesays.com\/fr\/363635\/","title":{"rendered":"v\u00e9lo, bus, marche\u2026 Comment vos d\u00e9placements ont \u00e9volu\u00e9 ces derni\u00e8res ann\u00e9es pr\u00e8s de Nice"},"content":{"rendered":"<p><a href=\"https:\/\/ville.cagnes.fr\/musee-renoir\/infos-pratiques-musee-renoir\/\" target=\"_blank\" rel=\" noreferrer noopener nofollow\"><img loading=\"lazy\" decoding=\"async\" width=\"630\" height=\"630\" src=\"data:image\/svg+xml,%3Csvg%20xmlns=\" http:=\"\" alt=\"\" class=\"wp-image-245695\" style=\"width:300px\" data-lazy-src=\"https:\/\/www.europesays.com\/fr\/wp-content\/uploads\/2025\/07\/NM-2025-300x300px--630x630.jpg\"\/><\/a><\/p>\n<p><strong>Les Maralpins ont pu s&rsquo;exprimer au sujet de leurs habitudes pour se d\u00e9placer\u00a0: les r\u00e9sultats d&rsquo;une vaste \u00e9tude permettent de voir que l&rsquo;usage de la voiture recule \u00e0\u00a0Cagnes-\u200bsur-\u200bMer, au profit\u2026 de la marche.\u00a0<\/strong><\/p>\n<p>On ne bouge pas de la m\u00eame mani\u00e8re \u00e0\u00a0Nice qu&rsquo;\u00e0 Cagnes-\u200bsur-\u200bMer. Cela peut para\u00eetre logique, mais c&rsquo;est d\u00e9sormais confirm\u00e9 par <a href=\"https:\/\/enquete-mobilite-cote-azur-est-var.fr\/resultats-de-lemc2\" target=\"_blank\" rel=\"noopener nofollow\">une enqu\u00eate<\/a> men\u00e9e par le D\u00e9partement des Alpes-\u200bMaritimes. Sa derni\u00e8re version porte sur des donn\u00e9es remontant \u00e0\u00a02023.\u00a0<\/p>\n<p>La volont\u00e9, \u00e0\u00a0travers ce travail, est d&rsquo;offrir une photo\u00adgraphie la plus pr\u00e9cise possible des habitudes des r\u00e9sidents. Il s\u2019int\u00e9resse plus parti\u00adcu\u00adli\u00e8\u00adrement \u00e0\u00a0trois terri\u00adtoires\u00a0: les Alpes-\u200bMaritimes, l\u2019Est-Var et\u00a0<a href=\"https:\/\/nicepresse.com\/metro-nice-monaco-60-des-travailleurs-y-sont-francais-une-dependance-economique-reciproque-entre-la-principaute-et-les-communes-de-la-cote-dazur\/\" rel=\"nofollow noopener\" target=\"_blank\">Monaco<\/a>. Plus de 21.000 citoyens ont particip\u00e9 \u00e0\u00a0ce sondage XXL.<\/p>\n<p>Ici, nous nous concen\u00adtrons parti\u00adcu\u00adli\u00e8\u00adrement sur les routines des Cagnois et Cagnoises. Elles sont visibles dans la section consacr\u00e9e aux localit\u00e9s situ\u00e9e sur le \u00ab\u00a0littoral Sud-\u200bOuest\u00a0\u00bb de la M\u00e9tropole ni\u00e7oise. Avec donc quelques parti\u00adcu\u00adla\u00adrit\u00e9s et points \u00e0\u00a0retenir.<\/p>\n<p>Des diff\u00e9rences entre les quartiers\u00a0<\/p>\n<p>Pour commencer, le taux de d\u00e9pla\u00adce\u00adments dans <a href=\"https:\/\/nicepresse.com\/cote-dazur-autour-de-nice-la-voiture-recule-la-marche-gagne-des-adeptes-les-transports-en-commun-beaucoup-moins\/\" rel=\"nofollow noopener\" target=\"_blank\">la collec\u00adtivit\u00e9 m\u00e9tro\u00adpo\u00adli\u00adtaine<\/a> est de 3,27 par personne et par jour, Soit le m\u00eame qu&rsquo;\u00e0 Cagnes-\u200bsur-\u200bMer. Entre celui recens\u00e9 dans la \u00ab\u00a0Plaine et l&rsquo;Ouest littoral\u00a0\u00bb (3,1) et celui du centre-\u200bville de Nice (3,5). Mais attention, puisque des diff\u00e9\u00adrences existent en fonction des quartiers.<\/p>\n<p>On se meut davantage dans le \u00ab\u00a0village\u00a0\u00bb c\u00f4tier du Cros (3,6) que dans celui de Saint-\u200bV\u00e9ran (3,2), plus dans les terres, ou qu&rsquo;aux Br\u00e9gui\u00e8res\u00a0(3,3) et qu&rsquo;\u00e0 Saint-\u200bJean (3,1). On souli\u00adgnera tout de m\u00eame que 9% des habitants de ce secteur ne sortent que tr\u00e8s peu de chez eux au cours de la journ\u00e9e.<\/p>\n<p>La voiture toujours en t\u00eate, mais elle perd du terrain<\/p>\n<p>De quelle mani\u00e8re se d\u00e9place-\u200bt-\u200bon dans cette zone\u00a0? Majoritairement en voiture (50,8% des voyages), mais ce moyen de circu\u00adlation est en net recul depuis 2009 (59,2%). C&rsquo;est la marche qui a\u00a0profit\u00e9 de ce boule\u00adver\u00adsement. Les sorties \u00e0\u00a0pied sont pass\u00e9es de 30,2% \u00e0\u00a038,3% des parts des mouve\u00adments en quatorze ans.<\/p>\n<p>Les transports en commun \u00e0\u00a0la peine\u00a0?<\/p>\n<p>Le v\u00e9lo est aussi gagnant, m\u00eame si la pratique n&rsquo;est pas encore enti\u00e8\u00adrement d\u00e9mocra\u00adtis\u00e9e (de 0,72% \u00e0\u00a02%, soit une progression de 194% !). En revanche, les Cagnois prennent moins les trans\u00adports en commun qu&rsquo;en 2009. De 5,5% \u00e0\u00a0l&rsquo;\u00e9poque, leur usage a\u00a0diminu\u00e9 \u00e0\u00a04,9%. Pourtant, ils se servent plus du bus, en attendant <a href=\"https:\/\/nicepresse.com\/quand-les-nouvelles-lignes-4-et-5-du-tramway-seront-elles-livrees-dans-la-metropole-de-nice-christian-estrosi-fait-le-point-sur-les-avancees\/\" rel=\"nofollow noopener\" target=\"_blank\">la future ligne 4<\/a> du tramway, qui fera gonfler les statis\u00adtiques (de 3% \u00e0\u00a03,9%). C&rsquo;est visiblement le train, dont le TER, qui est d\u00e9sormais en retrait (de 2,5% \u00e0\u00a01%).<\/p>\n<p><a href=\"https:\/\/anneedelamer.nice.fr\/\" rel=\"nofollow noopener\" target=\"_blank\"><img loading=\"lazy\" decoding=\"async\" width=\"300\" height=\"300\" src=\"data:image\/svg+xml,%3Csvg%20xmlns=\" http:=\"\" alt=\"\" class=\"wp-image-235449\" data-lazy-src=\"https:\/\/www.europesays.com\/fr\/wp-content\/uploads\/2025\/04\/IMG_1416-2.png\"\/><\/a><\/p>\n<p>L&rsquo;analyse ne serait pas compl\u00e8te sans un point selon les \u00e2ges. Sans trop de surprise, les plus de 75 ans et <a href=\"https:\/\/nicepresse.com\/les-transports-publics-deviendront-gratuits-pour-les-enfants-a-partir-de-cet-ete-dans-les-communes-de-la-metropole-de-nice\/\" rel=\"nofollow noopener\" target=\"_blank\">les petits de 0\u00a0\u00e0 10 ans<\/a> sont ceux se mouvant le moins (2,69 d\u00e9pla\u00adce\u00adments journa\u00adliers). Les plus actifs sont les individus de 25 \u00e0\u00a049 ans (3,66), ce qui para\u00eet l\u00e0 aussi logique.<\/p>\n<p>Il faut cependant mettre en avant le c\u00f4t\u00e9 casanier des jeunes entre 11 et 24 ans. Ces derniers r\u00e9alisent en moyenne 2,98 sorties par jour, assez loin des 3,27 relev\u00e9s dans la cit\u00e9, toutes cat\u00e9gories confondues.\u00a0<\/p>\n","protected":false},"excerpt":{"rendered":"Les Maralpins ont pu s&rsquo;exprimer au sujet de leurs habitudes pour se d\u00e9placer\u00a0: les r\u00e9sultats d&rsquo;une vaste \u00e9tude&hellip;\n","protected":false},"author":2,"featured_media":363636,"comment_status":"","ping_status":"","sticky":false,"template":"","format":"standard","meta":{"footnotes":""},"categories":[2819],"tags":[1111,11,1777,674,1011,27,12,2401,882,25],"class_list":{"0":"post-363635","1":"post","2":"type-post","3":"status-publish","4":"format-standard","5":"has-post-thumbnail","7":"category-nice","8":"tag-actu","9":"tag-actualites","10":"tag-eu","11":"tag-europe","12":"tag-fr","13":"tag-france","14":"tag-news","15":"tag-nice","16":"tag-provence-alpes-cote-dazur","17":"tag-republique-francaise"},"share_on_mastodon":{"url":"https:\/\/pubeurope.com\/@fr\/115141285439532444","error":""},"_links":{"self":[{"href":"https:\/\/www.europesays.com\/fr\/wp-json\/wp\/v2\/posts\/363635","targetHints":{"allow":["GET"]}}],"collection":[{"href":"https:\/\/www.europesays.com\/fr\/wp-json\/wp\/v2\/posts"}],"about":[{"href":"https:\/\/www.europesays.com\/fr\/wp-json\/wp\/v2\/types\/post"}],"author":[{"embeddable":true,"href":"https:\/\/www.europesays.com\/fr\/wp-json\/wp\/v2\/users\/2"}],"replies":[{"embeddable":true,"href":"https:\/\/www.europesays.com\/fr\/wp-json\/wp\/v2\/comments?post=363635"}],"version-history":[{"count":0,"href":"https:\/\/www.europesays.com\/fr\/wp-json\/wp\/v2\/posts\/363635\/revisions"}],"wp:featuredmedia":[{"embeddable":true,"href":"https:\/\/www.europesays.com\/fr\/wp-json\/wp\/v2\/media\/363636"}],"wp:attachment":[{"href":"https:\/\/www.europesays.com\/fr\/wp-json\/wp\/v2\/media?parent=363635"}],"wp:term":[{"taxonomy":"category","embeddable":true,"href":"https:\/\/www.europesays.com\/fr\/wp-json\/wp\/v2\/categories?post=363635"},{"taxonomy":"post_tag","embeddable":true,"href":"https:\/\/www.europesays.com\/fr\/wp-json\/wp\/v2\/tags?post=363635"}],"curies":[{"name":"wp","href":"https:\/\/api.w.org\/{rel}","templated":true}]}}