{"id":363637,"date":"2025-09-03T16:22:13","date_gmt":"2025-09-03T16:22:13","guid":{"rendered":"https:\/\/www.europesays.com\/fr\/363637\/"},"modified":"2025-09-03T16:22:13","modified_gmt":"2025-09-03T16:22:13","slug":"qui-est-anne-bouillon-lavocate-feministe-visee-par-une-enquete-du-barreau-de-nantes-pour-management-toxique","status":"publish","type":"post","link":"https:\/\/www.europesays.com\/fr\/363637\/","title":{"rendered":"Qui est Anne Bouillon, l\u2019avocate f\u00e9ministe vis\u00e9e par une enqu\u00eate du barreau de Nantes pour management toxique\u00a0?"},"content":{"rendered":"<p>L\u2019<a href=\"https:\/\/www.20minutes.fr\/dossier\/avocat\" class=\"c-link c-link--is-underlined\" rel=\"nofollow noopener\" target=\"_blank\">avocate<\/a> nantaise Anne Bouillon, 53 ans, figure du <a href=\"https:\/\/www.20minutes.fr\/dossier\/feminisme\" class=\"c-link c-link--is-underlined\" rel=\"nofollow noopener\" target=\"_blank\">f\u00e9minisme <\/a>judiciaire, est au c\u0153ur d\u2019une enqu\u00eate d\u00e9ontologique interne pour \u00ab\u00a0pratiques manag\u00e9riales inappropri\u00e9es\u00a0\u00bb conduite par le barreau de <a href=\"https:\/\/www.20minutes.fr\/nantes\/\" target=\"_blank\" class=\"c-link c-link--is-underlined\" rel=\"nofollow noopener\">Nantes<\/a> depuis un an. Selon une enqu\u00eate des quotidiens r\u00e9gionaux Presse Oc\u00e9an et Le Courrier de l\u2019Ouest r\u00e9v\u00e9l\u00e9e mardi, l\u2019avocate connue pour son f\u00e9minisme sans faille aurait entretenu un<a href=\"https:\/\/www.20minutes.fr\/tempo\/4112009-20240925-dizaine-ex-collaboratrices-denonce-management-toxique-chef-etoile-matan-zaken\" target=\"_blank\" class=\"c-link c-link--is-underlined\" rel=\"nofollow noopener\"> \u00ab\u00a0management toxique\u00a0\u00bb<\/a> et des conditions de travail \u00ab\u00a0\u00e9prouvantes\u00a0\u00bb pendant plusieurs ann\u00e9es au sein de son cabinet nantais.<\/p>\n<p>Install\u00e9e dans la Cit\u00e9 des Ducs depuis plus de vingt ans dans un cabinet exclusivement f\u00e9minin, la petite-ni\u00e8ce de Jos\u00e9phine Baker s\u2019est fait conna\u00eetre du grand public en\u00a02019 lorsqu\u2019elle se hisse \u00e0 la troisi\u00e8me place du classement des 30 avocats les plus puissants de France dress\u00e9 par le m\u00e9dia <a href=\"https:\/\/www.gqmagazine.fr\/pop-culture\/article\/les-30-avocats-les-plus-puissants-de-france-edition-2019\" target=\"_blank\" class=\"c-link c-link--is-underlined\" rel=\"nofollow noopener\">GQ<\/a>. \u00ab\u00a0On ne se dote pas encore des moyens n\u00e9cessaires pour faire face aux violences sur les femmes. Si on veut faire baisser le nombre de victimes, il faut monter d\u2019un cran\u00a0\u00bb, confiait l\u2019avocate au magazine.<\/p>\n<p>Une personnalit\u00e9 \u00ab\u00a0\u00e9gocentr\u00e9e\u00a0\u00bb et \u00ab\u00a0autoritaire\u00a0\u00bb, selon des collaboratrices<\/p>\n<p>La \u00ab\u00a0plus puissante avocate de France\u00a0\u00bb est alors m\u00e9diatis\u00e9e pour son engagement dans la lutte contre les <a href=\"https:\/\/www.20minutes.fr\/dossier\/violences_faites_aux_femmes\" target=\"_blank\" class=\"c-link c-link--is-underlined\" rel=\"nofollow noopener\">violences faites aux femmes<\/a>. En\u00a02018, elle avait \u00adobtenu \u00ab\u00a0plus de 100.000\u202feuros pour une Nig\u00e9riane achemin\u00e9e en Europe \u00e0 16 ans, priv\u00e9e de nourriture, s\u00e9questr\u00e9e, frapp\u00e9e et ayant subi plus de cent rapports sexuels contraints avant de d\u00e9noncer ses prox\u00e9n\u00e8tes\u00a0\u00bb, relate le magazine GQ. Mais ce statut aurait accentu\u00e9 une personnalit\u00e9 \u00ab\u00a0\u00e9gocentr\u00e9e\u00a0\u00bb et \u00ab\u00a0autoritaire\u00a0\u00bb selon plusieurs collaboratrices qui ont accept\u00e9 de t\u00e9moigner aupr\u00e8s de nos confr\u00e8res.<\/p>\n<\/p>\n<p>Des piles de dossiers interminables, un flicage quasi-permanent et des payes \u00ab\u00a0au lance-pierre\u00a0\u00bb, ses anciennes coll\u00e8gues, par le biais de <a href=\"https:\/\/www.ouest-france.fr\/societe\/faits-divers\/enquete-la-plus-puissante-avocate-de-france-anne-bouillon-visee-par-une-enquete-deontologique-df283546-8712-11f0-bcb7-e4ebd4c8350d\" target=\"_blank\" class=\"c-link c-link--is-underlined\" rel=\"nofollow noopener\">Presse Oc\u00e9an<\/a> et <a href=\"https:\/\/france3-regions.franceinfo.fr\/pays-de-la-loire\/loire-atlantique\/nantes\/je-l-admirais-mais-j-ai-dechante-des-mon-premier-jour-de-stage-deux-anciennes-collaboratrices-de-l-avocate-anne-bouillon-temoignent-d-un-management-toxique-3210350.html\" target=\"_blank\" class=\"c-link c-link--is-underlined\" rel=\"nofollow noopener\">France 3<\/a>, d\u00e9noncent le management \u00ab\u00a0toxique\u00a0\u00bb dont elles auraient \u00e9t\u00e9 victimes et une ambiance de travail aux antipodes des valeurs relay\u00e9es par Anne Bouillon. L\u2019une d\u2019elles parle de \u00ab\u00a0masculinisme \u00e0 l\u2019ancienne\u00a0\u00bb et de \u00ab\u00a0boule au ventre\u00a0\u00bb avant d\u2019arriver au bureau. Une autre remet en cause ses valeurs f\u00e9ministes, d\u00e9fendues au cours de sa carri\u00e8re\u00a0: \u00ab\u00a0Qu\u2019elle se dise f\u00e9ministe et ne pas permettre \u00e0 ses collaboratrices [\u2026] de pouvoir bien bosser, c\u2019est hyper d\u00e9testable.\u00a0\u00bb<\/p>\n<p>\u00ab\u00a0Je me remets en question\u00a0\u00bb, assure l\u2019avocate<\/p>\n<p>Dans un entretien accord\u00e9 \u00e0 Presse Oc\u00e9an la principale int\u00e9ress\u00e9e a r\u00e9pondu \u00e0 ces accusations\u00a0: \u00ab\u00a0Je travaille \u00e0 \u00eatre une meilleure manager, je me remets en question. Je refuse davantage de dossiers pour \u00e9viter une surcharge de travail. [\u2026]. Sans doute ai-je eu du mal \u00e0 comprendre qu\u2019il pouvait en \u00eatre autrement pour celles qui m\u2019entouraient.\u00a0\u00bb.<\/p>\n<p>En\u00a02024, elle s\u2019\u00e9tait d\u2019autant plus inscrite dans le paysage m\u00e9diatique en publiant un ouvrage, Affaires de femmes &#8211; Une vie \u00e0 plaider pour elles.<\/p>\n","protected":false},"excerpt":{"rendered":"L\u2019avocate nantaise Anne Bouillon, 53 ans, figure du f\u00e9minisme judiciaire, est au c\u0153ur d\u2019une enqu\u00eate d\u00e9ontologique interne pour&hellip;\n","protected":false},"author":2,"featured_media":363638,"comment_status":"","ping_status":"","sticky":false,"template":"","format":"standard","meta":{"footnotes":""},"categories":[2818],"tags":[1111,11,36010,1067,1777,674,6757,1011,27,3668,303,3047,8657,766,12,2636,1306,25,3847,5761,797],"class_list":{"0":"post-363637","1":"post","2":"type-post","3":"status-publish","4":"format-standard","5":"has-post-thumbnail","7":"category-nantes","8":"tag-actu","9":"tag-actualites","10":"tag-bien-etre-au-travail","11":"tag-enquete","12":"tag-eu","13":"tag-europe","14":"tag-feminisme","15":"tag-fr","16":"tag-france","17":"tag-harcelement","18":"tag-justice","19":"tag-loire-atlantique","20":"tag-management","21":"tag-nantes","22":"tag-news","23":"tag-pays-de-la-loire","24":"tag-regions","25":"tag-republique-francaise","26":"tag-travail","27":"tag-vie-pro","28":"tag-violences-faites-aux-femmes"},"share_on_mastodon":{"url":"https:\/\/pubeurope.com\/@fr\/115141289223434728","error":""},"_links":{"self":[{"href":"https:\/\/www.europesays.com\/fr\/wp-json\/wp\/v2\/posts\/363637","targetHints":{"allow":["GET"]}}],"collection":[{"href":"https:\/\/www.europesays.com\/fr\/wp-json\/wp\/v2\/posts"}],"about":[{"href":"https:\/\/www.europesays.com\/fr\/wp-json\/wp\/v2\/types\/post"}],"author":[{"embeddable":true,"href":"https:\/\/www.europesays.com\/fr\/wp-json\/wp\/v2\/users\/2"}],"replies":[{"embeddable":true,"href":"https:\/\/www.europesays.com\/fr\/wp-json\/wp\/v2\/comments?post=363637"}],"version-history":[{"count":0,"href":"https:\/\/www.europesays.com\/fr\/wp-json\/wp\/v2\/posts\/363637\/revisions"}],"wp:featuredmedia":[{"embeddable":true,"href":"https:\/\/www.europesays.com\/fr\/wp-json\/wp\/v2\/media\/363638"}],"wp:attachment":[{"href":"https:\/\/www.europesays.com\/fr\/wp-json\/wp\/v2\/media?parent=363637"}],"wp:term":[{"taxonomy":"category","embeddable":true,"href":"https:\/\/www.europesays.com\/fr\/wp-json\/wp\/v2\/categories?post=363637"},{"taxonomy":"post_tag","embeddable":true,"href":"https:\/\/www.europesays.com\/fr\/wp-json\/wp\/v2\/tags?post=363637"}],"curies":[{"name":"wp","href":"https:\/\/api.w.org\/{rel}","templated":true}]}}