{"id":363639,"date":"2025-09-03T16:23:12","date_gmt":"2025-09-03T16:23:12","guid":{"rendered":"https:\/\/www.europesays.com\/fr\/363639\/"},"modified":"2025-09-03T16:23:12","modified_gmt":"2025-09-03T16:23:12","slug":"3e-festival-country-de-france","status":"publish","type":"post","link":"https:\/\/www.europesays.com\/fr\/363639\/","title":{"rendered":"3e festival country de France"},"content":{"rendered":"<p>            Par<br \/>\n        <strong><br \/>\n            <a href=\"https:\/\/actu.fr\/auteur\/journaliste-sm\" title=\"Consulter tous les articles de R\u00e9daction Clisson\" target=\"_blank\" rel=\"noopener\">R\u00e9daction Clisson<\/a><br \/>\n        <\/strong><\/p>\n<p>        Publi\u00e9 le<\/p>\n<p>            3 sept. 2025 \u00e0 18h00        <\/p>\n<p>Les organisateurs du festival de country \u00e0 <a href=\"https:\/\/actu.fr\/pays-de-la-loire\/basse-goulaine_44009\" target=\"_blank\" rel=\"noopener\"><b>Basse-Goulaine<\/b><\/a> n\u2019avaient pas fait les choses \u00e0 moiti\u00e9, avec son <b>parquet agrandi de 200m\u00b2<\/b>. Au lieu d\u2019en avoir deux, cela a permis d\u2019avoir un plus grand nombre de danseurs en m\u00eame temps.<b> Ils \u00e9taient environ un millier en simultan\u00e9<\/b>. D\u2019ailleurs, le public de fans \u00e9tait bien pr\u00e9sent au cours de ces trois jours, puisque <b>le nombre de 3 000 danseurs a \u00e9t\u00e9 atteint<\/b>. Le choix des groupes, la venue du chor\u00e9graphe country de renom <a href=\"https:\/\/www.facebook.com\/david.lecaillon\/?locale=fr_FR\" target=\"_blank\" rel=\"noopener\">David Lecaillon<\/a>, les ateliers\u2026 ont plu et attir\u00e9 les fans.<\/p>\n<p>    <a href=\"https:\/\/www.youtube.com\/embed\/3o1_Lv_NWI8\" title=\"Ouvrie le lien\" target=\"_blank\" rel=\"noopener\">Cliquez ici pour visualiser le contenu<\/a><\/p>\n<p class=\" wall-content\">Les organisateurs s\u2019\u00e9taient <b>aussi d\u00e9lest\u00e9s de la restauration <\/b>au profit de 6 food trucks qui ont assur\u00e9 cette mission.<\/p>\n<blockquote class=\"ac-article-quote wall-content\">\n<p>Ce n\u2019est pas notre m\u00e9tier et les stocks ne sont pas simples \u00e0 g\u00e9rer avec des nombres de clients qui peuvent tr\u00e8s facilement varier au gr\u00e9 des envies ou de la m\u00e9t\u00e9o. C\u2019est bien mieux et moins fatigant pour nos troupes.<\/p>\n<p>Lo\u00efc Pair\u00e9, le pr\u00e9sident<\/p><\/blockquote>\n<p class=\" wall-content\">L\u2019association a simplement conserv\u00e9 la gestion de la buvette.<\/p>\n<p>Vid\u00e9os : en ce moment sur Actu<br \/>\n    <a href=\"https:\/\/www.facebook.com\/plugins\/video.php?height=314&amp;href=https%3A%2F%2Fwww.facebook.com%2Freel%2F1098985248871926%2F&amp;show_text=false&amp;width=350&amp;t=0\" title=\"Ouvrie le lien\" target=\"_blank\" rel=\"noopener\">Cliquez ici pour visualiser le contenu<\/a><\/p>\n<p>Des Am\u00e9ricains \u00e9tonn\u00e9s<\/p>\n<p class=\" wall-content\">En France, <b>la country garde ses passionn\u00e9s<\/b>. Qui <b>impressionnent m\u00eame les Am\u00e9ricains<\/b>.\u00a0<\/p>\n<p>Votre r\u00e9gion, votre actu !<\/p>\n<p>Recevez chaque jour les infos qui comptent pour vous.<\/p>\n<p>\t<a href=\"https:\/\/actu.fr\/newsletter\" class=\"ac-btn ac-btn--corner ac-btn--medium ac-btn--blue800\" target=\"_blank\" rel=\"noopener\">S&rsquo;incrire<\/a><\/p>\n<blockquote class=\"ac-article-quote wall-content\">\n<p>Ils sont tr\u00e8s \u00e9tonn\u00e9s de notre fascination pour ce milieu de la country et de l\u2019ampleur que prennent ces \u00e9v\u00e9nements<\/p>\n<p>Un festivalier<\/p><\/blockquote>\n<p class=\" wall-content\">Ce dernier qui se rend de temps en temps outre-Atlantique pour son travail, peut comparer.\u00a0<\/p>\n<blockquote class=\"ac-article-quote wall-content\">\n<p>Ils sont \u00e9galement surpris de voir nos codes vestimentaires ainsi que notre discipline vis-\u00e0-vis des chor\u00e9graphies.<\/p>\n<\/blockquote>\n<p class=\" wall-content\">La pr\u00e9sence du public a satisfait le <a href=\"https:\/\/goulainecountryshow.fr\/\" target=\"_blank\" rel=\"noopener\">Goulaine country show<\/a>. L\u2019association r\u00e9fl\u00e9chit d\u00e9sormais \u00e0 la<b> prochaine mouture en 2026. <\/b>Cet \u00e9v\u00e9nement demeure<b> le troisi\u00e8me festival de Country en France<\/b> par sa fr\u00e9quentation.<\/p>\n<p>    <img   decoding=\"async\" loading=\"lazy\" class=\"size-large\" src=\"https:\/\/www.europesays.com\/fr\/wp-content\/uploads\/2025\/09\/4fb7785d54b8683c7785d54b897c77v-960x640.jpg\" alt=\"Et il y en a autant de l'autre c\u00f4t\u00e9, c'\u00e9tait samedi apr\u00e8s-midi\" width=\"960\" height=\"640\"\/><br \/>\n    Et il y en a autant de l\u2019autre c\u00f4t\u00e9, c\u2019\u00e9tait samedi apr\u00e8s-midi. \u00a9Hebdo de S\u00e8vre et Maine<\/p>\n<p class=\" wall-content\">Personnalisez votre actualit\u00e9 en ajoutant vos villes et m\u00e9dias en favori avec <a href=\"https:\/\/moncompte.actu.fr\" title=\"D\u00e9couvez Mon Actu\" rel=\"nofollow noopener\" data-trk=\"{&quot;cta&quot;:{&quot;action&quot;:&quot;https:\\\/\\\/moncompte.actu.fr&quot;,&quot;category&quot;:&quot;mon compte&quot;,&quot;from&quot;:&quot;article footer&quot;,&quot;name&quot;:&quot;Mon actu&quot;,&quot;type&quot;:&quot;cta&quot;}}\" target=\"_blank\">Mon Actu<\/a>.<\/p>\n","protected":false},"excerpt":{"rendered":"Par R\u00e9daction Clisson Publi\u00e9 le 3 sept. 2025 \u00e0 18h00 Les organisateurs du festival de country \u00e0 Basse-Goulaine&hellip;\n","protected":false},"author":2,"featured_media":363640,"comment_status":"","ping_status":"","sticky":false,"template":"","format":"standard","meta":{"footnotes":""},"categories":[2818],"tags":[1111,11,5972,1777,674,1011,27,766,12,2636,25,104,2900],"class_list":{"0":"post-363639","1":"post","2":"type-post","3":"status-publish","4":"format-standard","5":"has-post-thumbnail","7":"category-nantes","8":"tag-actu","9":"tag-actualites","10":"tag-danse","11":"tag-eu","12":"tag-europe","13":"tag-fr","14":"tag-france","15":"tag-nantes","16":"tag-news","17":"tag-pays-de-la-loire","18":"tag-republique-francaise","19":"tag-societe","20":"tag-vignoble-nantais"},"share_on_mastodon":{"url":"https:\/\/pubeurope.com\/@fr\/115141293709474880","error":""},"_links":{"self":[{"href":"https:\/\/www.europesays.com\/fr\/wp-json\/wp\/v2\/posts\/363639","targetHints":{"allow":["GET"]}}],"collection":[{"href":"https:\/\/www.europesays.com\/fr\/wp-json\/wp\/v2\/posts"}],"about":[{"href":"https:\/\/www.europesays.com\/fr\/wp-json\/wp\/v2\/types\/post"}],"author":[{"embeddable":true,"href":"https:\/\/www.europesays.com\/fr\/wp-json\/wp\/v2\/users\/2"}],"replies":[{"embeddable":true,"href":"https:\/\/www.europesays.com\/fr\/wp-json\/wp\/v2\/comments?post=363639"}],"version-history":[{"count":0,"href":"https:\/\/www.europesays.com\/fr\/wp-json\/wp\/v2\/posts\/363639\/revisions"}],"wp:featuredmedia":[{"embeddable":true,"href":"https:\/\/www.europesays.com\/fr\/wp-json\/wp\/v2\/media\/363640"}],"wp:attachment":[{"href":"https:\/\/www.europesays.com\/fr\/wp-json\/wp\/v2\/media?parent=363639"}],"wp:term":[{"taxonomy":"category","embeddable":true,"href":"https:\/\/www.europesays.com\/fr\/wp-json\/wp\/v2\/categories?post=363639"},{"taxonomy":"post_tag","embeddable":true,"href":"https:\/\/www.europesays.com\/fr\/wp-json\/wp\/v2\/tags?post=363639"}],"curies":[{"name":"wp","href":"https:\/\/api.w.org\/{rel}","templated":true}]}}