{"id":363645,"date":"2025-09-03T16:26:15","date_gmt":"2025-09-03T16:26:15","guid":{"rendered":"https:\/\/www.europesays.com\/fr\/363645\/"},"modified":"2025-09-03T16:26:15","modified_gmt":"2025-09-03T16:26:15","slug":"gautier-grand-nez-un-roman-jeunesse-toulousain-engage-contre-le-harcelement-scolaire","status":"publish","type":"post","link":"https:\/\/www.europesays.com\/fr\/363645\/","title":{"rendered":"\u00ab\u00a0Gautier grand nez\u00a0\u00bb\u00a0: un roman jeunesse toulousain engag\u00e9 contre le harc\u00e8lement scolaire"},"content":{"rendered":"<p>Le 8\u00a0septembre prochain, les jeunes lecteurs auront rendez-vous avec Gautier, un h\u00e9ros aussi attachant que courageux, dans<strong> le nouveau roman jeunesse<\/strong> <strong>Gautier Grand Nez<\/strong>, sign\u00e9 Eva Kopp, une autrice aux multiples talents\u2026 et <strong>plume de l\u2019\u00e9quipe de Toulouscope<\/strong>\u00a0!<\/p>\n<p><strong>Toulousaine, chroniqueuse, voix off, autrice-illustratrice<\/strong>, Eva Kopp ne cesse de multiplier les projets cr\u00e9atifs. Dans Gautier Grand Nez, elle m\u00eale avec brio<strong> la r\u00e9alit\u00e9 parfois dure du harc\u00e8lement scolaire \u00e0 la magie des contes<\/strong>, avec une plume <strong>vive et sensible<\/strong>.<\/p>\n<p>\u00a0<\/p>\n<p>Quand la f\u00e9erie vient au secours du r\u00e9el<\/p>\n<p>Gautier, 11 ans, vit seul avec son grand-p\u00e8re depuis la perte de ses parents. \u00c0 l\u2019\u00e9cole, il est la cible de Gabriel, un camarade violent qui le harc\u00e8le au quotidien. Isol\u00e9, moqu\u00e9 pour son physique, Gautier se renferme\u2026 jusqu\u2019au jour o\u00f9 un chat parlant, descendant du c\u00e9l\u00e8bre Chat bott\u00e9, entre dans sa vie.<\/p>\n<p>Ce f\u00e9lin fantasque et rus\u00e9 va devenir son mentor et l\u2019aider \u00e0 reprendre confiance en lui. <strong>Une aventure po\u00e9tique et initiatique<\/strong>, rythm\u00e9e par <strong>les r\u00e9f\u00e9rences \u00e0 Cyrano de Bergerac<\/strong>, o\u00f9 l<strong>\u2019humour et l\u2019imaginaire<\/strong> permettent d\u2019aborder un sujet grave\u00a0: <strong>le harc\u00e8lement scolaire<\/strong>.<\/p>\n<blockquote>\n<p>\u00c0 lire\u00a0: <a data-xiti-action=\"arches-recherche::colgauche::article23::article-titre,N\" href=\"https:\/\/www.toulouscope.fr\/2020\/03\/09\/le-japon-dans-les-yeux-de-la-toulousaine-eva-kopp-10720231.php\" rel=\"nofollow noopener\" target=\"_blank\">Le Japon, dans les yeux de la Toulousaine Eva Kopp<\/a><\/p>\n<\/blockquote>\n<p>\u00a0<\/p>\n<p>Un conte moderne pour briser le silence<\/p>\n<p>\u00c0 l\u2019heure o\u00f9 <strong>11\u00a0% des enfants sont victimes de harc\u00e8lement scolaire chaque ann\u00e9e<\/strong> (source\u00a0: OMS\/Europe, 2024), ce livre se veut<strong> un outil p\u00e9dagogique pr\u00e9cieux<\/strong>, \u00e0 mettre entre toutes les mains. Il incite au <strong>dialogue<\/strong>, invite <strong>\u00e0 la r\u00e9silience<\/strong> et valorise le <strong>courage d\u2019\u00eatre soi<\/strong>.<\/p>\n<p>Avec un<strong> style accessible et empreint d\u2019espoir<\/strong>, Eva Kopp livre <strong>un texte fort<\/strong>, enrichi par les illustrations tendres de S\u00e9verine Duchesne, autre<strong> talent toulousain du monde jeunesse.<\/strong><\/p>\n<p>        <img decoding=\"async\" class=\"std-img__img responsive-img\" src=\"https:\/\/www.europesays.com\/fr\/wp-content\/uploads\/2025\/09\/1756916775_792_image.png\" alt=\"Gautier Grand Nez r\u00e9ussit \u00e0 conjuguer po\u00e9sie, humour et engagement\"\/><\/p>\n<p>                Gautier Grand Nez r\u00e9ussit \u00e0 conjuguer po\u00e9sie, humour et engagement<\/p>\n<p>\u00a0<\/p>\n<p>\u00c0 glisser dans tous les cartables d\u00e8s la rentr\u00e9e\u00a0!<\/p>\n<p>En 96 pages, Gautier Grand Nez r\u00e9ussit \u00e0<strong> conjuguer po\u00e9sie, humour et engagement,<\/strong> tout en rendant <strong>hommage au th\u00e9\u00e2tre classique.<\/strong> Un ouvrage \u00e0 d\u00e9couvrir<strong> en famille, en classe<\/strong>, ou simplement pour le plaisir de lire une belle histoire.<\/p>\n<blockquote>\n<p>\u00c0 lire\u00a0: <a data-xiti-action=\"arches-recherche::colgauche::article9::article-titre,N\" href=\"https:\/\/www.toulouscope.fr\/2021\/02\/02\/toulouse-en-decor-de-celle-qui-derange-le-deuxieme-roman-de-eva-kopp-10720355.php\" rel=\"nofollow noopener\" target=\"_blank\">Toulouse en d\u00e9cor de \u00ab\u00a0Celle qui d\u00e9range\u00a0\u00bb, le deuxi\u00e8me roman de Eva Kopp\u00a0!<\/a><\/p>\n<\/blockquote>\n<p><strong>Sortie en librairie\u00a0: 8\u00a0septembre 2025 &#8211; Prix\u00a0: 12\u00a0\u20ac<\/strong><br \/>\u00a0<\/p>\n","protected":false},"excerpt":{"rendered":"Le 8\u00a0septembre prochain, les jeunes lecteurs auront rendez-vous avec Gautier, un h\u00e9ros aussi attachant que courageux, dans le&hellip;\n","protected":false},"author":2,"featured_media":363646,"comment_status":"","ping_status":"","sticky":false,"template":"","format":"standard","meta":{"footnotes":""},"categories":[2816],"tags":[1111,11,1777,674,1011,27,12,2680,25,2312],"class_list":{"0":"post-363645","1":"post","2":"type-post","3":"status-publish","4":"format-standard","5":"has-post-thumbnail","7":"category-toulouse","8":"tag-actu","9":"tag-actualites","10":"tag-eu","11":"tag-europe","12":"tag-fr","13":"tag-france","14":"tag-news","15":"tag-occitanie","16":"tag-republique-francaise","17":"tag-toulouse"},"share_on_mastodon":{"url":"https:\/\/pubeurope.com\/@fr\/115141304922053178","error":""},"_links":{"self":[{"href":"https:\/\/www.europesays.com\/fr\/wp-json\/wp\/v2\/posts\/363645","targetHints":{"allow":["GET"]}}],"collection":[{"href":"https:\/\/www.europesays.com\/fr\/wp-json\/wp\/v2\/posts"}],"about":[{"href":"https:\/\/www.europesays.com\/fr\/wp-json\/wp\/v2\/types\/post"}],"author":[{"embeddable":true,"href":"https:\/\/www.europesays.com\/fr\/wp-json\/wp\/v2\/users\/2"}],"replies":[{"embeddable":true,"href":"https:\/\/www.europesays.com\/fr\/wp-json\/wp\/v2\/comments?post=363645"}],"version-history":[{"count":0,"href":"https:\/\/www.europesays.com\/fr\/wp-json\/wp\/v2\/posts\/363645\/revisions"}],"wp:featuredmedia":[{"embeddable":true,"href":"https:\/\/www.europesays.com\/fr\/wp-json\/wp\/v2\/media\/363646"}],"wp:attachment":[{"href":"https:\/\/www.europesays.com\/fr\/wp-json\/wp\/v2\/media?parent=363645"}],"wp:term":[{"taxonomy":"category","embeddable":true,"href":"https:\/\/www.europesays.com\/fr\/wp-json\/wp\/v2\/categories?post=363645"},{"taxonomy":"post_tag","embeddable":true,"href":"https:\/\/www.europesays.com\/fr\/wp-json\/wp\/v2\/tags?post=363645"}],"curies":[{"name":"wp","href":"https:\/\/api.w.org\/{rel}","templated":true}]}}