{"id":363651,"date":"2025-09-03T16:29:17","date_gmt":"2025-09-03T16:29:17","guid":{"rendered":"https:\/\/www.europesays.com\/fr\/363651\/"},"modified":"2025-09-03T16:29:17","modified_gmt":"2025-09-03T16:29:17","slug":"vivez-la-braderie-de-lille-en-direct-avec-ici-nord","status":"publish","type":"post","link":"https:\/\/www.europesays.com\/fr\/363651\/","title":{"rendered":"Vivez la Braderie de Lille en direct avec ICI Nord"},"content":{"rendered":"<p>ICI Nord, partenaire officiel de la Braderie de Lille, vous fait vivre l&rsquo;\u00e9v\u00e9nement en direct\u00a0: \u00e9missions, invit\u00e9s, baladeurs pour de belles d\u00e9couvertes et rencontres, et des animations pour vous amuser et jouer avec nous.<\/p>\n<p><strong>Du 6 au 7 septembre 2025, ICI Nord vous fait vivre en direct le plus grand march\u00e9 aux puces d&rsquo;Europe<\/strong> avec ses presque 100 kms d&rsquo;\u00e9tals et plus de deux millions de visiteurs. D\u00e9couvrez les personnages, les p\u00e9pites, l&rsquo;ambiance particuli\u00e8re de la Braderie de Lille.<\/p>\n<p>ICI Nord s&rsquo;installe place du Th\u00e9\u00e2tre, au c\u0153ur de l&rsquo;\u00e9v\u00e9nement. Vous saurez tout pour profiter au mieux de votre visite\u00a0: transports, trafic, m\u00e9t\u00e9o, bons plans, astuces, cadeaux, surprises, etc&#8230; en \u00e9coutant notre antenne. Et pour ceux qui seront sur place, des surprises, des animations, des cadeaux sur la sc\u00e8ne du village m\u00e9dia, avec nos partenaires Orange, l&rsquo;INA, Hello Lille, France 3&#8230;<\/p>\n<p>\u00c0 lire aussi   <img decoding=\"async\" src=\"https:\/\/www.europesays.com\/fr\/wp-content\/uploads\/2025\/09\/1756916956_406_560x315\" alt=\"L'affiche de la Braderie de Lille 2025\" style=\"--_image-preview:url('data:image\/jpeg;base64,\/9j\/2wBDACgcHiMeGSgjISMtKygwPGRBPDc3PHtYXUlkkYCZlo+AjIqgtObDoKrarYqMyP\/L2u71\/\/\/\/m8H\/\/\/\/6\/+b9\/\/j\/2wBDASstLTw1PHZBQXb4pYyl+Pj4+Pj4+Pj4+Pj4+Pj4+Pj4+Pj4+Pj4+Pj4+Pj4+Pj4+Pj4+Pj4+Pj4+Pj4+Pj4+Pj\/wAARCAAXACoDASIAAhEBAxEB\/8QAFwABAQEBAAAAAAAAAAAAAAAAAAECA\/\/EABYQAQEBAAAAAAAAAAAAAAAAAAABEf\/EABYBAQEBAAAAAAAAAAAAAAAAAAEDAv\/EABgRAQEBAQEAAAAAAAAAAAAAAAABEQIS\/9oADAMBAAIRAxEAPwDgmKCL9UxZBSnpFA4PTADK1VQLFigNRGv\/2Q==');\" loading=\"lazy\" fetchpriority=\"low\" aria-hidden=\"true\" class=\"svelte-1pnmlwx rounded\" onload=\"this.__e=event\" onerror=\"this.__e=event\"\/>Au programme sur ICI Nord<\/p>\n<p>Le programme de nos \u00e9missions en direct du studio Cube, install\u00e9 Place du Th\u00e9\u00e2tre, au pied de l&rsquo;Op\u00e9ra\u00a0:<\/p>\n<p><strong>Samedi 6 septembre<\/strong><\/p>\n<ul>\n<li>De 10h \u00e0 12h05, c&rsquo;est votre grand agenda avec toutes les manifestations dans le Nord et le Pas-de-Calais,\u202fen compagnie d&rsquo;Emmanuel Bordeau qui est en direct des rues de Lille aux cot\u00e9s des bradeux.<\/li>\n<li>De 12h05 \u00e0 13h, Willy vient d\u00e9jeuner chez vous, avec Willy Rovelli et sa tribu\u00a0qui jouent avec les auditeurs et les visiteurs en direct de la braderie.<\/li>\n<li>De 13h \u00e0 15h, Laurent Dereux et un commissaire-priseur d\u00e9ambulent dans les rues de Lille \u00e0 la recherche des objets rares, insolites et des perles de la braderie.<\/li>\n<li>De 15h \u00e0 19h, Louise Petit et\u00a0ses invit\u00e9s nous font vivre les pr\u00e9paratifs de la soir\u00e9e de la braderie, avec des points en direct des rues de Lille aux cot\u00e9s des bradeux.<\/li>\n<\/ul>\n<p><strong>Dimanche 7 septembre<\/strong><\/p>\n<ul>\n<li>De 10h \u00e0 12h05, c&rsquo;est votre grand agenda avec toutes les manifestations dans le Nord et le Pas-de-Calais, avec Philippe Sall\u00e9,\u00a0<br \/>Fred Haffner et Louise Petit en direct des rues de Lille aux cot\u00e9s des bradeux.<\/li>\n<li>De 11h \u00e0 12h, sur sc\u00e8ne et en direct, l&rsquo;\u00e9mission \u00ab\u00a0On va d\u00e9guster\u00a0\u00bb de France Inter<\/li>\n<li>De 13h \u00e0 16h, en compagnie de Louise Petit et ses invit\u00e9s, et de Fred Haffner au c\u0153ur de la braderie.<\/li>\n<li>De 16h \u00e0 18h, en direct des studios de ICI Nord, une sp\u00e9ciale info trafic pour raccompagner les bradeux sur la route, tout en musique et bonne humeur.<\/li>\n<\/ul>\n<p>\u00c0 lire aussi   <img decoding=\"async\" src=\"https:\/\/www.europesays.com\/fr\/wp-content\/uploads\/2025\/09\/1756832531_948_560x315\" alt=\"Plus de 2,5 millions de visiteurs sont attendus \u00e0 la Braderie de Lille les samedi 6 et dimanche 7 septembre 2025\" style=\"--_image-preview:url('data:image\/jpeg;base64,\/9j\/2wBDACgcHiMeGSgjISMtKygwPGRBPDc3PHtYXUlkkYCZlo+AjIqgtObDoKrarYqMyP\/L2u71\/\/\/\/m8H\/\/\/\/6\/+b9\/\/j\/2wBDASstLTw1PHZBQXb4pYyl+Pj4+Pj4+Pj4+Pj4+Pj4+Pj4+Pj4+Pj4+Pj4+Pj4+Pj4+Pj4+Pj4+Pj4+Pj4+Pj4+Pj\/wAARCAAXACoDASIAAhEBAxEB\/8QAFwABAQEBAAAAAAAAAAAAAAAAAAEDAv\/EABYQAQEBAAAAAAAAAAAAAAAAAAAREv\/EABYBAQEBAAAAAAAAAAAAAAAAAAACAf\/EABURAQEAAAAAAAAAAAAAAAAAAAAR\/9oADAMBAAIRAxEAPwDqlcUqqmO6tZ1aUjSrWejRSMaUEqWlAatKAx\/\/2Q==');\" loading=\"lazy\" fetchpriority=\"low\" aria-hidden=\"true\" class=\"svelte-1pnmlwx rounded\" onload=\"this.__e=event\" onerror=\"this.__e=event\"\/>Les animations en direct sur sc\u00e8ne<\/p>\n<p>Samedi entre 14h et 18h30, dimanche entre 14h et 16h, venez\u00a0 vous amuser et mettre l&rsquo;ambiance devant la sc\u00e8ne de l&rsquo;espace m\u00e9dia, place du Th\u00e9\u00e2tre. Nous vous proposons, en alternance\u00a0:<\/p>\n<ul>\n<li>le Blind Test avec Mukiz, devinez le titre de la chanson ,<\/li>\n<li>un karako\u00e9 g\u00e9ant, venez interpr\u00e9ter les plus grands tubes d&rsquo;hier et d&rsquo;aujourd&rsquo;hui,<\/li>\n<li>de d\u00e9couvrir les fanfares de la braderie, pour mettre l&rsquo;ambiance, rien de mieux.<\/li>\n<\/ul>\n<p>Et on n&rsquo;oublie pas les surprises et les cadeaux\u00a0!<\/p>\n<p>D\u00e8s 20h, place \u00e0 la f\u00eate\u00a0! Animation musicale avec un DJ qui vous fera danser toute la nuit\u00a0! Pr\u00e9parez-vous pour des chor\u00e9graphies endiabl\u00e9es (souvenez-vous de la chenille\u00a0!)<\/p>\n<p><strong>Suivez-nous sur<\/strong>\u00a0<a target=\"_blank\" rel=\"nofollow noopener noreferrer\" class=\"IciLink ici-link IciArticleLink g-ici-body-regular-1 underline brand svelte-lu7k6w\" href=\"https:\/\/www.facebook.com\/RFfrancebleunord\"><strong>Facebook<\/strong><\/a>, I<a target=\"_blank\" rel=\"nofollow noopener noreferrer\" class=\"IciLink ici-link IciArticleLink g-ici-body-regular-1 underline brand svelte-lu7k6w\" href=\"https:\/\/www.instagram.com\/francebleunord\/\"><strong>nstagram<\/strong><\/a>\u00a0<strong>et<\/strong>\u00a0<a target=\"_blank\" rel=\"nofollow noopener noreferrer\" class=\"IciLink ici-link IciArticleLink g-ici-body-regular-1 underline brand svelte-lu7k6w\" href=\"https:\/\/x.com\/fbleunord\"><strong>X,<\/strong><\/a>\u00a0<strong>ou \u00e9coutez-nous en direct\u00a0!<\/strong><\/p>\n<p>loading<\/p>\n<p><script async src=\"\/\/www.instagram.com\/embed.js\"><\/script><\/p>\n","protected":false},"excerpt":{"rendered":"ICI Nord, partenaire officiel de la Braderie de Lille, vous fait vivre l&rsquo;\u00e9v\u00e9nement en direct\u00a0: \u00e9missions, invit\u00e9s, baladeurs&hellip;\n","protected":false},"author":2,"featured_media":363652,"comment_status":"","ping_status":"","sticky":false,"template":"","format":"standard","meta":{"footnotes":""},"categories":[2815],"tags":[1111,11,1777,674,1011,27,811,1307,12,25],"class_list":{"0":"post-363651","1":"post","2":"type-post","3":"status-publish","4":"format-standard","5":"has-post-thumbnail","7":"category-lille","8":"tag-actu","9":"tag-actualites","10":"tag-eu","11":"tag-europe","12":"tag-fr","13":"tag-france","14":"tag-hauts-de-france","15":"tag-lille","16":"tag-news","17":"tag-republique-francaise"},"share_on_mastodon":{"url":"https:\/\/pubeurope.com\/@fr\/115141317584279345","error":""},"_links":{"self":[{"href":"https:\/\/www.europesays.com\/fr\/wp-json\/wp\/v2\/posts\/363651","targetHints":{"allow":["GET"]}}],"collection":[{"href":"https:\/\/www.europesays.com\/fr\/wp-json\/wp\/v2\/posts"}],"about":[{"href":"https:\/\/www.europesays.com\/fr\/wp-json\/wp\/v2\/types\/post"}],"author":[{"embeddable":true,"href":"https:\/\/www.europesays.com\/fr\/wp-json\/wp\/v2\/users\/2"}],"replies":[{"embeddable":true,"href":"https:\/\/www.europesays.com\/fr\/wp-json\/wp\/v2\/comments?post=363651"}],"version-history":[{"count":0,"href":"https:\/\/www.europesays.com\/fr\/wp-json\/wp\/v2\/posts\/363651\/revisions"}],"wp:featuredmedia":[{"embeddable":true,"href":"https:\/\/www.europesays.com\/fr\/wp-json\/wp\/v2\/media\/363652"}],"wp:attachment":[{"href":"https:\/\/www.europesays.com\/fr\/wp-json\/wp\/v2\/media?parent=363651"}],"wp:term":[{"taxonomy":"category","embeddable":true,"href":"https:\/\/www.europesays.com\/fr\/wp-json\/wp\/v2\/categories?post=363651"},{"taxonomy":"post_tag","embeddable":true,"href":"https:\/\/www.europesays.com\/fr\/wp-json\/wp\/v2\/tags?post=363651"}],"curies":[{"name":"wp","href":"https:\/\/api.w.org\/{rel}","templated":true}]}}