{"id":363653,"date":"2025-09-03T16:30:19","date_gmt":"2025-09-03T16:30:19","guid":{"rendered":"https:\/\/www.europesays.com\/fr\/363653\/"},"modified":"2025-09-03T16:30:19","modified_gmt":"2025-09-03T16:30:19","slug":"portraits-de-marseillais%c2%b7es-tatoue%c2%b7es","status":"publish","type":"post","link":"https:\/\/www.europesays.com\/fr\/363653\/","title":{"rendered":"Portraits de Marseillais\u00b7es tatou\u00e9\u00b7es"},"content":{"rendered":"<p style=\"font-size:18px\">Chaque ann\u00e9e, Par\u00e9idolie confie une carte blanche \u00e0 une institution partenaire. En 2025, ce sont les <strong>Mus\u00e9es de Marseille<\/strong>, en collaboration avec <strong>Fotokino<\/strong>, qui pr\u00e9sentaient Portraits de Marseillais\u00b7es tatou\u00e9\u00b7es. En \u00e9cho \u00e0 cette carte blanche, l\u2019artiste <strong>Jimmy Richer<\/strong> \u2013 que l\u2019on retrouve r\u00e9guli\u00e8rement en Occitanie et qui pr\u00e9sente actuellement \u00c9tranges pulpes \u00e0 la Chartreuse de Villeneuve-l\u00e8s-Avignon \u2013 proposait des <strong>performances tatou\u00e9es<\/strong>.<\/p>\n<p><strong>Portraits de Marseillais\u00b7es tatou\u00e9\u00b7es<\/strong><strong>.<\/strong><\/p>\n<p>Depuis plusieurs mois, quatre illustrateurs et illustratrices \u2013 <strong>Nine Antico, Simon Roussin, Bonnefrite et Zo\u00e9 Jollive<\/strong> \u2013 accompagn\u00e9s par l\u2019autrice <strong>Annabelle Perrin<\/strong>, ont esquiss\u00e9 les portraits de Marseillais\u00b7es tatou\u00e9\u00b7es. Ensemble, ils ont collect\u00e9 images, voix et r\u00e9cits, offrant une lecture sensible et plurielle du tatouage \u00e0 Marseille, en lien avec ses multiples connexions m\u00e9diterran\u00e9ennes.<br \/>Certains de ces portraits, r\u00e9alis\u00e9s au fil du projet, sont accroch\u00e9s dans l\u2019exposition <strong>\u00ab Tatouage. Histoires de la M\u00e9diterran\u00e9e \u00bb<\/strong> actuellement pr\u00e9sent\u00e9e au <strong>Centre de la Vieille Charit\u00e9.<\/strong><\/p>\n<p><img data-recalc-dims=\"1\" fetchpriority=\"high\" decoding=\"async\" width=\"696\" height=\"392\" data-attachment-id=\"66946\" data-permalink=\"https:\/\/www.enrevenantdelexpo.com\/2025\/09\/03\/portraits-de-marseillais%c2%b7es-tatoue%c2%b7es-et-performances-tatouees-de-jimmy-richer\/portraits-de-marseillais%c2%b7es-tatoue%c2%b7es-_1\/\" data-orig-file=\"https:\/\/i0.wp.com\/www.enrevenantdelexpo.com\/wp-content\/uploads\/2025\/09\/Portraits-de-Marseillais%C2%B7es-tatoue%C2%B7es._1.jpg?fit=1199%2C675&amp;ssl=1\" data-orig-size=\"1199,675\" data-comments-opened=\"1\" data-image-meta=\"{&quot;aperture&quot;:&quot;0&quot;,&quot;credit&quot;:&quot;&quot;,&quot;camera&quot;:&quot;&quot;,&quot;caption&quot;:&quot;&quot;,&quot;created_timestamp&quot;:&quot;0&quot;,&quot;copyright&quot;:&quot;&quot;,&quot;focal_length&quot;:&quot;0&quot;,&quot;iso&quot;:&quot;0&quot;,&quot;shutter_speed&quot;:&quot;0&quot;,&quot;title&quot;:&quot;&quot;,&quot;orientation&quot;:&quot;0&quot;}\" data-image-title=\"Portraits de Marseillais\u00b7es tatou\u00e9\u00b7es. dans l\u2019exposition \u00ab Tatouage. Histoires de la M\u00e9diterran\u00e9e \u00bb  au Centre de la Vieille Charit\u00e9\" data-image-description=\"\" data-image-caption=\"&lt;p&gt;Portraits de Marseillais\u00b7es tatou\u00e9\u00b7es. dans l\u2019exposition \u00ab Tatouage. Histoires de la M\u00e9diterran\u00e9e \u00bb  au Centre de la Vieille Charit\u00e9&lt;\/p&gt;&#10;\" data-medium-file=\"https:\/\/i0.wp.com\/www.enrevenantdelexpo.com\/wp-content\/uploads\/2025\/09\/Portraits-de-Marseillais%C2%B7es-tatoue%C2%B7es._1.jpg?fit=300%2C169&amp;ssl=1\" data-large-file=\"https:\/\/i0.wp.com\/www.enrevenantdelexpo.com\/wp-content\/uploads\/2025\/09\/Portraits-de-Marseillais%C2%B7es-tatoue%C2%B7es._1.jpg?fit=696%2C392&amp;ssl=1\" src=\"data:image\/svg+xml,%3Csvg%20xmlns=\" http:=\"\" alt=\"Portraits de Marseillais\u00b7es tatou\u00e9\u00b7es. dans l\u2019exposition \u00ab Tatouage. Histoires de la M\u00e9diterran\u00e9e \u00bb  au Centre de la Vieille Charit\u00e9\" class=\"wp-image-66946\" data-lazy- data-lazy- data-lazy-src=\"https:\/\/www.europesays.com\/fr\/wp-content\/uploads\/2025\/09\/Portraits-de-Marseillais\u00b7es-tatoue\u00b7es._1.jpg\"\/>Portraits de Marseillais\u00b7es tatou\u00e9\u00b7es. dans l\u2019exposition \u00ab Tatouage. Histoires de la M\u00e9diterran\u00e9e \u00bb  au Centre de la Vieille Charit\u00e9<\/p>\n<p>Leur pr\u00e9sence a suscit\u00e9 rencontres et r\u00e9cits parmi les visiteurs et visiteuses. Tour \u00e0 tour l\u00e9gers, poignants ou graves, ces portraits s\u2019ancrent dans les quartiers de la ville et refl\u00e8tent des parcours individuels et collectifs, au croisement des g\u00e9n\u00e9rations et des cultures. Ils prolongent ainsi l\u2019exploration historique men\u00e9e dans l\u2019exposition et inscrivent l\u2019h\u00e9ritage mill\u00e9naire du tatouage m\u00e9diterran\u00e9en dans le pr\u00e9sent. Un <strong>recueil<\/strong> rassemblant l\u2019ensemble des portraits para\u00eetra en <strong>septembre 2025<\/strong>, publi\u00e9 par <strong>Fotokino<\/strong> \u00e0 Marseille.<\/p>\n<p>Huit de ces portraits tatou\u00e9s, accompagn\u00e9s de leurs histoires, \u00e9taient accroch\u00e9s \u00e0 l\u2019entr\u00e9e de Par\u00e9idolie 2025.<\/p>\n<p><img loading=\"lazy\" data-recalc-dims=\"1\" decoding=\"async\" width=\"696\" height=\"978\" data-attachment-id=\"66864\" data-permalink=\"https:\/\/www.enrevenantdelexpo.com\/pareidolie-2025-16\/\" data-orig-file=\"https:\/\/i0.wp.com\/www.enrevenantdelexpo.com\/wp-content\/uploads\/2025\/09\/Pareidolie-2025-16.jpg?fit=970%2C1363&amp;ssl=1\" data-orig-size=\"970,1363\" data-comments-opened=\"1\" data-image-meta=\"{&quot;aperture&quot;:&quot;0&quot;,&quot;credit&quot;:&quot;&quot;,&quot;camera&quot;:&quot;&quot;,&quot;caption&quot;:&quot;&quot;,&quot;created_timestamp&quot;:&quot;0&quot;,&quot;copyright&quot;:&quot;&quot;,&quot;focal_length&quot;:&quot;0&quot;,&quot;iso&quot;:&quot;0&quot;,&quot;shutter_speed&quot;:&quot;0&quot;,&quot;title&quot;:&quot;&quot;,&quot;orientation&quot;:&quot;0&quot;}\" data-image-title=\"Simon Roussin \u2013  Lucie, 37 ans, le tourbillon de la vie \u2013 Portraits de Marseillais\u00b7es tatou\u00e9\u00b7es \u2013 Pareidolie 2025\" data-image-description=\"\" data-image-caption=\"&lt;p&gt;Simon Roussin \u2013&lt;br \/&gt;&#10;Lucie, 37 ans, le tourbillon de la vie \u2013 Portraits de Marseillais\u00b7es tatou\u00e9\u00b7es \u2013 Pareidolie 2025&lt;\/p&gt;&#10;\" data-medium-file=\"https:\/\/i0.wp.com\/www.enrevenantdelexpo.com\/wp-content\/uploads\/2025\/09\/Pareidolie-2025-16.jpg?fit=213%2C300&amp;ssl=1\" data-large-file=\"https:\/\/i0.wp.com\/www.enrevenantdelexpo.com\/wp-content\/uploads\/2025\/09\/Pareidolie-2025-16.jpg?fit=696%2C978&amp;ssl=1\" src=\"data:image\/svg+xml,%3Csvg%20xmlns=\" http:=\"\" alt=\"Simon Roussin - Lucie, 37 ans, le tourbillon de la vie - Portraits de Marseillais\u00b7es tatou\u00e9\u00b7es - Pareidolie 2025\" class=\"wp-image-66864\" data-lazy- data-lazy- data-lazy-src=\"https:\/\/www.europesays.com\/fr\/wp-content\/uploads\/2025\/09\/Pareidolie-2025-16.jpg\"\/><strong>Simon Roussin<\/strong> \u2013 Lucie, 37 ans, le tourbillon de la vie \u2013 Portraits de Marseillais\u00b7es tatou\u00e9\u00b7es \u2013 Pareidolie 2025<\/p>\n<p><strong>Lucie, 37 ans, le tourbillon de la vie<\/strong><br \/>Lucie est moqueuse. Petite, elle chambrait d\u00e9j\u00e0 son p\u00e8re sur le magnifique indien des plaines qu\u2019il arborait sur le bras. Son h\u00e9ros rentrait tout juste d\u2019un voyage aux \u00c9tats-Unis et y avait laiss\u00e9 quelques plumes. Sans le savoir, il lui apprend que la peau vaudra toujours mieux qu\u2019un cahier et que toutes les encres n\u2019ont pas la m\u00eame intensit\u00e9. Ancienne \u00e9tudiante des Beaux-Arts, peintre amoureuse des gens couch\u00e9s, elle envisage son corps comme un bloc-notes, o\u00f9 elle empile ses obsessions sur le bras droit des reproductions de tableaux aim\u00e9s, sur la jambe gauche 50 nuances de tigres, ailleurs le bazar organis\u00e9. Difficile de ne pas remarquer les fleurs qui pullulent un peu partout sur son \u00e9piderme, elles poussent au gr\u00e9 du temps et \u00e0 mesure qu\u2019elle sculpte son corps: gr\u00e2ce au tatouage, elle apprend \u00e0 l\u2019aimer. \u00c0 ses yeux, Il devient plus harmonieux, plus joyeux, plus sensuel encore. En r\u00e9alit\u00e9, Lucie est en mutation. Son corps est en mouvement, l\u2019ancien pr\u00e9nom d\u2019un amoureux se transforme en part de pizza, un acte sexuel peut en cacher un autre et quand elle se rase une partie de la t\u00eate, un vortex appara\u00eet. C\u2019est peut-\u00eatre son tatouage le plus impressionnant, une esp\u00e8ce de tornade qui lui tourne autour de l\u2019oreille et se prolonge dans le cou. L\u2019exercice du tatoo est une spirale familiale qui emporte tout sur son passage, 30 ans apr\u00e8s l\u2019indien, son p\u00e8re continue le voyage, il vient d\u2019inscrire sur son bras: \u00ab\u00a0Cheyenne de vie\u00a0\u00bb I Lucie lui tenait la main.<\/p>\n<p><img loading=\"lazy\" data-recalc-dims=\"1\" decoding=\"async\" width=\"696\" height=\"944\" data-attachment-id=\"66866\" data-permalink=\"https:\/\/www.enrevenantdelexpo.com\/pareidolie-2025-18\/\" data-orig-file=\"https:\/\/i0.wp.com\/www.enrevenantdelexpo.com\/wp-content\/uploads\/2025\/09\/Pareidolie-2025-18.jpg?fit=1199%2C1626&amp;ssl=1\" data-orig-size=\"1199,1626\" data-comments-opened=\"1\" data-image-meta=\"{&quot;aperture&quot;:&quot;0&quot;,&quot;credit&quot;:&quot;&quot;,&quot;camera&quot;:&quot;&quot;,&quot;caption&quot;:&quot;&quot;,&quot;created_timestamp&quot;:&quot;0&quot;,&quot;copyright&quot;:&quot;&quot;,&quot;focal_length&quot;:&quot;0&quot;,&quot;iso&quot;:&quot;0&quot;,&quot;shutter_speed&quot;:&quot;0&quot;,&quot;title&quot;:&quot;&quot;,&quot;orientation&quot;:&quot;0&quot;}\" data-image-title=\"Cagne Canine (Zo\u00e9 Jollive, dit) \u2013 Nadia, 45 ans, tout sur ma grand-m\u00e8re \u2013 Portraits de Marseillais\u00b7es tatou\u00e9\u00b7es \u2013 Pareidolie 2025\" data-image-description=\"\" data-image-caption=\"&lt;p&gt;Cagne Canine (Zo\u00e9 Jollive, dit) \u2013 Nadia, 45 ans, tout sur ma grand-m\u00e8re \u2013 Portraits de Marseillais\u00b7es tatou\u00e9\u00b7es \u2013 Pareidolie 2025&lt;\/p&gt;&#10;\" data-medium-file=\"https:\/\/i0.wp.com\/www.enrevenantdelexpo.com\/wp-content\/uploads\/2025\/09\/Pareidolie-2025-18.jpg?fit=221%2C300&amp;ssl=1\" data-large-file=\"https:\/\/i0.wp.com\/www.enrevenantdelexpo.com\/wp-content\/uploads\/2025\/09\/Pareidolie-2025-18.jpg?fit=696%2C944&amp;ssl=1\" src=\"data:image\/svg+xml,%3Csvg%20xmlns=\" http:=\"\" alt=\"Cagne Canine (Zo\u00e9 Jollive, dit) - Nadia, 45 ans, tout sur ma grand-m\u00e8re - Portraits de Marseillais\u00b7es tatou\u00e9\u00b7es - Pareidolie 2025\" class=\"wp-image-66866\" data-lazy- data-lazy- data-lazy-src=\"https:\/\/www.europesays.com\/fr\/wp-content\/uploads\/2025\/09\/Pareidolie-2025-18.jpg\"\/><strong>Cagne Canine (Zo\u00e9 Jollive, dit)<\/strong> \u2013 Nadia, 45 ans, tout sur ma grand-m\u00e8re \u2013 Portraits de Marseillais\u00b7es tatou\u00e9\u00b7es \u2013 Pareidolie 2025<\/p>\n<p><strong>Nadia, 45 ans, tout sur ma grand-m\u00e8re<br \/><\/strong>Nadia se souvient tr\u00e8s pr\u00e9cis\u00e9ment de sa premi\u00e8re d\u00e9claration d\u2019amour. \u00c0 6 ans, elle adresse une missive anonyme \u00e0 sa directrice d\u2019\u00e9cole. La prof ne saura jamais que la lettre venait d\u2019elle. Nadia, en revanche, comprend qu\u2019il faudra composer entre son identit\u00e9 et sa sexualit\u00e9. N\u00e9e dans une famille d\u2019origine marocaine, de culture musulmane, elle est la seule de ses sept fr\u00e8res et s\u0153urs \u00e0 ne pas trop fr\u00e9quenter la mosqu\u00e9e. \u00c0 l\u2019ombre des jeunes filles en feu, elle soigne son art de la dissimulation. \u00c0 36 ans, une amie lui reproduit sur l\u2019avant-bras un assemblage des tatouages amazighs que sa grand-m\u00e8re, la bien nomm\u00e9e Mouy Khallouka, arborait sur le visage et le corps. Un enchev\u00eatrement de triangles et un croissant de lune comme un hommage \u00e0 ce personnage fantasmagorique et marquant, une badass un peu radine, crainte et respect\u00e9e. Et m\u00eame si c\u2019est une autre d\u00e9claration d\u2019amour, pas question de s\u2019afficher. Quand elle va au bled, elle transpire dans de longues chemises qui ne d\u00e9voilent jamais ses bras. M\u00eame sa maman, tant aim\u00e9e, n\u2019a jamais aper\u00e7u ce tatouage. Tellement secret que Nadia elle-m\u00eame n\u2019a pas termin\u00e9 de le d\u00e9chiffrer. Aujourd\u2019hui encore, elle fouille les archives pour comprendre les origines de ces dessins, un r\u00f4le d\u2019enqu\u00eatrice qui lui convient\u2026 c\u2019est enfin elle qui pose les questions !<\/p>\n<p><img loading=\"lazy\" data-recalc-dims=\"1\" decoding=\"async\" width=\"696\" height=\"950\" data-attachment-id=\"66865\" data-permalink=\"https:\/\/www.enrevenantdelexpo.com\/pareidolie-2025-17\/\" data-orig-file=\"https:\/\/i0.wp.com\/www.enrevenantdelexpo.com\/wp-content\/uploads\/2025\/09\/Pareidolie-2025-17.jpg?fit=1199%2C1636&amp;ssl=1\" data-orig-size=\"1199,1636\" data-comments-opened=\"1\" data-image-meta=\"{&quot;aperture&quot;:&quot;0&quot;,&quot;credit&quot;:&quot;&quot;,&quot;camera&quot;:&quot;&quot;,&quot;caption&quot;:&quot;&quot;,&quot;created_timestamp&quot;:&quot;0&quot;,&quot;copyright&quot;:&quot;&quot;,&quot;focal_length&quot;:&quot;0&quot;,&quot;iso&quot;:&quot;0&quot;,&quot;shutter_speed&quot;:&quot;0&quot;,&quot;title&quot;:&quot;&quot;,&quot;orientation&quot;:&quot;0&quot;}\" data-image-title=\"Nine Antico \u2013 Tony, 41 ans, gros poisson  \u2013 Portraits de Marseillais\u00b7es tatou\u00e9\u00b7es \u2013 Pareidolie 2025\" data-image-description=\"\" data-image-caption=\"&lt;p&gt;Nine Antico \u2013 Tony, 41 ans, gros poisson  \u2013 Portraits de Marseillais\u00b7es tatou\u00e9\u00b7es \u2013 Pareidolie 2025&lt;\/p&gt;&#10;\" data-medium-file=\"https:\/\/i0.wp.com\/www.enrevenantdelexpo.com\/wp-content\/uploads\/2025\/09\/Pareidolie-2025-17.jpg?fit=220%2C300&amp;ssl=1\" data-large-file=\"https:\/\/i0.wp.com\/www.enrevenantdelexpo.com\/wp-content\/uploads\/2025\/09\/Pareidolie-2025-17.jpg?fit=696%2C950&amp;ssl=1\" src=\"data:image\/svg+xml,%3Csvg%20xmlns=\" http:=\"\" alt=\"Nine Antico - Tony, 41 ans, gros poisson - Portraits de Marseillais\u00b7es tatou\u00e9\u00b7es - Pareidolie 2025\" class=\"wp-image-66865\" data-lazy- data-lazy- data-lazy-src=\"https:\/\/www.europesays.com\/fr\/wp-content\/uploads\/2025\/09\/Pareidolie-2025-17.jpg\"\/>Nine Antico \u2013 Tony, 41 ans, gros poisson  \u2013 Portraits de Marseillais\u00b7es tatou\u00e9\u00b7es \u2013 Pareidolie 2025<\/p>\n<p><strong>Tony, 41 ans, gros poisson<br \/><\/strong>Entre le tatouage et Tony, \u00e7a avait mal commenc\u00e9. \u00c0 20 ans, il se rend dans un salon rue des Bergers pour se faire une raie manta dans le dos. N\u00e9 \u00e0 Marseille du c\u00f4t\u00e9 d\u2019Air-bel, les fonds marins font partie int\u00e9grante de son quotidien, fou de sports nautiques et des calanques o\u00f9 il passe une partie de sa vie. Probl\u00e8me, le patron absent ce jour-l\u00e0 est remplac\u00e9 au pied lev\u00e9 par un ami moins dou\u00e9 que lui\u2026 L\u2019affaire est rat\u00e9e, une alle est plus \u00e9paisse que l\u2019autre, le masque mahorais au centre de la b\u00eate semble porter un appareil dentaire ! Tony refuse de payer et l\u2019auteur du m\u00e9fait finira la gueule en biais. Plus tard, un autre tatoueur arrange le gros poisson, Tony apprend \u00e0 l\u2019aimer. Une domestication qui fait \u00e9cho \u00e0 son enfance, lorsque son papa qui l\u2019a \u00e9lev\u00e9 seul l\u2019emmenait p\u00eacher toute la journ\u00e9e. Mo\u00efse que tout le monde appelait Maurice, n\u00e9 \u00e0 Oran, \u00e9tait un personnage inoubliable, \u00e0 l\u2019ancienne, du genre \u00e0 devenir ami avec le patron d\u2019une banque braqu\u00e9e vingt ans plus t\u00f4t. Depuis sa mort en 2022, Tony se rend trois fois par semaine sur la Corniche, tout pr\u00e8s de l\u2019h\u00e9lice o\u00f9 son p\u00e8re avait l\u2019habitude de poser sa canne \u00e0 p\u00eache. Coll\u00e9 \u00e0 l\u2019hommage \u00e0 ceux qui ont travers\u00e9 la M\u00e9diterran\u00e9e en 1962, il se rem\u00e9more le pass\u00e9 et fait marcher la machine \u00e0 remonter le temps. \u00c0 cet endroit o\u00f9 voltigent encore les cendres de son p\u00e8re, il fomente son prochain tatouage: une photo de sa main dans celle de son p\u00e8re. Celui qui h\u00e9ritera de cette mission n\u2019aura pas int\u00e9r\u00eat \u00e0 se louper.<\/p>\n<p><strong>Jimmy Richer, tarot du rameau d\u2019or et tatouages \u00e9ph\u00e9m\u00e8res<\/strong><\/p>\n<p>Pendant toute la dur\u00e9e du salon, <strong>Jimmy Richer<\/strong> a partag\u00e9 sa vision personnelle de la <strong>cartomancie<\/strong> autour de son tarot du rameau d\u2019or. Selon un protocole d\u00e9fini pour la performance, un tirage de cartes \u00e9tait propos\u00e9 \u00e0 chaque participant\u00b7e ; la derni\u00e8re carte tir\u00e9e \u00e9tait retenue comme motif d\u2019un tatouage \u00ab \u00e0 l\u2019aveugle \u00bb.<\/p>\n<p><img decoding=\"async\" data-attachment-id=\"66868\" data-permalink=\"https:\/\/www.enrevenantdelexpo.com\/pareidolie-2025-20\/\" data-orig-file=\"https:\/\/i0.wp.com\/www.enrevenantdelexpo.com\/wp-content\/uploads\/2025\/09\/Pareidolie-2025-20.jpg?fit=1199%2C1399&amp;ssl=1\" data-orig-size=\"1199,1399\" data-comments-opened=\"1\" data-image-meta=\"{&quot;aperture&quot;:&quot;0&quot;,&quot;credit&quot;:&quot;&quot;,&quot;camera&quot;:&quot;&quot;,&quot;caption&quot;:&quot;&quot;,&quot;created_timestamp&quot;:&quot;0&quot;,&quot;copyright&quot;:&quot;&quot;,&quot;focal_length&quot;:&quot;0&quot;,&quot;iso&quot;:&quot;0&quot;,&quot;shutter_speed&quot;:&quot;0&quot;,&quot;title&quot;:&quot;&quot;,&quot;orientation&quot;:&quot;0&quot;}\" data-image-title=\"Jimmy Richer, tarot du rameau d\u2019or \u2013 Pareidolie 2025\" data-image-description=\"\" data-image-caption=\"&lt;p&gt;Jimmy Richer, tarot du rameau d\u2019or \u2013 Pareidolie 2025&lt;\/p&gt;&#10;\" data-medium-file=\"https:\/\/i0.wp.com\/www.enrevenantdelexpo.com\/wp-content\/uploads\/2025\/09\/Pareidolie-2025-20.jpg?fit=257%2C300&amp;ssl=1\" data-large-file=\"https:\/\/i0.wp.com\/www.enrevenantdelexpo.com\/wp-content\/uploads\/2025\/09\/Pareidolie-2025-20.jpg?fit=696%2C812&amp;ssl=1\" role=\"button\" tabindex=\"0\" aria-label=\"Ouvrir l\u2019image 1 sur 3 en plein \u00e9cran data-lazy-\" alt=\"Jimmy Richer, tarot du rameau d'or - Pareidolie 2025\" data-height=\"1399\" data-id=\"66868\" data-link=\"https:\/\/www.enrevenantdelexpo.com\/pareidolie-2025-20\/\" data-url=\"https:\/\/www.enrevenantdelexpo.com\/wp-content\/uploads\/2025\/09\/Pareidolie-2025-20-878x1024.jpg\" data-width=\"1199\" src=\"data:image\/svg+xml,%3Csvg%20xmlns=\" http:=\"\" data-amp-layout=\"responsive\" data-lazy-src=\"https:\/\/www.europesays.com\/fr\/wp-content\/uploads\/2025\/09\/Pareidolie-2025-20-878x1024.jpg\"\/><\/p>\n<p>Dans le cadre du partenariat avec les Mus\u00e9es de Marseille, Jimmy Richer a \u00e9galement \u00e9t\u00e9 invit\u00e9 par le <strong>Mus\u00e9e des Beaux-Arts<\/strong> \u00e0 puiser cet \u00e9t\u00e9 dans les collections permanentes pour concevoir une s\u00e9rie de tatouages \u00e9ph\u00e9m\u00e8res inspir\u00e9s des chefs-d\u2019\u0153uvre du mus\u00e9e. Il a ainsi repris et d\u00e9tourn\u00e9 les titres d\u2019une dizaine d\u2019\u0153uvres \u2013 Le Ravissement de sainte Madeleine devenant par exemple Le Ravissement du M\u00e9c\u00e8ne \u2013 pour proposer un \u00e9cho satirique au contexte du Salon.<\/p>\n<p><strong>En savoir plus\u00a0:<\/strong><br \/>Sur le <a href=\"https:\/\/musees.marseille.fr\/tatouage-histoires-de-la-mediterranee\" rel=\"nofollow noopener\" target=\"_blank\">site des <strong>Mus\u00e9es de Marseille<\/strong><\/a><br \/>Suivre l\u2019actualit\u00e9 des <strong>Mus\u00e9es de Marseille<\/strong> sur <strong><a href=\"https:\/\/www.facebook.com\/museesmarseille\" target=\"_blank\" rel=\"noreferrer noopener nofollow\">Facebook<\/a><\/strong> et <strong><a href=\"https:\/\/www.instagram.com\/museesmarseille\/?hl=fr\" target=\"_blank\" rel=\"noreferrer noopener nofollow\">Instagram<\/a><\/strong><br \/>Sur le <a href=\"https:\/\/fotokino.org\/\" target=\"_blank\" rel=\"noreferrer noopener nofollow\">site de <strong>Fotokino<\/strong><\/a><br \/>Lire le dossier de <a href=\"https:\/\/reseau-dda.org\/fr\/artists\/jimmy-richer\" rel=\"nofollow noopener\" target=\"_blank\"><strong>Jimmy Richer<\/strong> s<\/a><a href=\"https:\/\/reseau-dda.org\/fr\/artists\/jimmy-richer\" target=\"_blank\" rel=\"noreferrer noopener nofollow\">u<\/a><a href=\"https:\/\/reseau-dda.org\/fr\/artists\/jimmy-richer\" rel=\"nofollow noopener\" target=\"_blank\">r <strong>ddaoccitanie.org<\/strong><\/a><br \/>Suivre l\u2019actualit\u00e9 de <strong>Jimmy Richer<\/strong> sur <strong><a href=\"https:\/\/www.instagram.com\/jimmy_richer\/\" rel=\"nofollow noopener\" target=\"_blank\">Instagram<\/a><\/strong><\/p>\n<p><script async src=\"\/\/www.instagram.com\/embed.js\"><\/script><\/p>\n","protected":false},"excerpt":{"rendered":"Chaque ann\u00e9e, Par\u00e9idolie confie une carte blanche \u00e0 une institution partenaire. En 2025, ce sont les Mus\u00e9es de&hellip;\n","protected":false},"author":2,"featured_media":363654,"comment_status":"","ping_status":"","sticky":false,"template":"","format":"standard","meta":{"footnotes":""},"categories":[2814],"tags":[1111,11,1777,674,1011,27,884,12,882,25],"class_list":{"0":"post-363653","1":"post","2":"type-post","3":"status-publish","4":"format-standard","5":"has-post-thumbnail","7":"category-marseille","8":"tag-actu","9":"tag-actualites","10":"tag-eu","11":"tag-europe","12":"tag-fr","13":"tag-france","14":"tag-marseille","15":"tag-news","16":"tag-provence-alpes-cote-dazur","17":"tag-republique-francaise"},"share_on_mastodon":{"url":"https:\/\/pubeurope.com\/@fr\/115141320638509120","error":""},"_links":{"self":[{"href":"https:\/\/www.europesays.com\/fr\/wp-json\/wp\/v2\/posts\/363653","targetHints":{"allow":["GET"]}}],"collection":[{"href":"https:\/\/www.europesays.com\/fr\/wp-json\/wp\/v2\/posts"}],"about":[{"href":"https:\/\/www.europesays.com\/fr\/wp-json\/wp\/v2\/types\/post"}],"author":[{"embeddable":true,"href":"https:\/\/www.europesays.com\/fr\/wp-json\/wp\/v2\/users\/2"}],"replies":[{"embeddable":true,"href":"https:\/\/www.europesays.com\/fr\/wp-json\/wp\/v2\/comments?post=363653"}],"version-history":[{"count":0,"href":"https:\/\/www.europesays.com\/fr\/wp-json\/wp\/v2\/posts\/363653\/revisions"}],"wp:featuredmedia":[{"embeddable":true,"href":"https:\/\/www.europesays.com\/fr\/wp-json\/wp\/v2\/media\/363654"}],"wp:attachment":[{"href":"https:\/\/www.europesays.com\/fr\/wp-json\/wp\/v2\/media?parent=363653"}],"wp:term":[{"taxonomy":"category","embeddable":true,"href":"https:\/\/www.europesays.com\/fr\/wp-json\/wp\/v2\/categories?post=363653"},{"taxonomy":"post_tag","embeddable":true,"href":"https:\/\/www.europesays.com\/fr\/wp-json\/wp\/v2\/tags?post=363653"}],"curies":[{"name":"wp","href":"https:\/\/api.w.org\/{rel}","templated":true}]}}