{"id":363655,"date":"2025-09-03T16:31:12","date_gmt":"2025-09-03T16:31:12","guid":{"rendered":"https:\/\/www.europesays.com\/fr\/363655\/"},"modified":"2025-09-03T16:31:12","modified_gmt":"2025-09-03T16:31:12","slug":"lassaillant-avait-ete-condamne-a-de-la-prison-ferme-en-mai","status":"publish","type":"post","link":"https:\/\/www.europesays.com\/fr\/363655\/","title":{"rendered":"l&rsquo;assaillant avait \u00e9t\u00e9 condamn\u00e9 \u00e0 de la prison ferme en mai"},"content":{"rendered":"<p class=\"article-p mdl\">Un suspect d\u00e9j\u00e0 condamn\u00e9. Le mardi 2 septembre 2025, un homme arm\u00e9 de deux couteaux\u00a0<a class=\"link\" href=\"https:\/\/www.rtl.fr\/actu\/justice-faits-divers\/tunisien-en-situation-reguliere-menaces-mobile-ce-que-l-on-sait-du-profil-du-suspect-de-l-attaque-a-marseille-7900536888\" title=\"Tunisien en situation r\u00e9guli\u00e8re, menaces, mobile\u2026 Ce que l&#039;on sait du profil du suspect de l&#039;attaque \u00e0 Marseille\" target=\"_blank\" rel=\"noopener\">s&rsquo;\u00e9tait attaqu\u00e9 \u00e0 plusieurs personnes dans un h\u00f4tel du 1er arrondissement de Marseille<\/a>\u00a0avant de poursuivre son p\u00e9riple dans la rue o\u00f9 il a agress\u00e9 d&rsquo;autres individus.<br \/>D&rsquo;origine tunisienne et en situation r\u00e9guli\u00e8re sur le territoire fran\u00e7ais, il a \u00e9t\u00e9 abattu par la police. Selon le procureur de la R\u00e9publique, qui a tenu une conf\u00e9rence de presse au lendemain de l&rsquo;attaque, il avait \u00e9t\u00e9 condamn\u00e9 quelques mois plus t\u00f4t.<\/p>\n<p class=\"article-p mdl\">\u00ab\u00a0L\u2019individu a \u00e9t\u00e9 mis en cause en 2023 dans une proc\u00e9dure de <strong>violence avec arme sur son neveu,<\/strong> ce qui a entra\u00een\u00e9 sa condamnation en mai 2025 par le tribunal de La Rochelle\u00a0\u00bb, a r\u00e9v\u00e9l\u00e9 le procureur\u00a0de la R\u00e9publique de Marseille, Nicolas Bessone.\u00a0<strong>Condamn\u00e9 \u00e0 quatre ans de prison, dont trois ans avec sursis,<\/strong> il avait fait appel de sa peine.\u00a0<\/p>\n<p>            D\u00e9j\u00e0 connu pour des probl\u00e8mes d&rsquo;addiction et des propos antis\u00e9mites<\/p>\n<p class=\"article-p mdl\">Le procureur a \u00e9galement donn\u00e9 plus de d\u00e9tails sur la personnalit\u00e9 de l&rsquo;assaillant. \u00ab\u00a0Sur le plan d&rsquo;une \u00e9ventuelle radicalisation, il a fait l&rsquo;objet d&rsquo;un criblage dont il ressortait que <strong>l&rsquo;individu n&rsquo;apparaissait pas radicalis\u00e9,<\/strong> mais souffrant de troubles psychiatriques\u00a0\u00bb, a-t-il d\u00e9clar\u00e9. Il \u00e9tait aussi connu pour \u00ab\u00a0sa violence et de ses probl\u00e8mes d&rsquo;addiction \u00e0 la fois \u00e0 la coca\u00efne et \u00e0 l&rsquo;alcool\u00a0\u00bb.<\/p>\n<p class=\"article-p mdl\">L&rsquo;individu avait \u00e9galement \u00e9t\u00e9 signal\u00e9 \u00e0 la justice pour avoir tenu des propos antis\u00e9mites. En pleine pri\u00e8re \u00e0 la mosqu\u00e9e de S\u00e8te (H\u00e9rault), \u00ab\u00a0il prenait la parole en <strong>sous-entendant que le pays \u00e9tait gouvern\u00e9 par des juifs et des sionistes, <\/strong>ce qui lui valait une convocation pour\u00a0<a class=\"link\" href=\"https:\/\/www.rtl.fr\/actu\/justice-faits-divers\/info-rtl-neuilly-sur-seine-un-individu-interpelle-apres-avoir-menace-des-passants-au-couteau-devant-une-synagogue-7900535515\" title=\"INFO RTL - Neuilly-sur-Seine : un individu interpell\u00e9 apr\u00e8s avoir menac\u00e9 des passants au couteau devant une synagogue\" target=\"_blank\" rel=\"noopener\">provocation \u00e0 la haine<\/a>\u00a0en raison de l&rsquo;origine ou de la religion et devait \u00eatre jug\u00e9 en octobre au tribunal judiciaire de Montpellier\u00a0\u00bb.<\/p>\n<p>    La r\u00e9daction vous recommande<\/p>\n<p class=\"s-newsletter__title\">\n                L\u2019actualit\u00e9 par la r\u00e9daction de RTL dans votre bo\u00eete mail.\n            <\/p>\n<p class=\"s-newsletter__subtitle\">\n                Gr\u00e2ce \u00e0 votre compte RTL abonnez-vous \u00e0 la newsletter RTL info pour suivre toute l&rsquo;actualit\u00e9 au quotidien\n            <\/p>\n<p>\n                                    Lire la suite\n                                <\/p>\n","protected":false},"excerpt":{"rendered":"Un suspect d\u00e9j\u00e0 condamn\u00e9. Le mardi 2 septembre 2025, un homme arm\u00e9 de deux couteaux\u00a0s&rsquo;\u00e9tait attaqu\u00e9 \u00e0 plusieurs&hellip;\n","protected":false},"author":2,"featured_media":363656,"comment_status":"","ping_status":"","sticky":false,"template":"","format":"standard","meta":{"footnotes":""},"categories":[2814],"tags":[1111,11,898,1067,1777,674,118,107,1011,27,884,12,1072,882,25],"class_list":{"0":"post-363655","1":"post","2":"type-post","3":"status-publish","4":"format-standard","5":"has-post-thumbnail","7":"category-marseille","8":"tag-actu","9":"tag-actualites","10":"tag-alerte","11":"tag-enquete","12":"tag-eu","13":"tag-europe","14":"tag-faits-divers","15":"tag-fil-info","16":"tag-fr","17":"tag-france","18":"tag-marseille","19":"tag-news","20":"tag-police","21":"tag-provence-alpes-cote-dazur","22":"tag-republique-francaise"},"share_on_mastodon":{"url":"https:\/\/pubeurope.com\/@fr\/115141324540646313","error":""},"_links":{"self":[{"href":"https:\/\/www.europesays.com\/fr\/wp-json\/wp\/v2\/posts\/363655","targetHints":{"allow":["GET"]}}],"collection":[{"href":"https:\/\/www.europesays.com\/fr\/wp-json\/wp\/v2\/posts"}],"about":[{"href":"https:\/\/www.europesays.com\/fr\/wp-json\/wp\/v2\/types\/post"}],"author":[{"embeddable":true,"href":"https:\/\/www.europesays.com\/fr\/wp-json\/wp\/v2\/users\/2"}],"replies":[{"embeddable":true,"href":"https:\/\/www.europesays.com\/fr\/wp-json\/wp\/v2\/comments?post=363655"}],"version-history":[{"count":0,"href":"https:\/\/www.europesays.com\/fr\/wp-json\/wp\/v2\/posts\/363655\/revisions"}],"wp:featuredmedia":[{"embeddable":true,"href":"https:\/\/www.europesays.com\/fr\/wp-json\/wp\/v2\/media\/363656"}],"wp:attachment":[{"href":"https:\/\/www.europesays.com\/fr\/wp-json\/wp\/v2\/media?parent=363655"}],"wp:term":[{"taxonomy":"category","embeddable":true,"href":"https:\/\/www.europesays.com\/fr\/wp-json\/wp\/v2\/categories?post=363655"},{"taxonomy":"post_tag","embeddable":true,"href":"https:\/\/www.europesays.com\/fr\/wp-json\/wp\/v2\/tags?post=363655"}],"curies":[{"name":"wp","href":"https:\/\/api.w.org\/{rel}","templated":true}]}}