{"id":363659,"date":"2025-09-03T16:33:12","date_gmt":"2025-09-03T16:33:12","guid":{"rendered":"https:\/\/www.europesays.com\/fr\/363659\/"},"modified":"2025-09-03T16:33:12","modified_gmt":"2025-09-03T16:33:12","slug":"lyon-deux-lyonnais-dans-la-premiere-liste-du-prix-goncourt","status":"publish","type":"post","link":"https:\/\/www.europesays.com\/fr\/363659\/","title":{"rendered":"Lyon. Deux Lyonnais dans la premi\u00e8re liste du Prix Goncourt"},"content":{"rendered":"<p>Le 6\u00a0juin 2012, une cycliste de 54 ans est percut\u00e9e violemment par une moto rue Romarin dans le 1er \u00a0arrondissement lyonnais. Apr\u00e8s une semaine de coma, elle succombera \u00e0 ses blessures. L\u2019auteur des faits conduisait sous l\u2019emprise du cannabis.<\/p>\n<p>Treize ans plus tard, son fils, le journaliste Paul Gasnier publie chez Gallimard, son premier roman Collision. \u00c0 travers une enqu\u00eate intime et passionnante, le n\u00e9o-romancier creuse sous la surface de ce fait divers o\u00f9 se sont percut\u00e9es deux personnes qui appartenaient \u00e0 des univers qui ne se rencontrent que par accident.\u00a0Cette premi\u00e8re publication qui vient de lui valoir une nomination dans la premi\u00e8re s\u00e9lection du Prix Goncourt.<\/p>\n<p>  Parmi les quinze s\u00e9lectionn\u00e9s<\/p>\n<p>Dans la liste rendue publique ce mercredi 3 septembre, on trouve \u00e9galement l&rsquo;\u00e9crivain Guillaume Poix, nomm\u00e9 pour son ouvrage Perp\u00e9tuit\u00e9, aux \u00e9ditions Verticales. Ce cinqui\u00e8me roman plonge au coeur d&rsquo;une maison d&rsquo;arr\u00eat du sud de la France o\u00f9 les surveillants prennent leur service de nuit dans une institution au bord du gouffre.<\/p>\n<p>La liste \u00e9tablie par les dix membres de l\u2019acad\u00e9mie Goncourt a s\u00e9lectionn\u00e9 au total quinze auteurs parmi lesquels <a href=\"https:\/\/www.leprogres.fr\/culture-loisirs\/2022\/01\/25\/rendez-vous-avec-l-auteur-maria-pourchet-en-lice-pour-le-prix-summer\" target=\"_blank\" rel=\"nofollow noopener\">Maria Pourchet<\/a> , <a href=\"https:\/\/www.leprogres.fr\/culture-loisirs\/2025\/08\/28\/kolkhoze-d-emmanuel-carrere-le-phenomene-de-la-rentree-litteraire-est-disponible-ce-jeudi\" target=\"_blank\" rel=\"nofollow noopener\">Emmanuel Carr\u00e8re<\/a> et Alfred de Montesquiou.<\/p>\n<p>Les finalistes passeront de quinze \u00e0 huit le 7\u00a0octobre puis \u00e0 quatre le 28\u00a0octobre. Le prix sera, quant \u00e0 lui, remis le 4\u00a0novembre \u00e0 Paris.<\/p>\n","protected":false},"excerpt":{"rendered":"Le 6\u00a0juin 2012, une cycliste de 54 ans est percut\u00e9e violemment par une moto rue Romarin dans le&hellip;\n","protected":false},"author":2,"featured_media":363660,"comment_status":"","ping_status":"","sticky":false,"template":"","format":"standard","meta":{"footnotes":""},"categories":[1889],"tags":[1111,11,2430,1687,2757,1777,674,274,1011,27,2410,2428,2756,12,25,2429,3151,104,2205],"class_list":{"0":"post-363659","1":"post","2":"type-post","3":"status-publish","4":"format-standard","5":"has-post-thumbnail","7":"category-lyon","8":"tag-actu","9":"tag-actualites","10":"tag-auvergne-rhone-alpes","11":"tag-culture-loisirs","12":"tag-edition-lyon-villeurbanne","13":"tag-eu","14":"tag-europe","15":"tag-faits-divers-justice","16":"tag-fr","17":"tag-france","18":"tag-livres-bd","19":"tag-lyon","20":"tag-lyon-bassin","21":"tag-news","22":"tag-republique-francaise","23":"tag-rhone","24":"tag-selection-de-la-redaction-69","25":"tag-societe","26":"tag-television-medias"},"share_on_mastodon":{"url":"https:\/\/pubeurope.com\/@fr\/115141332333022004","error":""},"_links":{"self":[{"href":"https:\/\/www.europesays.com\/fr\/wp-json\/wp\/v2\/posts\/363659","targetHints":{"allow":["GET"]}}],"collection":[{"href":"https:\/\/www.europesays.com\/fr\/wp-json\/wp\/v2\/posts"}],"about":[{"href":"https:\/\/www.europesays.com\/fr\/wp-json\/wp\/v2\/types\/post"}],"author":[{"embeddable":true,"href":"https:\/\/www.europesays.com\/fr\/wp-json\/wp\/v2\/users\/2"}],"replies":[{"embeddable":true,"href":"https:\/\/www.europesays.com\/fr\/wp-json\/wp\/v2\/comments?post=363659"}],"version-history":[{"count":0,"href":"https:\/\/www.europesays.com\/fr\/wp-json\/wp\/v2\/posts\/363659\/revisions"}],"wp:featuredmedia":[{"embeddable":true,"href":"https:\/\/www.europesays.com\/fr\/wp-json\/wp\/v2\/media\/363660"}],"wp:attachment":[{"href":"https:\/\/www.europesays.com\/fr\/wp-json\/wp\/v2\/media?parent=363659"}],"wp:term":[{"taxonomy":"category","embeddable":true,"href":"https:\/\/www.europesays.com\/fr\/wp-json\/wp\/v2\/categories?post=363659"},{"taxonomy":"post_tag","embeddable":true,"href":"https:\/\/www.europesays.com\/fr\/wp-json\/wp\/v2\/tags?post=363659"}],"curies":[{"name":"wp","href":"https:\/\/api.w.org\/{rel}","templated":true}]}}