{"id":363665,"date":"2025-09-03T16:37:12","date_gmt":"2025-09-03T16:37:12","guid":{"rendered":"https:\/\/www.europesays.com\/fr\/363665\/"},"modified":"2025-09-03T16:37:12","modified_gmt":"2025-09-03T16:37:12","slug":"pourquoi-cet-elu-du-11e-arrondissement-interpelle-t-il-les-passants-avec-un-rat-sur-lepaule","status":"publish","type":"post","link":"https:\/\/www.europesays.com\/fr\/363665\/","title":{"rendered":"Pourquoi cet \u00e9lu du 11e arrondissement interpelle-t-il les passants avec un rat sur l\u2019\u00e9paule ?"},"content":{"rendered":"<p><img alt=\"\" loading=\"lazy\" width=\"419\" height=\"268\" decoding=\"async\" data-nimg=\"1\" class=\"rounded-lg\" style=\"color:transparent\" src=\"https:\/\/www.europesays.com\/fr\/wp-content\/uploads\/2025\/09\/87054fee19682d86c3cd72ef76a310c5.jpeg\"\/><\/p>\n<p class=\"mb-4 text-lg md:leading-8 break-words\"><strong>rat-bibocher &#8211; Gr\u00e9gory Moreau, \u00e9lu du Parti animaliste et adjoint \u00e0 la mairie du 11e\u00a0arrondissement, se balade avec un rat sur l\u2019\u00e9paule pour d\u00e9diaboliser ce rongeur qui a une fonction de nettoyeur des villes<\/strong><\/p>\n<p class=\"mb-4 text-lg md:leading-8 break-words\">Changer l\u2019<a href=\"https:\/\/www.20minutes.fr\/planete\/3026011-20210423-pourquoi-rats-villes-fascinent-toujours-autant-medias-populations?at_medium=RSS%20feed&amp;at_campaign=ynews&amp;utm_source=yahoo&amp;utm_medium=rss&amp;utm_campaign=news_feed&amp;utm_content=in_article_link\" rel=\"nofollow noopener\" target=\"_blank\" data-ylk=\"slk:image;elm:context_link;itc:0;sec:content-canvas\" class=\"link \">image<\/a> du rat, <a href=\"https:\/\/www.20minutes.fr\/planete\/4137437-20250206-pourquoi-nombre-rats-explose-nombreuses-villes?at_medium=RSS%20feed&amp;at_campaign=ynews&amp;utm_source=yahoo&amp;utm_medium=rss&amp;utm_campaign=news_feed&amp;utm_content=in_article_link\" rel=\"nofollow noopener\" target=\"_blank\" data-ylk=\"slk:tr\u00e8s pr\u00e9sent;elm:context_link;itc:0;sec:content-canvas\" class=\"link \">tr\u00e8s pr\u00e9sent<\/a> \u00e0 <a href=\"https:\/\/www.20minutes.fr\/paris\/?at_medium=RSS%20feed&amp;at_campaign=ynews&amp;utm_source=yahoo&amp;utm_medium=rss&amp;utm_campaign=news_feed&amp;utm_content=in_article_link\" rel=\"nofollow noopener\" target=\"_blank\" data-ylk=\"slk:Paris;elm:context_link;itc:0;sec:content-canvas\" class=\"link \">Paris<\/a>, c\u2019est la mission que s\u2019est donn\u00e9e Gr\u00e9gory Moreau. Elu du <a href=\"https:\/\/www.20minutes.fr\/politique\/parti-animaliste\/?at_medium=RSS%20feed&amp;at_campaign=ynews&amp;utm_source=yahoo&amp;utm_medium=rss&amp;utm_campaign=news_feed&amp;utm_content=in_article_link\" rel=\"nofollow noopener\" target=\"_blank\" data-ylk=\"slk:parti animaliste;elm:context_link;itc:0;sec:content-canvas\" class=\"link \">parti animaliste <\/a>et adjoint au maire du 11e\u00a0arrondissement de Paris, charg\u00e9 de l\u2019alimentation durable, de la condition animale et de la propret\u00e9, il a publi\u00e9 une vid\u00e9o en juin dernier, avec <a href=\"https:\/\/futur-asso.com\/?at_medium=RSS%20feed&amp;at_campaign=ynews&amp;utm_source=yahoo&amp;utm_medium=rss&amp;utm_campaign=news_feed&amp;utm_content=in_article_link\" rel=\"nofollow noopener\" target=\"_blank\" data-ylk=\"slk:l\u2019association \u00e9cologiste Futur;elm:context_link;itc:0;sec:content-canvas\" class=\"link \">l\u2019association \u00e9cologiste Futur<\/a>, o\u00f9 il se balade, un rat sur l\u2019\u00e9paule, pour changer l\u2019image du rongeur.<\/p>\n<p class=\"mb-4 text-lg md:leading-8 break-words\"><a href=\"https:\/\/www.franceinfo.fr\/environnement\/biodiversite\/animaux\/sans-eux-la-ville-ne-serait-pas-aussi-propre-un-elu-veut-reconcilier-les-parisiens-et-les-rats_7466749.html?at_medium=RSS%20feed&amp;at_campaign=ynews&amp;utm_source=yahoo&amp;utm_medium=rss&amp;utm_campaign=news_feed&amp;utm_content=in_article_link\" rel=\"nofollow noopener\" target=\"_blank\" data-ylk=\"slk:Il explique sa d\u00e9marche \u00e0 France Info;elm:context_link;itc:0;sec:content-canvas\" class=\"link \">Il explique sa d\u00e9marche \u00e0 France Info <\/a>alors que la population est \u00e9valu\u00e9e entre 3 \u00e0 5\u00a0millions de rats.<\/p>\n<p>Le surmulot n\u2019est pas le rat noir, vecteur de peste<\/p>\n<p class=\"mb-4 text-lg md:leading-8 break-words\">Peu enclin \u00e0 chercher le contact avec l\u2019humain, le rat ou surmulot est surtout un nettoyeur tr\u00e8s efficace. \u00ab\u00a0On arrive \u00e0 peu pr\u00e8s \u00e0 75 tonnes de d\u00e9chets organiques qui sont consomm\u00e9s chaque jour par le surmulot\u00a0\u00bb, rapporte l\u2019\u00e9lu. Et il bat en br\u00e8che l\u2019id\u00e9e qu\u2019il s\u2019agirait de la m\u00eame race dont les puces ont v\u00e9hicul\u00e9 la peste noire au XIVe\u00a0si\u00e8cle. \u00ab\u00a0Le surmulot ou Ratus norvegicus ou rat brun est le nom de l\u2019esp\u00e8ce qui peuple les rues de Paris. Le surmulot n\u2019a donc rien \u00e0 voir avec le rat noir.\u00a0\u00bb<\/p>\n<p class=\"mb-4 text-lg md:leading-8 break-words\">Conscient qu\u2019il faut n\u00e9anmoins r\u00e9guler la population, il explique que la taille de la population varie en fonction de la quantit\u00e9 de nourriture disponible. \u00ab\u00a0Les rats sortent en d\u00e9but de nuit. Si les sites visit\u00e9s sont nettoy\u00e9s en d\u00e9but de nuit, cela va d\u00e9courager les rats \u00e0 sortir\u00a0\u00bb, estime-t-il.<\/p>\n<p class=\"mb-4 text-lg md:leading-8 break-words\"><a href=\"https:\/\/www.20minutes.fr\/planete\/4170990-20250903-paris-pourquoi-elu-11e-arrondissement-interpelle-passants-rat-epaule?at_medium=RSS%20feed&amp;at_campaign=ynews&amp;utm_source=yahoo&amp;utm_medium=rss&amp;utm_campaign=news_feed&amp;utm_content=read_more_link&quot;\" rel=\"nofollow noopener\" target=\"_blank\" data-ylk=\"slk:Lire la suite sur 20minutes;elm:context_link;itc:0;sec:content-canvas\" class=\"link \">Lire la suite sur 20minutes<\/a><\/p>\n<p>\u00c0 lire aussi :<br \/><a href=\"https:\/\/www.20minutes.fr\/faits_divers\/4124177-20241129-seine-saint-denis-furets-chiens-vont-deratiser-certains-quartiers-ville?at_medium=RSS%20feed&amp;at_campaign=ynews&amp;utm_source=yahoo&amp;utm_medium=rss&amp;utm_campaign=news_feed&amp;utm_content=related_content_link\" rel=\"nofollow noopener\" target=\"_blank\" data-ylk=\"slk:Seine-Saint-Denis\u00a0: Des furets et des chiens vont d\u00e9ratiser certains quartiers de cette ville;elm:context_link;itc:0;sec:content-canvas\" class=\"link \">Seine-Saint-Denis\u00a0: Des furets et des chiens vont d\u00e9ratiser certains quartiers de cette ville<\/a><br \/><a href=\"https:\/\/www.20minutes.fr\/marseille\/4116599-20241019-marseille-comment-rat-devient-nouvel-embleme-cool-decale-ville?at_medium=RSS%20feed&amp;at_campaign=ynews&amp;utm_source=yahoo&amp;utm_medium=rss&amp;utm_campaign=news_feed&amp;utm_content=related_content_link\" rel=\"nofollow noopener\" target=\"_blank\" data-ylk=\"slk:Marseille\u00a0: Comment le rat devient un nouvel embl\u00e8me cool et d\u00e9cal\u00e9 de la ville;elm:context_link;itc:0;sec:content-canvas\" class=\"link \">Marseille\u00a0: Comment le rat devient un nouvel embl\u00e8me cool et d\u00e9cal\u00e9 de la ville<\/a><\/p>\n","protected":false},"excerpt":{"rendered":"rat-bibocher &#8211; Gr\u00e9gory Moreau, \u00e9lu du Parti animaliste et adjoint \u00e0 la mairie du 11e\u00a0arrondissement, se balade avec&hellip;\n","protected":false},"author":2,"featured_media":363666,"comment_status":"","ping_status":"","sticky":false,"template":"","format":"standard","meta":{"footnotes":""},"categories":[1888],"tags":[9073,1111,1928,11,1927,1777,674,1011,27,49843,12,1926,626,1925,9811,49844,25,49845],"class_list":{"0":"post-363665","1":"post","2":"type-post","3":"status-publish","4":"format-standard","5":"has-post-thumbnail","7":"category-paris","8":"tag-11e-arrondissement-de-paris","9":"tag-actu","10":"tag-actu-paris","11":"tag-actualites","12":"tag-actualites-paris","13":"tag-eu","14":"tag-europe","15":"tag-fr","16":"tag-france","17":"tag-mairie-du-11e-arrondissement","18":"tag-news","19":"tag-news-paris","20":"tag-paris","21":"tag-paris-news","22":"tag-rat","23":"tag-rat-noir","24":"tag-republique-francaise","25":"tag-surmulot"},"share_on_mastodon":{"url":"https:\/\/pubeurope.com\/@fr\/115141348123499898","error":""},"_links":{"self":[{"href":"https:\/\/www.europesays.com\/fr\/wp-json\/wp\/v2\/posts\/363665","targetHints":{"allow":["GET"]}}],"collection":[{"href":"https:\/\/www.europesays.com\/fr\/wp-json\/wp\/v2\/posts"}],"about":[{"href":"https:\/\/www.europesays.com\/fr\/wp-json\/wp\/v2\/types\/post"}],"author":[{"embeddable":true,"href":"https:\/\/www.europesays.com\/fr\/wp-json\/wp\/v2\/users\/2"}],"replies":[{"embeddable":true,"href":"https:\/\/www.europesays.com\/fr\/wp-json\/wp\/v2\/comments?post=363665"}],"version-history":[{"count":0,"href":"https:\/\/www.europesays.com\/fr\/wp-json\/wp\/v2\/posts\/363665\/revisions"}],"wp:featuredmedia":[{"embeddable":true,"href":"https:\/\/www.europesays.com\/fr\/wp-json\/wp\/v2\/media\/363666"}],"wp:attachment":[{"href":"https:\/\/www.europesays.com\/fr\/wp-json\/wp\/v2\/media?parent=363665"}],"wp:term":[{"taxonomy":"category","embeddable":true,"href":"https:\/\/www.europesays.com\/fr\/wp-json\/wp\/v2\/categories?post=363665"},{"taxonomy":"post_tag","embeddable":true,"href":"https:\/\/www.europesays.com\/fr\/wp-json\/wp\/v2\/tags?post=363665"}],"curies":[{"name":"wp","href":"https:\/\/api.w.org\/{rel}","templated":true}]}}