{"id":363673,"date":"2025-09-03T16:41:09","date_gmt":"2025-09-03T16:41:09","guid":{"rendered":"https:\/\/www.europesays.com\/fr\/363673\/"},"modified":"2025-09-03T16:41:09","modified_gmt":"2025-09-03T16:41:09","slug":"poutine-promet-datteindre-ses-objectifs-militairement-si-les-negociations-echouent","status":"publish","type":"post","link":"https:\/\/www.europesays.com\/fr\/363673\/","title":{"rendered":"Poutine promet d&rsquo;atteindre ses objectifs \u00ab\u00a0militairement\u00a0\u00bb si les n\u00e9gociations \u00e9chouent"},"content":{"rendered":"<p>\n\t\t<strong>Le pr\u00e9sident russe Vladimir Poutine a assur\u00e9 mercredi \u00eatre pr\u00eat \u00e0 atteindre \u00ab\u00a0militairement\u00a0\u00bb ses objectifs en Ukraine en cas d&rsquo;\u00e9chec des n\u00e9gociations de paix, jetant un froid \u00e0 la veille d&rsquo;une r\u00e9union d&rsquo;alli\u00e9s de Kiev \u00e0 Paris.<\/strong>\n\t<\/p>\n<p>Parall\u00e8lement, les attaques russes se sont poursuivies, faisant au moins neuf morts et sept bless\u00e9s apr\u00e8s des bombardements nocturnes qui ont priv\u00e9 d&rsquo;\u00e9lectricit\u00e9 des milliers de foyers ukrainiens.<br \/>Moscou et Kiev ont men\u00e9 trois sessions de pourparlers \u00e0 Istanbul de mai \u00e0 juillet sans avanc\u00e9e majeure pour mettre fin \u00e0 l&rsquo;invasion russe lanc\u00e9e en 2022.<br \/>Et si les rencontres entre Donald Trump et Vladimir Poutine en Alaska, puis entre le pr\u00e9sident am\u00e9ricain et Volodymyr Zelensky \u00e0 Washington avaient suscit\u00e9 des espoirs, ils se sont taris.<br \/>La rencontre annonc\u00e9e entre MM. Poutine et Zelensky ne s&rsquo;est pas mat\u00e9rialis\u00e9e et la Russie continue de formuler les m\u00eames demandes: que l&rsquo;Ukraine lui c\u00e8de cinq r\u00e9gions et renonce \u00e0 int\u00e9grer l&rsquo;Otan.<br \/>Dans ce contexte, Vladimir Poutine, qui s&rsquo;est rendu cette semaine en Chine pour un sommet r\u00e9gional et un d\u00e9fil\u00e9 militaire, a estim\u00e9 que Moscou \u00ab\u00a0devra r\u00e9soudre ses probl\u00e8mes militairement\u00a0\u00bb en Ukraine si les pourparlers avec Kiev n&rsquo;aboutissent pas.<br \/>\u00ab\u00a0Voyons comment se d\u00e9veloppera la situation\u00a0\u00bb, a ajout\u00e9 mercredi le dirigeant russe, tout en se f\u00e9licitant que ses troupes soient \u00ab\u00a0\u00e0 l&rsquo;offensive\u00a0\u00bb sur tous les secteurs du front, alors que l&rsquo;arm\u00e9e ukrainienne n&rsquo;a, selon lui, pas les moyens de mener \u00ab\u00a0de grandes op\u00e9rations offensives\u00a0\u00bb.<br \/>Vladimir Poutine a une nouvelle fois mis en cause la l\u00e9gitimit\u00e9 de son homologue ukrainien, tout en assurant \u00eatre pr\u00eat \u00e0 le rencontrer \u00e0 condition que ce soit dans la capitale russe. \u00ab\u00a0Si Zelensky est pr\u00eat, qu&rsquo;il vienne \u00e0 Moscou\u00a0\u00bb, a-t-il lanc\u00e9.<br \/>\u00ab\u00a0Poutine continue de semer la confusion chez tout le monde en faisant sciemment des propositions inacceptables\u00a0\u00bb, a r\u00e9torqu\u00e9 sur X le ministre ukrainien des Affaires \u00e9trang\u00e8res, Andri\u00ef Sybiga.<br \/>&#8211; \u00ab\u00a0Vieux ultimatums\u00a0\u00bb &#8211;<br \/>Selon le chef de la diplomatie russe Sergue\u00ef Lavrov, Moscou veut non seulement que l&rsquo;Ukraine fasse des concessions territoriales mais que ces annexions soient reconnues internationalement, condition pour une paix \u00ab\u00a0durable\u00a0\u00bb.<br \/>\u00ab\u00a0Les nouvelles r\u00e9alit\u00e9s territoriales qui sont apparues (&#8230;) doivent \u00eatre reconnues et formalis\u00e9es conform\u00e9ment \u00e0 la loi internationale\u00a0\u00bb, a-t-il d\u00e9clar\u00e9 dans un entretien publi\u00e9 mercredi.<br \/>Son homologue ukrainien, M. Sybiga, a imm\u00e9diatement d\u00e9nonc\u00e9 de \u00ab\u00a0vieux ultimatums\u00a0\u00bb qui prouvent selon lui que \u00ab\u00a0la Russie (&#8230;) ne montre pas la moindre disposition \u00e0 des n\u00e9gociations significatives\u00a0\u00bb.<br \/>Volodymyr Zelensky doit de son c\u00f4t\u00e9 retrouver jeudi \u00e0 Paris ses principaux alli\u00e9s, \u00e0 savoir la pr\u00e9sidente de la Commission europ\u00e9enne Ursula von der Leyen, le secr\u00e9taire g\u00e9n\u00e9ral de l&rsquo;Otan Mark Rutte et les dirigeants allemand, fran\u00e7ais et britannique.<br \/>Cette r\u00e9union sera notamment consacr\u00e9e aux garanties de s\u00e9curit\u00e9 que les Occidentaux pr\u00e9voient d&rsquo;offrir \u00e0 l&rsquo;Ukraine apr\u00e8s la conclusion d&rsquo;une paix.<br \/>Kiev esp\u00e8re obtenir le d\u00e9ploiement d&rsquo;un contingent militaire europ\u00e9en pour dissuader Moscou de toute nouvelle attaque ou des garanties de type Otan, si son adh\u00e9sion \u00e0 l&rsquo;Alliance est \u00e9cart\u00e9e.<br \/>M. Zelensky, en d\u00e9placement au Danemark mercredi, a par ailleurs dit esp\u00e9rer discuter jeudi avec Donald Trump de la possibilit\u00e9 d&rsquo;imposer des sanctions suppl\u00e9mentaires \u00e0 la Russie.<br \/>La Commission europ\u00e9enne avait annonc\u00e9 la semaine derni\u00e8re qu&rsquo;elle allait proposer sous peu aux pays membres de l&rsquo;UE un 19e paquet de sanctions.<br \/>&#8211; \u00ab\u00a0impunit\u00e9\u00a0\u00bb &#8211;<br \/>Sur le terrain, au moins neuf personnes ont \u00e9t\u00e9 tu\u00e9es mercredi et sept autres bless\u00e9es \u00e0 Kostiantynivka, ville de l&rsquo;est de l&rsquo;Ukraine situ\u00e9e pr\u00e8s du front, par des bombardements d&rsquo;artillerie et attaques de drones, selon le gouverneur r\u00e9gional, Vadym Filachkine.<br \/>Des frappes russes nocturnes ayant impliqu\u00e9 plus de 500 drones et missiles ont aussi touch\u00e9 l&rsquo;ouest du pays, provoquant des coupures de courant chez 30.000 foyers, selon les autorit\u00e9s locales.<br \/>\u00ab\u00a0Ces frappes sont clairement une d\u00e9monstration russe. Poutine montre son impunit\u00e9\u00a0\u00bb, a d\u00e9nonc\u00e9 M. Zelensky, appelant une nouvelle fois ses alli\u00e9s \u00e0 accro\u00eetre la pression sur l&rsquo;\u00e9conomie russe.<br \/>En Russie, une attaque ukrainienne de drone a tu\u00e9 un homme dans la r\u00e9gion de Koursk, a indiqu\u00e9 sur Telegram le gouverneur par int\u00e9rim Alexandre Khinchte\u00efn.<br \/>Le minist\u00e8re russe de la D\u00e9fense a revendiqu\u00e9, vid\u00e9o \u00e0 l&rsquo;appui, le contr\u00f4le \u00ab\u00a0d&rsquo;environ la moiti\u00e9 du territoire de la ville de Koupiansk\u00a0\u00bb, l&rsquo;une des cit\u00e9s menac\u00e9es par l&rsquo;avanc\u00e9e des forces de Moscou.<\/p>\n<p><b>Par Damien GAUDISSART, Thomas URBAIN &#8211; \u00a9 2025 AFP<\/b><\/p>\n<p class=\"article__tags\">Actualit\u00e9s du monde, AFP<\/p>\n","protected":false},"excerpt":{"rendered":"Le pr\u00e9sident russe Vladimir Poutine a assur\u00e9 mercredi \u00eatre pr\u00eat \u00e0 atteindre \u00ab\u00a0militairement\u00a0\u00bb ses objectifs en Ukraine en&hellip;\n","protected":false},"author":2,"featured_media":363674,"comment_status":"","ping_status":"","sticky":false,"template":"","format":"standard","meta":{"footnotes":""},"categories":[1590],"tags":[11,1777,674,12,220],"class_list":{"0":"post-363673","1":"post","2":"type-post","3":"status-publish","4":"format-standard","5":"has-post-thumbnail","7":"category-ukraine","8":"tag-actualites","9":"tag-eu","10":"tag-europe","11":"tag-news","12":"tag-ukraine"},"share_on_mastodon":{"url":"https:\/\/pubeurope.com\/@fr\/115141363848564184","error":""},"_links":{"self":[{"href":"https:\/\/www.europesays.com\/fr\/wp-json\/wp\/v2\/posts\/363673","targetHints":{"allow":["GET"]}}],"collection":[{"href":"https:\/\/www.europesays.com\/fr\/wp-json\/wp\/v2\/posts"}],"about":[{"href":"https:\/\/www.europesays.com\/fr\/wp-json\/wp\/v2\/types\/post"}],"author":[{"embeddable":true,"href":"https:\/\/www.europesays.com\/fr\/wp-json\/wp\/v2\/users\/2"}],"replies":[{"embeddable":true,"href":"https:\/\/www.europesays.com\/fr\/wp-json\/wp\/v2\/comments?post=363673"}],"version-history":[{"count":0,"href":"https:\/\/www.europesays.com\/fr\/wp-json\/wp\/v2\/posts\/363673\/revisions"}],"wp:featuredmedia":[{"embeddable":true,"href":"https:\/\/www.europesays.com\/fr\/wp-json\/wp\/v2\/media\/363674"}],"wp:attachment":[{"href":"https:\/\/www.europesays.com\/fr\/wp-json\/wp\/v2\/media?parent=363673"}],"wp:term":[{"taxonomy":"category","embeddable":true,"href":"https:\/\/www.europesays.com\/fr\/wp-json\/wp\/v2\/categories?post=363673"},{"taxonomy":"post_tag","embeddable":true,"href":"https:\/\/www.europesays.com\/fr\/wp-json\/wp\/v2\/tags?post=363673"}],"curies":[{"name":"wp","href":"https:\/\/api.w.org\/{rel}","templated":true}]}}