{"id":363675,"date":"2025-09-03T16:42:15","date_gmt":"2025-09-03T16:42:15","guid":{"rendered":"https:\/\/www.europesays.com\/fr\/363675\/"},"modified":"2025-09-03T16:42:15","modified_gmt":"2025-09-03T16:42:15","slug":"rubio-rencontre-sheinbaum-apres-lescalade-militaire-des-etats-unis-contre-les-cartels-lexpress","status":"publish","type":"post","link":"https:\/\/www.europesays.com\/fr\/363675\/","title":{"rendered":"Rubio rencontre Sheinbaum apr\u00e8s l&rsquo;escalade militaire des \u00c9tats-Unis contre les cartels \u2013 L&rsquo;Express"},"content":{"rendered":"<p class=\"paragraph article-body-paragraph article__item   article-body-paragraph--first \">La rencontre est pr\u00e9vue \u00e0 10H00 locales (16h00 GMT), avant une conf\u00e9rence de presse avec le ministre mexicain des Affaires \u00e9trang\u00e8res, Juan Ramon de la Fuente, selon le D\u00e9partement d&rsquo;\u00c9tat.<\/p>\n<p class=\"paragraph article-body-paragraph article__item   \">Peu avant la rencontre, Mme Sheinbaum au cours de sa traditionnelle conf\u00e9rence de presse quotidienne a r\u00e9fut\u00e9 avoir peur, et a ni\u00e9 que le Mexique soit contr\u00f4l\u00e9 par les cartels, comme l&rsquo;a insinu\u00e9 le pr\u00e9sident am\u00e9ricain Donald Trump vendredi dans une interview.<\/p>\n<p class=\"paragraph article-body-paragraph article__item   \">Ce n&rsquo;est pas vrai, ce qu&rsquo;il affirme est faux, a d\u00e9clar\u00e9 Mme Sheinbaum.<\/p>\n<p class=\"paragraph article-body-paragraph article__item   \">Le gouvernement Trump pr\u00e9sente la lutte contre le trafic de drogue comme l&rsquo;un de ses grandes priorit\u00e9s.<\/p>\n<p class=\"paragraph article-body-paragraph article__item   \">Plusieurs cartels mexicains, salvadoriens ou v\u00e9n\u00e9zu\u00e9liens ont \u00e9t\u00e9 d\u00e9clar\u00e9s organisations terroristes par Washington qui accuse notamment le pr\u00e9sident v\u00e9n\u00e9zu\u00e9lien Nicolas Maduro de diriger un r\u00e9seau de narcotrafic.<\/p>\n<p class=\"paragraph article-body-paragraph article__item   \">R\u00e9cemment, les autorit\u00e9s am\u00e9ricaines ont m\u00eame port\u00e9 \u00e0 50 millions de dollars la prime pour tout \u00e9l\u00e9ment permettant d&rsquo;aboutir \u00e0 son arrestation.<\/p>\n<p> Ligne rouge <\/p>\n<p class=\"paragraph article-body-paragraph article__item   \">Cette frappe am\u00e9ricaine, tuant 11 narcoterroristes, selon M. Trump, membres suppos\u00e9s du cartel v\u00e9n\u00e9zu\u00e9lien du Tren de Aragua transportant des stup\u00e9fiants \u00e0 destination des Etats-Unis, marque une escalade depuis la signature par le pr\u00e9sident am\u00e9ricain d&rsquo;un d\u00e9cret autorisant l&rsquo;utilisation de l&rsquo;arm\u00e9e contre les cartels de la drogue.<\/p>\n<p class=\"paragraph article-body-paragraph article__item   \">Avant de s&rsquo;envoler pour le Mexique, M. Rubio a rappel\u00e9 mardi la d\u00e9termination de Donald Trump \u00e0 utiliser toute la puissance des Etats-Unis pour \u00e9radiquer les cartels de la drogue, peu importe o\u00f9 ils op\u00e8rent, et dont une partie de la production transite par le Mexique.<\/p>\n<p class=\"paragraph article-body-paragraph article__item   \">Apr\u00e8s le d\u00e9ploiement de sept b\u00e2timents de guerre dans les Cara\u00efbes, la pr\u00e9sidente mexicaine a elle r\u00e9affirm\u00e9 que toute intervention militaire am\u00e9ricaine au Mexique constitue une ligne rouge. Nous n&rsquo;accepterons pas la subordination. Seulement une collaboration entre nations sur un pied d&rsquo;\u00e9galit\u00e9, a d\u00e9clar\u00e9 la pr\u00e9sidente mardi.<\/p>\n<p class=\"paragraph article-body-paragraph article__item   \">L&rsquo;administration Trump a d\u00e9j\u00e0 impos\u00e9 une s\u00e9rie de nouvelles sanctions dans l&rsquo;espoir d&rsquo;affaiblir les principaux cartels au Mexique. Le r\u00e9publicain attribue aux narcotrafiquants la responsabilit\u00e9 de l&rsquo;afflux massif de fentanyl aux Etats-Unis, le puissant opio\u00efde synth\u00e9tique qui fait des ravages.<\/p>\n<p class=\"paragraph article-body-paragraph article__item   \">Claudia Sheinbaum a jusqu&rsquo;\u00e0 pr\u00e9sent toujours veill\u00e9 \u00e0 se montrer conciliante avec les Etats-Unis, comme son pr\u00e9d\u00e9cesseur Andres Manuel Lopez Obrador, issu du m\u00eame parti de gauche, lors du premier mandat de Trump.<\/p>\n<p><img decoding=\"async\" src=\"https:\/\/www.europesays.com\/fr\/wp-content\/uploads\/2025\/09\/UFBVO3MMKRGEDPXVHOY3Y37OSY.jpg\" class=\"image-with-legend__cover-img\" alt=\"La pr\u00e9sidente mexicaine Claudia Sheinbaum lors d'une conf\u00e9rence de presse \u00e0 Mexico, le 26 ao\u00fbt 2025\" width=\"883\" height=\"0\" loading=\"lazy\"\/><\/p>\n<p class=\"image-with-legend__legend\">La pr\u00e9sidente mexicaine Claudia Sheinbaum lors d&rsquo;une conf\u00e9rence de presse \u00e0 Mexico, le 26 ao\u00fbt 2025<\/p>\n<p class=\"image-with-legend__credits\"> \u00a9  \/ afp.com\/Alfredo ESTRELLA<\/p>\n<p class=\"paragraph article-body-paragraph article__item   \">Menac\u00e9 de lourdes surtaxes douani\u00e8res, le Mexique coop\u00e8re notamment dans la gestion des flux migratoires, renfor\u00e7ant notamment la surveillance de ses zones frontali\u00e8res, porte d&rsquo;entr\u00e9e pour les migrants venant d&rsquo;Am\u00e9rique centrale en direction des \u00c9tats-Unis.<\/p>\n<p class=\"paragraph article-body-paragraph article__item   \">Le pays a accept\u00e9 l&rsquo;extradition de fugitifs recherch\u00e9s par la justice am\u00e9ricaine.<\/p>\n<p class=\"paragraph article-body-paragraph article__item   \">Deuxi\u00e8me \u00e9conomie d&rsquo;Am\u00e9rique latine apr\u00e8s le Br\u00e9sil, le Mexique pays a \u00e9galement pris des mesures pour r\u00e9duire les importations chinoises, r\u00e9duisant les possibilit\u00e9s d&rsquo;acc\u00e8s de celles-ci au march\u00e9 am\u00e9ricain.<\/p>\n<p class=\"paragraph article-body-paragraph article__item   \">Mais Claudia Sheinbaum a aussi engag\u00e9 des actions en justice contre les fabricants d&rsquo;armes am\u00e9ricains, responsables \u00e0 ses yeux de la violence sur le sol mexicain.<\/p>\n<p class=\"paragraph article-body-paragraph article__item    article__text__endpicto\">Le Mexique, qui dispose de contr\u00f4les plus stricts sur les armes, affirme qu&rsquo;entre 200.000 et 750.000 armes fabriqu\u00e9es aux \u00c9tats-Unis sont introduites en contrebande, dont beaucoup se retrouvent sur les nombreuses sc\u00e8nes de crimes au Mexique.<\/p>\n","protected":false},"excerpt":{"rendered":"La rencontre est pr\u00e9vue \u00e0 10H00 locales (16h00 GMT), avant une conf\u00e9rence de presse avec le ministre mexicain&hellip;\n","protected":false},"author":2,"featured_media":363676,"comment_status":"","ping_status":"","sticky":false,"template":"","format":"standard","meta":{"footnotes":""},"categories":[1589],"tags":[11,73,1866,74,12,1864,1865,1863,308],"class_list":{"0":"post-363675","1":"post","2":"type-post","3":"status-publish","4":"format-standard","5":"has-post-thumbnail","7":"category-etats-unis","8":"tag-actualites","9":"tag-etats-unis","10":"tag-etats-unis-damerique","11":"tag-monde","12":"tag-news","13":"tag-united-states","14":"tag-united-states-of-america","15":"tag-us","16":"tag-usa"},"share_on_mastodon":{"url":"https:\/\/pubeurope.com\/@fr\/115141368558356170","error":""},"_links":{"self":[{"href":"https:\/\/www.europesays.com\/fr\/wp-json\/wp\/v2\/posts\/363675","targetHints":{"allow":["GET"]}}],"collection":[{"href":"https:\/\/www.europesays.com\/fr\/wp-json\/wp\/v2\/posts"}],"about":[{"href":"https:\/\/www.europesays.com\/fr\/wp-json\/wp\/v2\/types\/post"}],"author":[{"embeddable":true,"href":"https:\/\/www.europesays.com\/fr\/wp-json\/wp\/v2\/users\/2"}],"replies":[{"embeddable":true,"href":"https:\/\/www.europesays.com\/fr\/wp-json\/wp\/v2\/comments?post=363675"}],"version-history":[{"count":0,"href":"https:\/\/www.europesays.com\/fr\/wp-json\/wp\/v2\/posts\/363675\/revisions"}],"wp:featuredmedia":[{"embeddable":true,"href":"https:\/\/www.europesays.com\/fr\/wp-json\/wp\/v2\/media\/363676"}],"wp:attachment":[{"href":"https:\/\/www.europesays.com\/fr\/wp-json\/wp\/v2\/media?parent=363675"}],"wp:term":[{"taxonomy":"category","embeddable":true,"href":"https:\/\/www.europesays.com\/fr\/wp-json\/wp\/v2\/categories?post=363675"},{"taxonomy":"post_tag","embeddable":true,"href":"https:\/\/www.europesays.com\/fr\/wp-json\/wp\/v2\/tags?post=363675"}],"curies":[{"name":"wp","href":"https:\/\/api.w.org\/{rel}","templated":true}]}}