{"id":363677,"date":"2025-09-03T16:43:10","date_gmt":"2025-09-03T16:43:10","guid":{"rendered":"https:\/\/www.europesays.com\/fr\/363677\/"},"modified":"2025-09-03T16:43:10","modified_gmt":"2025-09-03T16:43:10","slug":"larrestation-dun-createur-de-series-cree-une-polemique-sur-la-liberte-dexpression-au-royaume-uni","status":"publish","type":"post","link":"https:\/\/www.europesays.com\/fr\/363677\/","title":{"rendered":"L\u2019arrestation d\u2019un cr\u00e9ateur de s\u00e9ries cr\u00e9e une pol\u00e9mique sur la libert\u00e9 d\u2019expression au Royaume-Uni"},"content":{"rendered":"<p>\u00c7a ressemble \u00e0 un mauvais sc\u00e9nario\u00a0: l\u2019arrestation au <a href=\"https:\/\/www.20minutes.fr\/monde\/royaume-uni\/\" class=\"c-link c-link--is-underlined\" rel=\"nofollow noopener\" target=\"_blank\">Royaume-Uni<\/a> d\u2019un cr\u00e9ateur de <a href=\"https:\/\/www.20minutes.fr\/arts-stars\/serie\/\" class=\"c-link c-link--is-underlined\" rel=\"nofollow noopener\" target=\"_blank\">s\u00e9ries <\/a>ayant publi\u00e9 des messages <a href=\"https:\/\/www.20minutes.fr\/societe\/transphobie\/\" class=\"c-link c-link--is-underlined\" rel=\"nofollow noopener\" target=\"_blank\">contre les personnes transgenres<\/a> a raviv\u00e9 la pol\u00e9mique sur la libert\u00e9 d\u2019expression dans le pays, <a href=\"https:\/\/www.20minutes.fr\/monde\/keir-starmer\/\" class=\"c-link c-link--is-underlined\" rel=\"nofollow noopener\" target=\"_blank\">le Premier ministre<\/a> ayant appel\u00e9 la police, mercredi 3\u00a0septembre 2025, \u00e0 se concentrer sur \u00ab\u00a0les sujets les plus graves\u00a0\u00bb.<\/p>\n<\/p>\n<p>L\u2019Irlandais Graham Linehan, coauteur de la s\u00e9rie comique Father Ted qui a connu un grand succ\u00e8s dans les ann\u00e9es\u00a01990, a indiqu\u00e9 avoir \u00e9t\u00e9 arr\u00eat\u00e9 lundi 1er\u00a0septembre \u00e0 l\u2019a\u00e9roport d\u2019Heathrow par la police de <a href=\"https:\/\/www.20minutes.fr\/dossier\/londres\" class=\"c-link c-link--is-underlined\" rel=\"nofollow noopener\" target=\"_blank\">Londres<\/a>, alors qu\u2019il arrivait des <a href=\"https:\/\/www.20minutes.fr\/monde\/etats-unis\/\" class=\"c-link c-link--is-underlined\" rel=\"nofollow noopener\" target=\"_blank\">\u00c9tats-Unis<\/a>, pour des messages sur <a href=\"https:\/\/www.20minutes.fr\/high-tech\/twitter\/\" class=\"c-link c-link--is-underlined\" rel=\"nofollow noopener\" target=\"_blank\">X<\/a>.<\/p>\n<p>Appel \u00e0 frapper les femmes trans<\/p>\n<p>La police dit l\u2019avoir interpell\u00e9 pour \u00ab\u00a0incitation \u00e0 la violence\u00a0\u00bb\u00a0: dans un message publi\u00e9 en avril\u00a02025, Graham Linehan accusait en effet les <a href=\"https:\/\/www.20minutes.fr\/dossier\/transgenre\" class=\"c-link c-link--is-underlined\" rel=\"nofollow noopener\" target=\"_blank\">femmes trans<\/a> utilisant des espaces r\u00e9serv\u00e9s aux femmes de commettre \u00ab\u00a0un acte violent\u00a0\u00bb. Il avait aussi appel\u00e9 aussi \u00e0 les frapper dans l\u2019entrejambe.<\/p>\n<p>Lors de son arrestation \u00e0 Heathrow \u00ab\u00a0par cinq policiers arm\u00e9s\u00a0\u00bb, Graham Linehan affirme avoir \u00e9t\u00e9 trait\u00e9 comme un \u00ab\u00a0<a href=\"https:\/\/www.20minutes.fr\/dossier\/terroriste\" class=\"c-link c-link--is-underlined\" rel=\"nofollow noopener\" target=\"_blank\">terroriste\u00a0<\/a>\u00bb.<\/p>\n<p>D\u00e9bats toxiques et guerres culturelles<\/p>\n<p>\u00ab\u00a0Nous devons veiller \u00e0 ce que la police se concentre sur les probl\u00e8mes les plus graves, a dit au parlement le <a href=\"https:\/\/www.20minutes.fr\/dossier\/premier_ministre\" class=\"c-link c-link--is-underlined\" rel=\"nofollow noopener\" target=\"_blank\">Premier ministre<\/a> travailliste Keir Starmer, citant notamment les <a href=\"https:\/\/www.20minutes.fr\/dossier\/coup_de_couteau\" class=\"c-link c-link--is-underlined\" rel=\"nofollow noopener\" target=\"_blank\">agressions \u00e0 l\u2019arme blanche<\/a> et les <a href=\"https:\/\/www.20minutes.fr\/monde\/violences\/\" class=\"c-link c-link--is-underlined\" rel=\"nofollow noopener\" target=\"_blank\">violences<\/a>. Notre pays a une longue tradition de libert\u00e9 d\u2019expression. J\u2019en suis tr\u00e8s fier et je la d\u00e9fendrai toujours\u00a0\u00bb.<\/p>\n<p>Le chef de la <a href=\"https:\/\/www.20minutes.fr\/dossier\/police\" class=\"c-link c-link--is-underlined\" rel=\"nofollow noopener\" target=\"_blank\">police <\/a>de Londres, Mark Rowley, a r\u00e9agi en affirmant que ses agents \u00e9taient dans une \u00ab\u00a0position impossible\u00a0\u00bb et qu\u2019ils ne devraient pas \u00eatre en charge de \u00ab\u00a0contr\u00f4ler les d\u00e9bats toxiques sur les guerres culturelles\u00a0\u00bb. La loi devrait \u00eatre \u00ab\u00a0clarifi\u00e9e\u00a0\u00bb, selon lui.<\/p>\n<p>La question de la libert\u00e9 d\u2019expression<\/p>\n<p>Plus t\u00f4t mercredi, le <a href=\"https:\/\/www.20minutes.fr\/sante\/ministre-sante\/\" class=\"c-link c-link--is-underlined\" rel=\"nofollow noopener\" target=\"_blank\">ministre de la Sant\u00e9<\/a> Wes Streeting avait exprim\u00e9 son \u00ab\u00a0inqui\u00e9tude\u00a0\u00bb en lien avec les poursuites ayant lieu apr\u00e8s des \u00ab\u00a0propos tenus en ligne\u00a0\u00bb.<\/p>\n<p>Nigel Farage, <a href=\"https:\/\/www.20minutes.fr\/monde\/royaume-uni\/4099917-20240705-legislatives-royaume-uni-droite-dure-leader-nigel-farage-entrent-parlement\" class=\"c-link c-link--is-underlined\" rel=\"nofollow noopener\" target=\"_blank\">le chef du parti Reform UK (extr\u00eame droite)<\/a> qui doit intervenir mercredi lors d\u2019une audition au Congr\u00e8s am\u00e9ricain sur ce sujet (<a href=\"https:\/\/www.20minutes.fr\/arts-stars\/web\/liberte-expression\/\" class=\"c-link c-link--is-underlined\" rel=\"nofollow noopener\" target=\"_blank\">de la libert\u00e9 d\u2019expression<\/a>), compte \u00e9voquer le cas de Graham Linehan. \u00ab\u00a0La libert\u00e9 d\u2019expression est menac\u00e9e au Royaume-Uni\u00a0\u00bb, a-t-il affirm\u00e9 sur X.<\/p>\n<p>J.K. Rowling et Elon Musk en soutien<\/p>\n<p>Graham Linehan a re\u00e7u le soutien de <a href=\"https:\/\/www.20minutes.fr\/dossier\/j_k_rowling\" class=\"c-link c-link--is-underlined\" rel=\"nofollow noopener\" target=\"_blank\">J.K. Rowling<\/a>, l\u2019autrice d\u2019<a href=\"https:\/\/www.20minutes.fr\/dossier\/harry_potter\" class=\"c-link c-link--is-underlined\" rel=\"nofollow noopener\" target=\"_blank\">Harry Potter<\/a>, elle-m\u00eame <a href=\"https:\/\/www.20minutes.fr\/arts-stars\/people\/4170043-20250830-chris-columbus-trouve-tres-tristes-polemiques-entourent-k-rowling\" class=\"c-link c-link--is-underlined\" rel=\"nofollow noopener\" target=\"_blank\">r\u00e9guli\u00e8rement accus\u00e9e d\u2019\u00eatre transphobe<\/a>. \u00ab\u00a0C\u2019est du totalitarisme\u00a0\u00bb, s\u2019est-elle indign\u00e9e sur X. Pour le milliardaire am\u00e9ricain <a href=\"https:\/\/www.20minutes.fr\/dossier\/elon_musk\" class=\"c-link c-link--is-underlined\" rel=\"nofollow noopener\" target=\"_blank\">Elon Musk<\/a>, qui s\u2019en prend r\u00e9guli\u00e8rement au gouvernement travailliste britannique, le Royaume-Uni est \u00ab\u00a0un \u00c9tat policier\u00a0\u00bb.<\/p>\n<p><a href=\"https:\/\/www.20minutes.fr\/societe\/transphobie\/\" class=\"c-link c-btn c-btn--primary\" rel=\"nofollow noopener\" target=\"_blank\">Notre dossier \u00ab Transphobie \u00bb<\/a><\/p>\n<p>Ce sujet de la libert\u00e9 d\u2019expression est revenu \u00e0 plusieurs reprises ces derniers mois dans le d\u00e9bat public britannique, le plus souvent soulev\u00e9 par la <a href=\"https:\/\/www.20minutes.fr\/dossier\/droite\" class=\"c-link c-link--is-underlined\" rel=\"nofollow noopener\" target=\"_blank\">droite<\/a> et l\u2019<a href=\"https:\/\/www.20minutes.fr\/dossier\/extreme_droite\" class=\"c-link c-link--is-underlined\" rel=\"nofollow noopener\" target=\"_blank\">extr\u00eame droite<\/a>. Il est \u00e9galement \u00e9voqu\u00e9 en lien avec les <a href=\"https:\/\/www.20minutes.fr\/monde\/4167377-20250810-royaume-uni-466-manifestants-arretes-lors-rassemblement-soutien-groupe-palestine-action\" class=\"c-link c-link--is-underlined\" rel=\"nofollow noopener\" target=\"_blank\">arrestations de soutiens au groupe Palestine Action<\/a>, qui a \u00e9t\u00e9 class\u00e9 comme \u00ab\u00a0organisation terroriste\u00a0\u00bb par le gouvernement.<\/p>\n","protected":false},"excerpt":{"rendered":"\u00c7a ressemble \u00e0 un mauvais sc\u00e9nario\u00a0: l\u2019arrestation au Royaume-Uni d\u2019un cr\u00e9ateur de s\u00e9ries ayant publi\u00e9 des messages contre&hellip;\n","protected":false},"author":2,"featured_media":363678,"comment_status":"","ping_status":"","sticky":false,"template":"","format":"standard","meta":{"footnotes":""},"categories":[1588],"tags":[47,11,2441,46,73,1777,674,6610,10659,2581,474,4534,6971,12,1072,3363,473,1853,521,104,10657,12707,1851,1850,1852,133],"class_list":{"0":"post-363677","1":"post","2":"type-post","3":"status-publish","4":"format-standard","5":"has-post-thumbnail","7":"category-royaume-uni","8":"tag-actualite","9":"tag-actualites","10":"tag-arrestation","11":"tag-elon-musk","12":"tag-etats-unis","13":"tag-eu","14":"tag-europe","15":"tag-harry-potter","16":"tag-j-k-rowling","17":"tag-keir-starmer","18":"tag-liberte-dexpression","19":"tag-londres","20":"tag-ministre-de-la-sante","21":"tag-news","22":"tag-police","23":"tag-premier-ministre","24":"tag-royaume-uni","25":"tag-royaume-uni-de-grande-bretagne-et-dirlande-du-nord","26":"tag-serie","27":"tag-societe","28":"tag-transgenre","29":"tag-transphobie","30":"tag-uk","31":"tag-united-kingdom","32":"tag-united-kingdom-of-great-britain-and-northern-ireland","33":"tag-video"},"share_on_mastodon":{"url":"https:\/\/pubeurope.com\/@fr\/115141372080945481","error":""},"_links":{"self":[{"href":"https:\/\/www.europesays.com\/fr\/wp-json\/wp\/v2\/posts\/363677","targetHints":{"allow":["GET"]}}],"collection":[{"href":"https:\/\/www.europesays.com\/fr\/wp-json\/wp\/v2\/posts"}],"about":[{"href":"https:\/\/www.europesays.com\/fr\/wp-json\/wp\/v2\/types\/post"}],"author":[{"embeddable":true,"href":"https:\/\/www.europesays.com\/fr\/wp-json\/wp\/v2\/users\/2"}],"replies":[{"embeddable":true,"href":"https:\/\/www.europesays.com\/fr\/wp-json\/wp\/v2\/comments?post=363677"}],"version-history":[{"count":0,"href":"https:\/\/www.europesays.com\/fr\/wp-json\/wp\/v2\/posts\/363677\/revisions"}],"wp:featuredmedia":[{"embeddable":true,"href":"https:\/\/www.europesays.com\/fr\/wp-json\/wp\/v2\/media\/363678"}],"wp:attachment":[{"href":"https:\/\/www.europesays.com\/fr\/wp-json\/wp\/v2\/media?parent=363677"}],"wp:term":[{"taxonomy":"category","embeddable":true,"href":"https:\/\/www.europesays.com\/fr\/wp-json\/wp\/v2\/categories?post=363677"},{"taxonomy":"post_tag","embeddable":true,"href":"https:\/\/www.europesays.com\/fr\/wp-json\/wp\/v2\/tags?post=363677"}],"curies":[{"name":"wp","href":"https:\/\/api.w.org\/{rel}","templated":true}]}}