{"id":363679,"date":"2025-09-03T16:44:16","date_gmt":"2025-09-03T16:44:16","guid":{"rendered":"https:\/\/www.europesays.com\/fr\/363679\/"},"modified":"2025-09-03T16:44:16","modified_gmt":"2025-09-03T16:44:16","slug":"allemagne-match-du-5-septembre-a-1h45-demonstration-de-force","status":"publish","type":"post","link":"https:\/\/www.europesays.com\/fr\/363679\/","title":{"rendered":"Allemagne, match du 5 septembre \u00e0 1h45\u00a0: D\u00e9monstration de force"},"content":{"rendered":"<p><img decoding=\"async\" alt=\"Commentaires sur le match Slovaquie - Allemagne, 1h45, le 5 septembre : D\u00e9monstration de force - photo 1\" src=\"https:\/\/www.europesays.com\/fr\/wp-content\/uploads\/2025\/09\/8ddcc3f363074a968c13a325c2f234de.jpeg\" data-original=\"https:\/\/media.baovanhoa.vn\/uploaded\/ngoctrung\/2025_09_03\/slovakia_vs_duc_ykcf.jpg\"\/><\/p>\n<p> <strong style=\"color: #000000;\">Formulaire Slovaquie vs Allemagne<\/strong><\/p>\n<p> Le football allemand n&rsquo;a pas encore retrouv\u00e9 sa place d&rsquo;antan dans les grands tournois. Par exemple, lors de la derni\u00e8re \u00e9dition de la Ligue des Nations de l&rsquo;UEFA 2024\/25, la Mannschaft a r\u00e9alis\u00e9 une excellente performance en phase de groupes, laissant les Pays-Bas loin derri\u00e8re et prenant la t\u00eate du groupe A3.<\/p>\n<p> Mais en entrant dans la phase \u00e0 \u00e9limination directe, face \u00e0 des adversaires plus coriaces, l&rsquo;entra\u00eeneur Julian Nagelsmann et son \u00e9quipe ont commenc\u00e9 \u00e0 r\u00e9v\u00e9ler leur vrai visage.<\/p>\n<p> Apr\u00e8s une courte victoire 5-4 contre l&rsquo;Italie, l&rsquo;Allemagne s&rsquo;est inclin\u00e9e face au Portugal (1-2) et \u00e0 la France (0-2) en demi-finale et en match pour la troisi\u00e8me place, malgr\u00e9 l&rsquo;avantage de jouer \u00e0 domicile. Cette d\u00e9ception a valu \u00e0 l&rsquo;entra\u00eeneur Nagelsmann de vives critiques de la part des supporters.<\/p>\n<p> La F\u00e9d\u00e9ration allemande de football (DBF) a \u00e9galement envisag\u00e9 de changer de \u00ab\u00a0hot seat\u00a0\u00bb. Cependant, \u00e0 l&rsquo;approche des qualifications pour la Coupe du monde 2026, l&rsquo;entra\u00eeneur de 38 ans se voit encore offrir une nouvelle chance.<\/p>\n<p> Ce n&rsquo;est qu&rsquo;en aidant Die Mannschaft \u00e0 remporter un billet pour le plus grand festival de football de la plan\u00e8te et en jouant de mani\u00e8re impressionnante en Am\u00e9rique du Nord l&rsquo;\u00e9t\u00e9 prochain que le si\u00e8ge de Nagelsmann deviendra stable.<\/p>\n<p> Concr\u00e9tiser cet objectif ne sera pas chose ais\u00e9e. Lors de ses 16 derni\u00e8res apparitions, l&rsquo;Allemagne n&rsquo;a conserv\u00e9 sa cage inviol\u00e9e que cinq fois, encaissant en moyenne deux buts par match lors de ses quatre apparitions depuis le d\u00e9but de l&rsquo;ann\u00e9e. La d\u00e9fense est clairement le point le plus pr\u00e9occupant.<\/p>\n<p> Alors que Kimmich et Rudiger vieillissent et ont du mal \u00e0 maintenir leur forme optimale, les deux autres visages de la d\u00e9fense \u00e0 qui l&rsquo;entra\u00eeneur Nagelsmann confie souvent des positions de d\u00e9part, Jonathan Tah et David Raum, n&rsquo;ont pas encore r\u00e9ussi \u00e0 gagner la confiance des joueurs.<\/p>\n<p> Cependant, lors des qualifications, la situation pourrait \u00eatre plus simple pour la d\u00e9fense allemande. Apr\u00e8s tout, les adversaires restants du groupe A, comme la Slovaquie, l&rsquo;Irlande du Nord ou le Luxembourg, ont peu de chances de cr\u00e9er la surprise. <\/p>\n<p><img decoding=\"async\" alt=\"Commentaires sur le match Slovaquie - Allemagne, 1h45, le 5 septembre\u00a0: D\u00e9monstration de force - photo\u00a02\" src=\"https:\/\/www.europesays.com\/fr\/wp-content\/uploads\/2025\/09\/29370605175044cb9f503acc5f1521f5.jpeg\" data-original=\"https:\/\/media.baovanhoa.vn\/uploaded\/ngoctrung\/2025_09_03\/slovakia_vs_duc2_werm.jpg\"\/> Les performances de l\u2019Allemagne ces derniers temps n\u2019ont pas \u00e9t\u00e9 vraiment bonnes.<\/p>\n<p> L&rsquo;adversaire avec lequel l&rsquo;entra\u00eeneur Nagelsmann et son \u00e9quipe devront peut-\u00eatre se m\u00e9fier est la Slovaquie. Mais une fois qu&rsquo;elle aura abord\u00e9 le match avec la plus grande concentration, la premi\u00e8re place du groupe et le billet pour le plus grand festival de football de la plan\u00e8te seront difficiles \u00e0 arracher \u00e0 Kimmich et \u00e0 ses co\u00e9quipiers.<\/p>\n<p> Lors du match d&rsquo;ouverture, l&rsquo;Allemagne devra se d\u00e9placer en Slovaquie, ce qui est peut-\u00eatre la mission la plus difficile du groupe A.<\/p>\n<p> Mais lors de ses trois r\u00e9centes rencontres face \u00e0 l&rsquo;\u00e9quipe d&rsquo;Europe centrale en tournois officiels, la Mannschaft a tout remport\u00e9. Notamment, lors de son dernier d\u00e9placement \u00e0 Bratislava (\u00e9liminatoires de l&rsquo;Euro 2008), l&rsquo;\u00e9quipe, actuellement class\u00e9e 9e au classement FIFA, a remport\u00e9 une victoire \u00e9clatante 4-1.<\/p>\n<p> Avec leur forme et leur effectif actuels, il sera difficile pour la Slovaquie de changer son sc\u00e9nario habituel. Le s\u00e9lectionneur Francesco Calzona et son \u00e9quipe ont connu un d\u00e9but de saison plut\u00f4t difficile avant de se lancer dans la qu\u00eate d&rsquo;un billet pour la Coupe du monde 2026.<\/p>\n<p> Lors de ses deux derniers matchs amicaux, la Slovaquie s&rsquo;est inclin\u00e9e face \u00e0 la Gr\u00e8ce (1-4) et \u00e0 Isra\u00ebl (0-1). L&rsquo;exp\u00e9rience de Dubravka, Skriniar, Hancko, Duda\u2026 ne suffira probablement pas \u00e0 permettre \u00e0 l&rsquo;\u00e9quipe locale de cr\u00e9er la surprise.<\/p>\n<p> <strong>Informations sur l&rsquo;\u00e9quipe Slovaquie &#8211; Allemagne<\/strong><\/p>\n<p> Slovaquie\u00a0: Lukas Haraslin a d\u00e9clar\u00e9 forfait en raison d&rsquo;une blessure \u00e0 l&rsquo;aine. Denis Vavro, Samuel Kozlovsky et Dominik Javorcek n&rsquo;ont pas encore fait leur retour sur le terrain.<\/p>\n<p> Allemagne : Jamal Musiala, Kai Havertz, Marc-Andre ter Stegen, Nico Schlotterbeck, Niklas Sule, Benjamin Henrichs, Tim Kleindienst et Tom Bischof sont tous absents pour cause de blessure.<\/p>\n<p> <strong>Composition pr\u00e9vue Slovaquie &#8211; Allemagne<\/strong><\/p>\n<p> Slovaquie : Dubravka ; Pekarik, Skriniar, Gyomber, Hancko\u00a0; Duda, Lobotka, Bero ; Schranz, Bozenik, Duris<\/p>\n<p> Allemagne : Baumann ; Kimmich, Tah, Rudiger, Raum\u00a0; Goretzka, Stiller\u00a0; Adeyemi, Wirtz, Gnabry ; Woltemade<\/p>\n<p> <strong>Pr\u00e9diction : 1-3<\/strong> <\/p>\n<p class=\"mb-0\">Source : https:\/\/baovanhoa.vn\/the-thao\/nhan-dinh-tran-dau-slovakia-vs-duc-1h45-ngay-59-thi-uy-suc-manh-165852.html<\/p>\n","protected":false},"excerpt":{"rendered":"Formulaire Slovaquie vs Allemagne Le football allemand n&rsquo;a pas encore retrouv\u00e9 sa place d&rsquo;antan dans les grands tournois.&hellip;\n","protected":false},"author":2,"featured_media":363680,"comment_status":"","ping_status":"","sticky":false,"template":"","format":"standard","meta":{"footnotes":""},"categories":[1587],"tags":[11,672,1804,1805,1803,49846,1777,674,1801,12,1802,10845,32520],"class_list":{"0":"post-363679","1":"post","2":"type-post","3":"status-publish","4":"format-standard","5":"has-post-thumbnail","7":"category-allemagne","8":"tag-actualites","9":"tag-allemagne","10":"tag-bundesrepublik-deutschland","11":"tag-de","12":"tag-deutschland","13":"tag-eliminatoires-de-la-coupe-du-monde-2026","14":"tag-eu","15":"tag-europe","16":"tag-germany","17":"tag-news","18":"tag-republique-federale-dallemagne","19":"tag-slovaquie","20":"tag-vertu"},"share_on_mastodon":{"url":"https:\/\/pubeurope.com\/@fr\/115141376067381125","error":""},"_links":{"self":[{"href":"https:\/\/www.europesays.com\/fr\/wp-json\/wp\/v2\/posts\/363679","targetHints":{"allow":["GET"]}}],"collection":[{"href":"https:\/\/www.europesays.com\/fr\/wp-json\/wp\/v2\/posts"}],"about":[{"href":"https:\/\/www.europesays.com\/fr\/wp-json\/wp\/v2\/types\/post"}],"author":[{"embeddable":true,"href":"https:\/\/www.europesays.com\/fr\/wp-json\/wp\/v2\/users\/2"}],"replies":[{"embeddable":true,"href":"https:\/\/www.europesays.com\/fr\/wp-json\/wp\/v2\/comments?post=363679"}],"version-history":[{"count":0,"href":"https:\/\/www.europesays.com\/fr\/wp-json\/wp\/v2\/posts\/363679\/revisions"}],"wp:featuredmedia":[{"embeddable":true,"href":"https:\/\/www.europesays.com\/fr\/wp-json\/wp\/v2\/media\/363680"}],"wp:attachment":[{"href":"https:\/\/www.europesays.com\/fr\/wp-json\/wp\/v2\/media?parent=363679"}],"wp:term":[{"taxonomy":"category","embeddable":true,"href":"https:\/\/www.europesays.com\/fr\/wp-json\/wp\/v2\/categories?post=363679"},{"taxonomy":"post_tag","embeddable":true,"href":"https:\/\/www.europesays.com\/fr\/wp-json\/wp\/v2\/tags?post=363679"}],"curies":[{"name":"wp","href":"https:\/\/api.w.org\/{rel}","templated":true}]}}