{"id":363681,"date":"2025-09-03T16:45:12","date_gmt":"2025-09-03T16:45:12","guid":{"rendered":"https:\/\/www.europesays.com\/fr\/363681\/"},"modified":"2025-09-03T16:45:12","modified_gmt":"2025-09-03T16:45:12","slug":"a-pekin-ces-dirigeants-europeens-venus-louer-louverture-vers-lest","status":"publish","type":"post","link":"https:\/\/www.europesays.com\/fr\/363681\/","title":{"rendered":"\u00c0 P\u00e9kin, ces dirigeants europ\u00e9ens venus louer l\u2019\u00abouverture vers l\u2019est\u00bb"},"content":{"rendered":"<p>DECRYPTAGE &#8211; Le dictateur bi\u00e9lorusse Alexandre Loukachenko, le Serbe Aleksandar Vucic, le premier ministre slovaque, Robert Fico, et le ministre hongrois des Affaires \u00e9trang\u00e8res \u00e9taient parmi les invit\u00e9s de Xi Jinping.<\/p>\n<p class=\"fig-paragraph\">Dans l\u2019ombre de\u00a0<a href=\"http:\/\/www.lefigaro.fr\/mode-homme\/ce-que-veut-dire-le-costume-tres-symbolique-de-xi-jinping-20250903\" data-fig-type=\"Article\" data-gtm-custom-categorie=\"navigation\" data-gtm-custom-action=\"crossclick\" data-gtm-custom-label=\"Contextuel\" data-gtm-event=\"customEventSPE\" data-fig-domain=\"LEFIGARO\" rel=\"nofollow noopener\" target=\"_blank\">Xi Jinping<\/a>, de Vladimir Poutine, de Kim Jong-un et de repr\u00e9sentants d\u2019une vingtaine de pays, il y avait des Europ\u00e9ens sur la photo de famille prise lors de la d\u00e9monstration de force chinoise sur la place Tiananmen mercredi. Le dictateur bi\u00e9lorusse\u00a0<a href=\"http:\/\/www.lefigaro.fr\/international\/en-bielorussie-30-ans-d-alexandre-loukachenko-ou-la-dictature-sans-fin-de-l-allie-de-poutine-20240809\" data-fig-type=\"Article\" data-gtm-custom-categorie=\"navigation\" data-gtm-custom-action=\"crossclick\" data-gtm-custom-label=\"Contextuel\" data-gtm-event=\"customEventSPE\" data-fig-domain=\"LEFIGARO\" rel=\"nofollow noopener\" target=\"_blank\">Alexandre Loukachenko<\/a>, bien s\u00fbr, tr\u00e8s en vue en d\u00e9but de cort\u00e8ge, ou encore le pr\u00e9sident serbe, Aleksandar Vucic, plus discret malgr\u00e9 sa haute stature, qui r\u00e9p\u00e8te \u00e0 qui veut le croire que son objectif reste l\u2019adh\u00e9sion europ\u00e9enne de la Serbie. On pouvait aussi trouver une poign\u00e9e d\u2019anciens dirigeants socialistes, comme l\u2019apparatchik communiste roumain Adrian Nastase.<\/p>\n<p class=\"fig-paragraph\">Mais, parmi ceux que la Chine veut pr\u00e9senter au monde comme ses alli\u00e9s strat\u00e9giques en faveur d\u2019un ordre du monde alternatif sous son \u00e9gide, se trouvaient \u00e9galement deux \u00c9tats de l\u2019Union europ\u00e9enne et deux \u00c9tats de l\u2019Otan\u00a0: la Slovaquie, repr\u00e9sent\u00e9e par son premier ministre, Robert Fico, et la Hongrie, par son ministre des Affaires \u00e9trang\u00e8res, Peter Szijjarto. Soit\u2026<\/p>\n<p class=\"fig-premium-paywall__infos\">\n        Cet article est r\u00e9serv\u00e9 aux abonn\u00e9s.        Il vous reste 79% \u00e0 d\u00e9couvrir.\n    <\/p>\n<p>                <img  data- alt=\"Le Figaro\" class=\"fig-img--complete fig-img\"\/><\/p>\n<p class=\"fig-premium-paywall__title\">Vente Flash<\/p>\n<p class=\"fig-premium-paywall__subtitle\">4,99\u20ac par mois pendant 12 mois. Sans engagement<\/p>\n<p class=\"fig-premium-paywall__connect\">\n                D\u00e9j\u00e0 abonn\u00e9\u00a0?                <a class=\"fig-premium-paywall__connect-link\" href=\"https:\/\/connect.lefigaro.fr\/login?client=horizon_web&amp;type=main&amp;redirect_uri=https%3A%2F%2Fwww.lefigaro.fr%2Finternational%2Fa-pekin-ces-dirigeants-europeens-venus-louer-l-ouverture-vers-l-est-20250903\" data-js-gtm=\"{&quot;customCategorie&quot;: &quot;conversion&quot;, &quot;customAction&quot;: &quot;before_Landing_Connexion_paywall_auto&quot;, &quot;customLabel&quot;: &quot;bGVmaWdhcm8uZnJfXzFmMDg4ZDQ5LTBhNWYtNmY5OC05NmVmLTlmMTZkYTAyZGVhYl9fQXJ0aWNsZQ==_\u00c0 P\u00e9kin, ces dirigeants europ\u00e9ens venus louer l\u2019\u00abouverture vers l\u2019est\u00bb_368&quot;, &quot;customIDSPE&quot;: &quot;bGVmaWdhcm8uZnJfXzFmMDg4ZDQ5LTBhNWYtNmY5OC05NmVmLTlmMTZkYTAyZGVhYl9fQXJ0aWNsZQ==&quot;, &quot;event&quot;: &quot;customEventSPE&quot;}\" rel=\"nofollow noopener\" target=\"_blank\"><br \/>\n                    Connectez-vous<br \/>\n                <\/a>\n            <\/p>\n","protected":false},"excerpt":{"rendered":"DECRYPTAGE &#8211; Le dictateur bi\u00e9lorusse Alexandre Loukachenko, le Serbe Aleksandar Vucic, le premier ministre slovaque, Robert Fico, et&hellip;\n","protected":false},"author":2,"featured_media":363682,"comment_status":"","ping_status":"","sticky":false,"template":"","format":"standard","meta":{"footnotes":""},"categories":[1586],"tags":[11,44715,309,1777,674,1011,27,12,25,3329],"class_list":{"0":"post-363681","1":"post","2":"type-post","3":"status-publish","4":"format-standard","5":"has-post-thumbnail","7":"category-europe","8":"tag-actualites","9":"tag-alexandre-loukachenko","10":"tag-chine","11":"tag-eu","12":"tag-europe","13":"tag-fr","14":"tag-france","15":"tag-news","16":"tag-republique-francaise","17":"tag-serbie"},"share_on_mastodon":{"url":"https:\/\/pubeurope.com\/@fr\/115141379593891837","error":""},"_links":{"self":[{"href":"https:\/\/www.europesays.com\/fr\/wp-json\/wp\/v2\/posts\/363681","targetHints":{"allow":["GET"]}}],"collection":[{"href":"https:\/\/www.europesays.com\/fr\/wp-json\/wp\/v2\/posts"}],"about":[{"href":"https:\/\/www.europesays.com\/fr\/wp-json\/wp\/v2\/types\/post"}],"author":[{"embeddable":true,"href":"https:\/\/www.europesays.com\/fr\/wp-json\/wp\/v2\/users\/2"}],"replies":[{"embeddable":true,"href":"https:\/\/www.europesays.com\/fr\/wp-json\/wp\/v2\/comments?post=363681"}],"version-history":[{"count":0,"href":"https:\/\/www.europesays.com\/fr\/wp-json\/wp\/v2\/posts\/363681\/revisions"}],"wp:featuredmedia":[{"embeddable":true,"href":"https:\/\/www.europesays.com\/fr\/wp-json\/wp\/v2\/media\/363682"}],"wp:attachment":[{"href":"https:\/\/www.europesays.com\/fr\/wp-json\/wp\/v2\/media?parent=363681"}],"wp:term":[{"taxonomy":"category","embeddable":true,"href":"https:\/\/www.europesays.com\/fr\/wp-json\/wp\/v2\/categories?post=363681"},{"taxonomy":"post_tag","embeddable":true,"href":"https:\/\/www.europesays.com\/fr\/wp-json\/wp\/v2\/tags?post=363681"}],"curies":[{"name":"wp","href":"https:\/\/api.w.org\/{rel}","templated":true}]}}