{"id":363683,"date":"2025-09-03T16:46:10","date_gmt":"2025-09-03T16:46:10","guid":{"rendered":"https:\/\/www.europesays.com\/fr\/363683\/"},"modified":"2025-09-03T16:46:10","modified_gmt":"2025-09-03T16:46:10","slug":"lue-veut-doubler-son-soutien-aux-pays-et-territoires-doutre-mer-dont-le-groenland","status":"publish","type":"post","link":"https:\/\/www.europesays.com\/fr\/363683\/","title":{"rendered":"L&rsquo;UE veut doubler son soutien aux pays et territoires d&rsquo;Outre-mer, dont le Groenland"},"content":{"rendered":"<p class=\"fig-paragraph\">L&rsquo;Union europ\u00e9enne a annonc\u00e9 mercredi vouloir doubler ses financements \u00e0 destination de 13 pays et territoires d&rsquo;Outre-mer, dont le Groenland, au coeur de tensions g\u00e9opolitiques avec les Etats-Unis, dans son projet de\u00a0<a href=\"http:\/\/www.lefigaro.fr\/conjoncture\/l-union-europeenne-annonce-un-budget-en-forte-hausse-de-2000-milliards-d-euros-sur-sept-ans-20250716\" data-fig-type=\"NewsFlash\" data-gtm-custom-categorie=\"navigation\" data-gtm-custom-action=\"crossclick\" data-gtm-custom-label=\"Contextuel\" data-gtm-event=\"customEventSPE\" data-fig-domain=\"LEFIGARO\" target=\"_blank\" rel=\"noopener\">budget<\/a>\u00a0pour la p\u00e9riode 2028-2034.<\/p>\n<p class=\"fig-paragraph\">La plus grosse partie du projet de budget pluriannuel de l&rsquo;UE, qui s&rsquo;\u00e9l\u00e8ve au total \u00e0 2.000 milliards d&rsquo;euros sur la p\u00e9riode, avait \u00e9t\u00e9 pr\u00e9sent\u00e9e mi-juillet, dont les dispositifs majeurs que sont la Politique agricole commune (PAC), le renforcement militaire de l&rsquo;Europe ou l&rsquo;aide \u00e0 l&rsquo;Ukraine, mais aussi la cr\u00e9ation d&rsquo;un nouveau fonds d\u00e9di\u00e9 \u00e0 la comp\u00e9titivit\u00e9.<\/p>\n<p>                                    <a class=\"fig-a11y-skip a11y-hidden\" href=\"#fig-a11y-skip-main-inarticle\"><br \/>\n        Passer la publicit\u00e9<br \/>\n    <\/a><\/p>\n<p class=\"fig-paragraph\">En compl\u00e9ment des montants d\u00e9j\u00e0 d\u00e9taill\u00e9s cet \u00e9t\u00e9, la Commission europ\u00e9enne a approuv\u00e9 mercredi une s\u00e9rie de programmes de d\u00e9penses sectoriels qui n&rsquo;avaient pas encore \u00e9t\u00e9 chiffr\u00e9s, dans des domaines qui vont du march\u00e9 commun \u00e0 la lutte contre la contrefa\u00e7on des pi\u00e8ces et billets en euro. Cela inclut aussi une enveloppe d&rsquo;un milliard d&rsquo;euros destin\u00e9e aux 13 pays et territoires d&rsquo;Outre-mer (PTOM), soit le double du montant pr\u00e9vu par le budget actuel (2021-2027), \u00abreconnaissant leur r\u00f4le d&rsquo;avant-postes de l&rsquo;UE dans leurs r\u00e9gions respectives\u00bb, a pr\u00e9cis\u00e9 le commissaire europ\u00e9en Michael McGrath lors d&rsquo;une conf\u00e9rence de presse.<\/p>\n<p class=\"fig-paragraph\">Sur ce total, \u00ables financements pour le Groenland seul passeraient de 225 millions \u00e0 530 millions d&rsquo;euros\u00bb, a-t-il pr\u00e9cis\u00e9. Le Groenland est au coeur de tensions entre les Etats-Unis et l&rsquo;Europe depuis le retour au pouvoir de Donald Trump. Apr\u00e8s son \u00e9lection, le pr\u00e9sident am\u00e9ricain avait expliqu\u00e9 avoir \u00abbesoin\u00bb de ce territoire, notamment pour la s\u00e9curit\u00e9 des Etats-Unis, r\u00e9p\u00e9tant \u00e0 plusieurs reprises son souhait de s&rsquo;en emparer. Le Groenland, soutenu par sa puissance de tutelle, le Danemark, a r\u00e9torqu\u00e9 ne pas \u00eatre \u00e0 vendre et d\u00e9cider seul de son avenir.<\/p>\n<p class=\"fig-paragraph\">Territoires aux statuts vari\u00e9s, les PTOM sont tous li\u00e9s constitutionnellement \u00e0 des Etats membres, mais sans faire partie int\u00e9grante de l&rsquo;UE: Aruba, Bonaire, Cura\u00e7ao, Saba, Saint-Eustache et Sint-Maarten pour les Pays-Bas; la Polyn\u00e9sie fran\u00e7aise, les Terres australes et antarctiques fran\u00e7aises, la Nouvelle-Cal\u00e9donie, Saint-Barth\u00e9lemy, Saint-Pierre-et-Miquelon et Wallis-et-Futuna pour la France; le Groenland pour le Danemark. Ils b\u00e9n\u00e9ficient d&rsquo;un r\u00e9gime d&rsquo;association \u00e0 l&rsquo;UE. Ils repr\u00e9sentent une population d&rsquo;un million d&rsquo;habitants et une zone \u00e9conomique exclusive (ZEE) de 12 millions de km2.<\/p>\n<p class=\"fig-paragraph\">Les autres territoires et collectivit\u00e9s ultramarins fran\u00e7ais (Guadeloupe, Guyane, Martinique, la R\u00e9union, Mayotte et Saint-Martin) b\u00e9n\u00e9ficient eux du statut de \u00abr\u00e9gions ultrap\u00e9riph\u00e9riques\u00bb de l&rsquo;UE.<\/p>\n","protected":false},"excerpt":{"rendered":"L&rsquo;Union europ\u00e9enne a annonc\u00e9 mercredi vouloir doubler ses financements \u00e0 destination de 13 pays et territoires d&rsquo;Outre-mer, dont&hellip;\n","protected":false},"author":2,"featured_media":363684,"comment_status":"","ping_status":"","sticky":false,"template":"","format":"standard","meta":{"footnotes":""},"categories":[1586],"tags":[11,1003,1777,674,1779,1011,27,146,12,25,1778,364],"class_list":{"0":"post-363683","1":"post","2":"type-post","3":"status-publish","4":"format-standard","5":"has-post-thumbnail","7":"category-europe","8":"tag-actualites","9":"tag-budget","10":"tag-eu","11":"tag-europe","12":"tag-european-union","13":"tag-fr","14":"tag-france","15":"tag-groenland","16":"tag-news","17":"tag-republique-francaise","18":"tag-ue","19":"tag-union-europeenne"},"share_on_mastodon":{"url":"https:\/\/pubeurope.com\/@fr\/115141383577441102","error":""},"_links":{"self":[{"href":"https:\/\/www.europesays.com\/fr\/wp-json\/wp\/v2\/posts\/363683","targetHints":{"allow":["GET"]}}],"collection":[{"href":"https:\/\/www.europesays.com\/fr\/wp-json\/wp\/v2\/posts"}],"about":[{"href":"https:\/\/www.europesays.com\/fr\/wp-json\/wp\/v2\/types\/post"}],"author":[{"embeddable":true,"href":"https:\/\/www.europesays.com\/fr\/wp-json\/wp\/v2\/users\/2"}],"replies":[{"embeddable":true,"href":"https:\/\/www.europesays.com\/fr\/wp-json\/wp\/v2\/comments?post=363683"}],"version-history":[{"count":0,"href":"https:\/\/www.europesays.com\/fr\/wp-json\/wp\/v2\/posts\/363683\/revisions"}],"wp:featuredmedia":[{"embeddable":true,"href":"https:\/\/www.europesays.com\/fr\/wp-json\/wp\/v2\/media\/363684"}],"wp:attachment":[{"href":"https:\/\/www.europesays.com\/fr\/wp-json\/wp\/v2\/media?parent=363683"}],"wp:term":[{"taxonomy":"category","embeddable":true,"href":"https:\/\/www.europesays.com\/fr\/wp-json\/wp\/v2\/categories?post=363683"},{"taxonomy":"post_tag","embeddable":true,"href":"https:\/\/www.europesays.com\/fr\/wp-json\/wp\/v2\/tags?post=363683"}],"curies":[{"name":"wp","href":"https:\/\/api.w.org\/{rel}","templated":true}]}}