{"id":363689,"date":"2025-09-03T16:49:16","date_gmt":"2025-09-03T16:49:16","guid":{"rendered":"https:\/\/www.europesays.com\/fr\/363689\/"},"modified":"2025-09-03T16:49:16","modified_gmt":"2025-09-03T16:49:16","slug":"eliminatoires-du-mondial-2026-ou-se-jouera-ukraine-france-vendredi","status":"publish","type":"post","link":"https:\/\/www.europesays.com\/fr\/363689\/","title":{"rendered":"\u00c9liminatoires du Mondial 2026 : o\u00f9 se jouera Ukraine-France vendredi ?"},"content":{"rendered":"<ul class=\"jsx-862013697 ArticleChapo__List\">\n<li class=\"jsx-862013697 ArticleChapo__List_Item flex\">Les \u00e9liminatoires pour le Mondial 2026 d\u00e9butent.<\/li>\n<li class=\"jsx-862013697 ArticleChapo__List_Item flex\">L&rsquo;\u00e9quipe de France entame sa campagne vendredi par un d\u00e9placement en Ukraine.<\/li>\n<li class=\"jsx-862013697 ArticleChapo__List_Item flex\">Toutefois, pour des raisons \u00e9videntes, cette rencontre va \u00eatre d\u00e9localis\u00e9e.<\/li>\n<\/ul>\n<p data-module=\"article-paragraph\" class=\"jsx-3046738180 Paragraph Paragraph__End\">Les Bleus tout de suite dans le vif du sujet. Apr\u00e8s avoir h\u00e9rit\u00e9 d&rsquo;un tirage au sort cl\u00e9ment, l&rsquo;\u00e9quipe de France d\u00e9bute vendredi 5 septembre les \u00e9liminatoires pour la <a href=\"https:\/\/www.tf1info.fr\/sport\/qualifications-coupe-du-monde-2026-ces-nations-presentes-aux-etats-unis-mexique-et-canada-juin-juillet-2026-2361152.html\" target=\"_blank\" rel=\"noopener\">Coupe du monde 2026<\/a>. Et le hasard du calendrier a r\u00e9serv\u00e9 un premier match pi\u00e8ge aux joueurs de <a href=\"https:\/\/www.tf1info.fr\/sport\/video-formidable-pour-le-foot-francais-selectionneur-bleus-didier-deschamps-reagit-dans-telefoot-au-sacre-europeen-du-psg-paris-saint-germain-inter-milan-ligue-des-champions-2374278.html\" target=\"_blank\" rel=\"noopener\">Didier Deschamps<\/a>, encore plus \u00e0 cette p\u00e9riode de l&rsquo;ann\u00e9e o\u00f9 le s\u00e9lectionneur doit jongler avec l&rsquo;\u00e9tat physique h\u00e9t\u00e9roclite de ses troupes. Ils vont croiser le fer avec l&rsquo;Ukraine.\u00a0<\/p>\n<p data-module=\"article-paragraph\" class=\"jsx-3046738180 Paragraph Paragraph__End\">Si la Sbirna est cens\u00e9e accueillir cette premi\u00e8re manche (le match retour aura lieu dans l&rsquo;Hexagone le 13 novembre prochain), le match sera, dans les faits, d\u00e9localis\u00e9. Cette mesure, avec laquelle doivent composer les joueurs ukrainiens depuis de longues ann\u00e9es, s&rsquo;impose d&rsquo;elle-m\u00eame, eut \u00e9gard au <a href=\"https:\/\/www.tf1info.fr\/international\/en-direct-guerre-ukraine-russie-la-situation-aujourd-hui-entre-zelensky-et-poutine-trump-treve-cessez-le-feu-les-informations-du-mercredi-3-septembre-2025-2392323.html\" target=\"_blank\" rel=\"noopener\">conflit actuel entre Kiev et Moscou<\/a>. De ce fait, la rencontre (\u00e0 partir de 20h45, en direct sur TF1 et en streaming sur TF1+) est programm\u00e9e \u00e0 la Tarczynski Arena de Wroclaw, en Pologne. Cette enceinte compte un peu plus de 40.000 places et accueille habituellement les matchs du \u015al\u0105sk Wroclaw (D2 polonaise).\u00a0<\/p>\n<p><a href=\"https:\/\/www.tf1info.fr\/sport\/coupe-du-monde-2026-rabiot-et-un-novice-convoques-decouvrez-la-liste-des-bleus-pour-le-debut-des-eliminatoires-2391059.html\" rel=\"noopener\" class=\"jsx-3308031228 Link flex\" target=\"_blank\"><img decoding=\"async\" src=\"https:\/\/www.europesays.com\/fr\/wp-content\/uploads\/2025\/09\/rabiot-deschamps-mars-2025-021073-0@1x.jpeg\" alt=\"FRANCK FIFE \/ AFP\" loading=\"lazy\" importance=\"low\" fetchpriority=\"low\" class=\"\" aria-hidden=\"true\"\/><\/p>\n<p class=\"jsx-3657663356 ReadMoreArticle__Title\">Lire aussi<\/p>\n<p class=\"jsx-3657663356\">Coupe du monde 2026 : Rabiot et un novice convoqu\u00e9s, d\u00e9couvrez la liste des Bleus pour le d\u00e9but des \u00e9liminatoires<\/p>\n<p><\/a><\/p>\n<p data-module=\"article-paragraph\" class=\"jsx-3046738180 Paragraph Paragraph__End\">Pour rappel, en plus de l&rsquo;Ukraine, les Fran\u00e7ais doivent \u00e9galement affronter l&rsquo;Islande et l&rsquo;Azerba\u00efdjan dans le cadre de ces qualifications au prochain Mondial. L&rsquo;\u00e9quipe qui terminera en t\u00eate du groupe D validera son ticket pour la comp\u00e9tition qui se d\u00e9roulera aux \u00c9tats-Unis, au Canada et au Mexique, du 11 juin au 19 juillet 2026.\u00a0<\/p>\n<p>M.G<\/p>\n","protected":false},"excerpt":{"rendered":"Les \u00e9liminatoires pour le Mondial 2026 d\u00e9butent. L&rsquo;\u00e9quipe de France entame sa campagne vendredi par un d\u00e9placement en&hellip;\n","protected":false},"author":2,"featured_media":363690,"comment_status":"","ping_status":"","sticky":false,"template":"","format":"standard","meta":{"footnotes":""},"categories":[4],"tags":[1111,11,1921,49847,24277,20532,64,6713,63,1011,27,1922,12,2437,25,220,133,4712],"class_list":{"0":"post-363689","1":"post","2":"type-post","3":"status-publish","4":"format-standard","5":"has-post-thumbnail","7":"category-france","8":"tag-actu","9":"tag-actualites","10":"tag-article-video","11":"tag-coupe-du-monde-2026-de-football","12":"tag-coupe-du-monde-de-football","13":"tag-didier-deschamps","14":"tag-equipe-de-france","15":"tag-equipe-de-france-de-football","16":"tag-football","17":"tag-fr","18":"tag-france","19":"tag-info","20":"tag-news","21":"tag-pologne","22":"tag-republique-francaise","23":"tag-ukraine","24":"tag-video","25":"tag-video-sports"},"share_on_mastodon":{"url":"https:\/\/pubeurope.com\/@fr\/115141395392483297","error":""},"_links":{"self":[{"href":"https:\/\/www.europesays.com\/fr\/wp-json\/wp\/v2\/posts\/363689","targetHints":{"allow":["GET"]}}],"collection":[{"href":"https:\/\/www.europesays.com\/fr\/wp-json\/wp\/v2\/posts"}],"about":[{"href":"https:\/\/www.europesays.com\/fr\/wp-json\/wp\/v2\/types\/post"}],"author":[{"embeddable":true,"href":"https:\/\/www.europesays.com\/fr\/wp-json\/wp\/v2\/users\/2"}],"replies":[{"embeddable":true,"href":"https:\/\/www.europesays.com\/fr\/wp-json\/wp\/v2\/comments?post=363689"}],"version-history":[{"count":0,"href":"https:\/\/www.europesays.com\/fr\/wp-json\/wp\/v2\/posts\/363689\/revisions"}],"wp:featuredmedia":[{"embeddable":true,"href":"https:\/\/www.europesays.com\/fr\/wp-json\/wp\/v2\/media\/363690"}],"wp:attachment":[{"href":"https:\/\/www.europesays.com\/fr\/wp-json\/wp\/v2\/media?parent=363689"}],"wp:term":[{"taxonomy":"category","embeddable":true,"href":"https:\/\/www.europesays.com\/fr\/wp-json\/wp\/v2\/categories?post=363689"},{"taxonomy":"post_tag","embeddable":true,"href":"https:\/\/www.europesays.com\/fr\/wp-json\/wp\/v2\/tags?post=363689"}],"curies":[{"name":"wp","href":"https:\/\/api.w.org\/{rel}","templated":true}]}}