{"id":363695,"date":"2025-09-03T16:53:19","date_gmt":"2025-09-03T16:53:19","guid":{"rendered":"https:\/\/www.europesays.com\/fr\/363695\/"},"modified":"2025-09-03T16:53:19","modified_gmt":"2025-09-03T16:53:19","slug":"reboul-douma-la-paire-francaise-inattendue-a-new-york","status":"publish","type":"post","link":"https:\/\/www.europesays.com\/fr\/363695\/","title":{"rendered":"Reboul-Douma, la paire fran\u00e7aise inattendue \u00e0 New York"},"content":{"rendered":"<p>Les Toulousains Fabien Reboul et Sadio Douma vont vivre leur premier quart de finale en Grand Chelem.<\/p>\n<p class=\"fig-paragraph\">Apr\u00e8s des succ\u00e8s contre la paire compos\u00e9e du Su\u00e9dois Andre Goransson et du Sem N\u00e9erlandais Sem Verbeek, puis face au duo br\u00e9silien Rafael Matos et Marcelo Melo, au tandem allemand Jakob Schnaitter et Mark Wallner, les Fran\u00e7ais Sadio Doumbia et Fabien Reboul (t\u00eates de s\u00e9rie n\u00b015) vont, en quarts de finale de l\u2019US Open (le premier quart de finale de leur carri\u00e8re en Grand Chelem) \u00eatre oppos\u00e9s aux Am\u00e9ricains Robert Cash et JJ Tracy.<\/p>\n<p class=\"fig-paragraph\">Cette saison, les Fran\u00e7ais ont remport\u00e9 le titre \u00e0 Quimper, Gen\u00e8ve et Birmingham, ont \u00e9t\u00e9 finalistes \u00e0 Acapulco et Rome. Mais ils n\u2019avaient pas pu se distinguer en Grand Chelem (\u00e9liminations au 3e tour de l\u2019Open d\u2019Australie, au 2e tour \u00e0 Roland-Garros et \u00e0 Wimbledon).<\/p>\n<p>                                    <a class=\"fig-a11y-skip a11y-hidden\" href=\"#fig-a11y-skip-main-inarticle\"><br \/>\n        Passer la publicit\u00e9<br \/>\n    <\/a><\/p>\n<p class=\"fig-paragraph\">Sadio Doumbia (34 ans) et Fabien Reboul (29 ans), dixi\u00e8me paire mondiale \u00e0 la Race, veulent continuer \u00e0 surprendre. Et \u00e0 s\u2019amuser. Pour prolonger une histoire atypique loin des lumi\u00e8res des grands courts et des tournois prestigieux.<\/p>\n<p class=\"fig-paragraph\">Sadio Doumbia a confi\u00e9 \u00e0\u00a0<a href=\"https:\/\/www.lequipe.fr\/Tennis\/Actualites\/La-paire-reboul-doumbia-en-quarts-de-finale-de-l-us-open-pourquoi-pas-nous-un-jour\/1590021\" target=\"_blank\" rel=\"sponsored noopener nofollow\" data-gtm-custom-categorie=\"navigation\" data-gtm-custom-action=\"crossclick\" data-gtm-custom-label=\"Contextuel\" data-gtm-event=\"customEventSPE\">L\u2019\u00c9quipe<\/a>\u00a0: \u00ab \u00c7a va \u00eatre une bagarre, on va tous jouer notre vie pour aller en demies de l\u2019US Open. On a une chance. On va bien gagner un tournoi (du Grand Chelem) un jour, \u00e0 force de jouer. Quand tu participes, forc\u00e9ment tu gagnes un jour, non\u00a0? C\u2019est des math\u00e9matiques\u00a0: plus tu participes, plus tu as de chance de gagner. Pourquoi pas nous, un jour\u00a0?\u00a0\u00bb<\/p>\n<p class=\"fig-paragraph\">Sadio Doumbia est un sp\u00e9cialiste du circuit secondaire, comme il l\u2019a racont\u00e9 \u00e0\u00a0<a href=\"https:\/\/www.lequipe.fr\/Tennis\/Article\/Sadio-doumbia-un-ovni-sur-le-circuit-je-prefere-jouer-un-challenger-a-lima-que-roland-garros\/1590023\" target=\"_blank\" rel=\"sponsored noopener nofollow\" data-gtm-custom-categorie=\"navigation\" data-gtm-custom-action=\"crossclick\" data-gtm-custom-label=\"Contextuel\" data-gtm-event=\"customEventSPE\">L\u2019\u00c9quipe<\/a>\u00a0: \u00ab Il n\u2019y a pas d\u2019argent, mais au niveau de l\u2019exp\u00e9rience de vie&#8230; Avec Fabien, nos meilleurs souvenirs c\u2019est l\u2019Alg\u00e9rie, le Nigeria, l\u2019Inde. L\u00e0-bas, c\u2019est la d\u00e9brouille. Les Grands Chelems et les Masters 1000 c\u2019est sympa, mais c\u2019est beaucoup plus aseptis\u00e9.\u00a0\u00bb<\/p>\n","protected":false},"excerpt":{"rendered":"Les Toulousains Fabien Reboul et Sadio Douma vont vivre leur premier quart de finale en Grand Chelem. Apr\u00e8s&hellip;\n","protected":false},"author":2,"featured_media":363696,"comment_status":"","ping_status":"","sticky":false,"template":"","format":"standard","meta":{"footnotes":""},"categories":[1415],"tags":[47,4169,105,2199,1011,27,1114,35225,1960,1980,60,1467,4172,4170],"class_list":{"0":"post-363695","1":"post","2":"type-post","3":"status-publish","4":"format-standard","5":"has-post-thumbnail","7":"category-tennis","8":"tag-actualite","9":"tag-atp","10":"tag-djokovic","11":"tag-federer","12":"tag-fr","13":"tag-france","14":"tag-infos","15":"tag-murray","16":"tag-nadal","17":"tag-resultats","18":"tag-sports","19":"tag-tennis","20":"tag-us-open","21":"tag-wta"},"share_on_mastodon":{"url":"https:\/\/pubeurope.com\/@fr\/115141410975411602","error":""},"_links":{"self":[{"href":"https:\/\/www.europesays.com\/fr\/wp-json\/wp\/v2\/posts\/363695","targetHints":{"allow":["GET"]}}],"collection":[{"href":"https:\/\/www.europesays.com\/fr\/wp-json\/wp\/v2\/posts"}],"about":[{"href":"https:\/\/www.europesays.com\/fr\/wp-json\/wp\/v2\/types\/post"}],"author":[{"embeddable":true,"href":"https:\/\/www.europesays.com\/fr\/wp-json\/wp\/v2\/users\/2"}],"replies":[{"embeddable":true,"href":"https:\/\/www.europesays.com\/fr\/wp-json\/wp\/v2\/comments?post=363695"}],"version-history":[{"count":0,"href":"https:\/\/www.europesays.com\/fr\/wp-json\/wp\/v2\/posts\/363695\/revisions"}],"wp:featuredmedia":[{"embeddable":true,"href":"https:\/\/www.europesays.com\/fr\/wp-json\/wp\/v2\/media\/363696"}],"wp:attachment":[{"href":"https:\/\/www.europesays.com\/fr\/wp-json\/wp\/v2\/media?parent=363695"}],"wp:term":[{"taxonomy":"category","embeddable":true,"href":"https:\/\/www.europesays.com\/fr\/wp-json\/wp\/v2\/categories?post=363695"},{"taxonomy":"post_tag","embeddable":true,"href":"https:\/\/www.europesays.com\/fr\/wp-json\/wp\/v2\/tags?post=363695"}],"curies":[{"name":"wp","href":"https:\/\/api.w.org\/{rel}","templated":true}]}}